{"id":663941,"date":"2026-01-14T22:33:34","date_gmt":"2026-01-14T22:33:34","guid":{"rendered":"https:\/\/www.europesays.com\/fr\/663941\/"},"modified":"2026-01-14T22:33:34","modified_gmt":"2026-01-14T22:33:34","slug":"le-hockeyeur-iserois-alexandre-texier-prolonge-de-deux-saisons-avec-les-canadiens-de-montreal","status":"publish","type":"post","link":"https:\/\/www.europesays.com\/fr\/663941\/","title":{"rendered":"Le hockeyeur is\u00e9rois Alexandre Texier prolonge de deux saisons avec les Canadiens de Montr\u00e9al"},"content":{"rendered":"<p>Le hockeyeur form\u00e9 \u00e0 Grenoble, Alexandre Texier, a prolong\u00e9 son contrat de deux ans avec les Canadiens de Montr\u00e9al, annonce la franchise ce mercredi soir. L&rsquo;ancien joueur des Br\u00fbleurs de Loups r\u00e9alise un d\u00e9but de saison canon avec son premier tripl\u00e9 en NHL, le championnat le plus prestigieux.<\/p>\n<p>Une excellente nouvelle pour Alexandre Texier. Le hockeyeur form\u00e9 aux Br\u00fbleurs de Loups de Grenoble a <strong>prolong\u00e9 son contrat de deux ans avec les Canadiens de Montr\u00e9al<\/strong>, annonce la franchise ce mercredi soir. Il est d\u00e9sormais li\u00e9 jusqu&rsquo;en 2028 avec la franchise qu\u00e9becoise, l&rsquo;une des plus prestigieuses de la NHL, le championnat nord-am\u00e9ricain de hockey sur glace. Le natif de Saint-Martin-d&rsquo;H\u00e8res (Is\u00e8re) obtient \u00e9galement une augmentation avec un salaire de 2,5 millions d&rsquo;euros. Une belle r\u00e9compense apr\u00e8s le tr\u00e8s bon d\u00e9but de saison d&rsquo;Alexandre Texier\u00a0: il cumule 16 points en 25 matchs avec les Canadiens et a marqu\u00e9 son premier tripl\u00e9 en NHL le 8 janvier dernier face aux Florida Panthers, tenant du titre de la Coupe Stanley.<\/p>\n<p>L&rsquo;Is\u00e9rois fait \u00e9galement partie de l&rsquo;\u00e9quipe de France qualifi\u00e9e pour les\u00a0<a target=\"_blank\" rel=\"nofollow noopener noreferrer\" class=\"IciLink ici-link IciArticleLink g-ici-body-regular-1 underline brand svelte-1chfe2s\" href=\"https:\/\/www.hockeyfrance.com\/a-la-une\/2026\/01\/texier-complete-la-liste\/\">JO 2026<\/a>\u00a0de Milan-Cortina d&rsquo;Ampezzo. Les Bleus affronteront en poule trois des favoris de la comp\u00e9tition\u00a0: la Suisse, la R\u00e9publique Tch\u00e8que et le Canada.<\/p>\n","protected":false},"excerpt":{"rendered":"Le hockeyeur form\u00e9 \u00e0 Grenoble, Alexandre Texier, a prolong\u00e9 son contrat de deux ans avec les Canadiens de&hellip;\n","protected":false},"author":2,"featured_media":663942,"comment_status":"","ping_status":"","sticky":false,"template":"","format":"standard","meta":{"footnotes":""},"categories":[9566],"tags":[1111,11,2430,1777,674,1011,27,2731,12,25],"class_list":{"0":"post-663941","1":"post","2":"type-post","3":"status-publish","4":"format-standard","5":"has-post-thumbnail","7":"category-grenoble","8":"tag-actu","9":"tag-actualites","10":"tag-auvergne-rhone-alpes","11":"tag-eu","12":"tag-europe","13":"tag-fr","14":"tag-france","15":"tag-grenoble","16":"tag-news","17":"tag-republique-francaise"},"share_on_mastodon":{"url":"https:\/\/pubeurope.com\/@fr\/115895835160274362","error":""},"_links":{"self":[{"href":"https:\/\/www.europesays.com\/fr\/wp-json\/wp\/v2\/posts\/663941","targetHints":{"allow":["GET"]}}],"collection":[{"href":"https:\/\/www.europesays.com\/fr\/wp-json\/wp\/v2\/posts"}],"about":[{"href":"https:\/\/www.europesays.com\/fr\/wp-json\/wp\/v2\/types\/post"}],"author":[{"embeddable":true,"href":"https:\/\/www.europesays.com\/fr\/wp-json\/wp\/v2\/users\/2"}],"replies":[{"embeddable":true,"href":"https:\/\/www.europesays.com\/fr\/wp-json\/wp\/v2\/comments?post=663941"}],"version-history":[{"count":0,"href":"https:\/\/www.europesays.com\/fr\/wp-json\/wp\/v2\/posts\/663941\/revisions"}],"wp:featuredmedia":[{"embeddable":true,"href":"https:\/\/www.europesays.com\/fr\/wp-json\/wp\/v2\/media\/663942"}],"wp:attachment":[{"href":"https:\/\/www.europesays.com\/fr\/wp-json\/wp\/v2\/media?parent=663941"}],"wp:term":[{"taxonomy":"category","embeddable":true,"href":"https:\/\/www.europesays.com\/fr\/wp-json\/wp\/v2\/categories?post=663941"},{"taxonomy":"post_tag","embeddable":true,"href":"https:\/\/www.europesays.com\/fr\/wp-json\/wp\/v2\/tags?post=663941"}],"curies":[{"name":"wp","href":"https:\/\/api.w.org\/{rel}","templated":true}]}}