{"id":663943,"date":"2026-01-14T22:35:22","date_gmt":"2026-01-14T22:35:22","guid":{"rendered":"https:\/\/www.europesays.com\/fr\/663943\/"},"modified":"2026-01-14T22:35:22","modified_gmt":"2026-01-14T22:35:22","slug":"l1-j21-rc-lens-rennes-le-samedi-le-programme-complet","status":"publish","type":"post","link":"https:\/\/www.europesays.com\/fr\/663943\/","title":{"rendered":"[L1-J21] RC Lens-Rennes le samedi, le programme complet"},"content":{"rendered":"<p>La LFP a publi\u00e9 le programme de la 21e journ\u00e9e de Ligue 1. <strong>Le RC Lens recevra Rennes le samedi 7 f\u00e9vrier \u00e0 17h<\/strong>, <a href=\"https:\/\/www.lensois.com\/cdf-8e-la-programmation-de-troyes-rc-lens-est-fixee\/\" target=\"_blank\" rel=\"noopener\">donc trois jours apr\u00e8s son d\u00e9placement \u00e0 Troyes en 8e de finale de la Coupe de France.<\/a><\/p>\n<p>La rencontre sera diffus\u00e9e sur beIN Sports qui proposera donc les deux matchs du RC Lens lors de cette semaine. Retrouvez le programme complet ci-dessous.<\/p>\n<p>Le programme de la 21e journ\u00e9e de Ligue 1 :<\/p>\n<p><strong>Vendredi 6 f\u00e9vrier 2026 \u00e0 20h45 sur Ligue 1+ :<\/strong><br \/>Metz-Lille<\/p>\n<p><strong>Samedi 7 f\u00e9vrier 2026 \u00e0 17h sur beIN Sports 1 :<\/strong><br \/>RC Lens-Rennes<\/p>\n<p><strong>Samedi 7 f\u00e9vrier 2026 \u00e0 19h sur Ligue 1+ :<\/strong><br \/>Brest-Lorient<\/p>\n<p><strong>Samedi 7 f\u00e9vrier 2026 \u00e0 21h05 sur Ligue 1+ :<\/strong><br \/>Nantes-Lyon<\/p>\n<p><strong>Dimanche 8 f\u00e9vrier 2026 \u00e0 15h sur Ligue 1+ :<\/strong><br \/>Nice-Monaco<\/p>\n<p><strong>Dimanche 8 f\u00e9vrier 2026 \u00e0 17h15 sur Ligue 1+ :<\/strong><br \/>Le Havre-Strasbourg<br \/>Auxerre-Paris FC<br \/>Angers-Toulouse<\/p>\n<p><strong>Dimanche 8 f\u00e9vrier 2026 \u00e0 20h45 sur Ligue 1+ :<\/strong><br \/>PSG-Marseille<\/p>\n","protected":false},"excerpt":{"rendered":"La LFP a publi\u00e9 le programme de la 21e journ\u00e9e de Ligue 1. Le RC Lens recevra Rennes&hellip;\n","protected":false},"author":2,"featured_media":663944,"comment_status":"","ping_status":"","sticky":false,"template":"","format":"standard","meta":{"footnotes":""},"categories":[2821],"tags":[1111,11,829,1777,674,1011,27,12,584,25],"class_list":{"0":"post-663943","1":"post","2":"type-post","3":"status-publish","4":"format-standard","5":"has-post-thumbnail","7":"category-rennes","8":"tag-actu","9":"tag-actualites","10":"tag-bretagne","11":"tag-eu","12":"tag-europe","13":"tag-fr","14":"tag-france","15":"tag-news","16":"tag-rennes","17":"tag-republique-francaise"},"share_on_mastodon":{"url":"https:\/\/pubeurope.com\/@fr\/115895844126618250","error":""},"_links":{"self":[{"href":"https:\/\/www.europesays.com\/fr\/wp-json\/wp\/v2\/posts\/663943","targetHints":{"allow":["GET"]}}],"collection":[{"href":"https:\/\/www.europesays.com\/fr\/wp-json\/wp\/v2\/posts"}],"about":[{"href":"https:\/\/www.europesays.com\/fr\/wp-json\/wp\/v2\/types\/post"}],"author":[{"embeddable":true,"href":"https:\/\/www.europesays.com\/fr\/wp-json\/wp\/v2\/users\/2"}],"replies":[{"embeddable":true,"href":"https:\/\/www.europesays.com\/fr\/wp-json\/wp\/v2\/comments?post=663943"}],"version-history":[{"count":0,"href":"https:\/\/www.europesays.com\/fr\/wp-json\/wp\/v2\/posts\/663943\/revisions"}],"wp:featuredmedia":[{"embeddable":true,"href":"https:\/\/www.europesays.com\/fr\/wp-json\/wp\/v2\/media\/663944"}],"wp:attachment":[{"href":"https:\/\/www.europesays.com\/fr\/wp-json\/wp\/v2\/media?parent=663943"}],"wp:term":[{"taxonomy":"category","embeddable":true,"href":"https:\/\/www.europesays.com\/fr\/wp-json\/wp\/v2\/categories?post=663943"},{"taxonomy":"post_tag","embeddable":true,"href":"https:\/\/www.europesays.com\/fr\/wp-json\/wp\/v2\/tags?post=663943"}],"curies":[{"name":"wp","href":"https:\/\/api.w.org\/{rel}","templated":true}]}}