{"id":663947,"date":"2026-01-14T22:37:12","date_gmt":"2026-01-14T22:37:12","guid":{"rendered":"https:\/\/www.europesays.com\/fr\/663947\/"},"modified":"2026-01-14T22:37:12","modified_gmt":"2026-01-14T22:37:12","slug":"ligue-1-eduard-sobol-quitte-le-racing-club-de-strasbourg","status":"publish","type":"post","link":"https:\/\/www.europesays.com\/fr\/663947\/","title":{"rendered":"Ligue 1. Eduard Sobol quitte le Racing Club de Strasbourg"},"content":{"rendered":"<p>Il ne reste plus qu&rsquo;un joueur de l&rsquo;\u00e8re pr\u00e8s BlueCo dans l&rsquo;effectif du Racing, <a href=\"https:\/\/www.dna.fr\/p\/ismael-doukoure\" target=\"_blank\" rel=\"noopener\">Isma\u00ebl Doukour\u00e9<\/a>, <a href=\"https:\/\/www.dna.fr\/sport\/2025\/12\/04\/il-a-dispute-contre-brest-son-centieme-match-avec-le-racing-aux-bons-souvenirs-d-ismael-doukoure\" target=\"_blank\" rel=\"noopener\">qui a port\u00e9 le brassard de capitaine<\/a> lors des trois derniers matches du club. Le d\u00e9fenseur, arriv\u00e9 en janvier 2022, a d&rsquo;ailleurs prolong\u00e9 cet \u00e9t\u00e9 son bail jusqu&rsquo;en juin 2028.<\/p>\n<p>  Une entr\u00e9e en fin de match \u00e0 Brondby<\/p>\n<p>Le natif de Vilnyansk, international A \u00e0 son arriv\u00e9e \u00e0 Strasbourg, n&rsquo;a jamais r\u00e9ussi \u00e0 s&rsquo;imposer sur les bords du Krimmeri.<\/p>\n<p>En trois ans, il a disput\u00e9 32 matches officiels avec le Racing, qui l&rsquo;avait pr\u00eat\u00e9 six mois en janvier 2024 \u00e0 Genk. Cette saison, il n&rsquo;a pas disput\u00e9 la moindre minute en Ligue 1 ou en coupe et n&rsquo;est entr\u00e9 en jeu qu&rsquo;en toute fin <a href=\"https:\/\/www.dna.fr\/sport\/2025\/08\/28\/le-racing-va-kiffer-l-europe\" target=\"_blank\" rel=\"noopener\">du barrage retour de Ligue Conf\u00e9rence \u00e0 Brondby<\/a>.<\/p>\n<p>Il devrait signer \u00e0 Jablonec en R\u00e9publique tch\u00e8que.<\/p>\n","protected":false},"excerpt":{"rendered":"Il ne reste plus qu&rsquo;un joueur de l&rsquo;\u00e8re pr\u00e8s BlueCo dans l&rsquo;effectif du Racing, Isma\u00ebl Doukour\u00e9, qui a&hellip;\n","protected":false},"author":2,"featured_media":663948,"comment_status":"","ping_status":"","sticky":false,"template":"","format":"standard","meta":{"footnotes":""},"categories":[2820],"tags":[1111,11,1777,674,107,63,1011,27,775,12,41281,25,517,640],"class_list":{"0":"post-663947","1":"post","2":"type-post","3":"status-publish","4":"format-standard","5":"has-post-thumbnail","7":"category-strasbourg","8":"tag-actu","9":"tag-actualites","10":"tag-eu","11":"tag-europe","12":"tag-fil-info","13":"tag-football","14":"tag-fr","15":"tag-france","16":"tag-grand-est","17":"tag-news","18":"tag-racing-club-strasbourg-masculin","19":"tag-republique-francaise","20":"tag-sport","21":"tag-strasbourg"},"share_on_mastodon":{"url":"","error":""},"_links":{"self":[{"href":"https:\/\/www.europesays.com\/fr\/wp-json\/wp\/v2\/posts\/663947","targetHints":{"allow":["GET"]}}],"collection":[{"href":"https:\/\/www.europesays.com\/fr\/wp-json\/wp\/v2\/posts"}],"about":[{"href":"https:\/\/www.europesays.com\/fr\/wp-json\/wp\/v2\/types\/post"}],"author":[{"embeddable":true,"href":"https:\/\/www.europesays.com\/fr\/wp-json\/wp\/v2\/users\/2"}],"replies":[{"embeddable":true,"href":"https:\/\/www.europesays.com\/fr\/wp-json\/wp\/v2\/comments?post=663947"}],"version-history":[{"count":0,"href":"https:\/\/www.europesays.com\/fr\/wp-json\/wp\/v2\/posts\/663947\/revisions"}],"wp:featuredmedia":[{"embeddable":true,"href":"https:\/\/www.europesays.com\/fr\/wp-json\/wp\/v2\/media\/663948"}],"wp:attachment":[{"href":"https:\/\/www.europesays.com\/fr\/wp-json\/wp\/v2\/media?parent=663947"}],"wp:term":[{"taxonomy":"category","embeddable":true,"href":"https:\/\/www.europesays.com\/fr\/wp-json\/wp\/v2\/categories?post=663947"},{"taxonomy":"post_tag","embeddable":true,"href":"https:\/\/www.europesays.com\/fr\/wp-json\/wp\/v2\/tags?post=663947"}],"curies":[{"name":"wp","href":"https:\/\/api.w.org\/{rel}","templated":true}]}}