{"id":663960,"date":"2026-01-14T22:44:10","date_gmt":"2026-01-14T22:44:10","guid":{"rendered":"https:\/\/www.europesays.com\/fr\/663960\/"},"modified":"2026-01-14T22:44:10","modified_gmt":"2026-01-14T22:44:10","slug":"toulouse-un-homme-grievement-blesse-apres-une-chute-dun-pont-sur-le-peripherique","status":"publish","type":"post","link":"https:\/\/www.europesays.com\/fr\/663960\/","title":{"rendered":"Toulouse. Un homme gri\u00e8vement bless\u00e9 apr\u00e8s une chute d&rsquo;un pont sur le p\u00e9riph\u00e9rique"},"content":{"rendered":"<p>                    Par<br \/>\n        <strong><br \/>\n            <a href=\"https:\/\/actu.fr\/auteur\/lucie-2\" title=\"Consulter tous les articles de Lucie Fraisse\" target=\"_blank\" rel=\"noopener\">Lucie Fraisse<\/a><br \/>\n                    <\/strong><\/p>\n<p>        Publi\u00e9 le<\/p>\n<p>            14 janv. 2026 \u00e0 19h08        <\/p>\n<p>Un homme d\u2019une trentaine d\u2019ann\u00e9es a \u00e9t\u00e9 gri\u00e8vement bless\u00e9 apr\u00e8s avoir chut\u00e9 d\u2019un pont enjambant le p\u00e9riph\u00e9rique de<a href=\"https:\/\/actu.fr\/toulouse\/dernieres-actus\" target=\"_blank\" rel=\"noopener\"> Toulouse<\/a>, ce mardi 14\u00a0janvier 2026, en d\u00e9but de matin\u00e9e.<\/p>\n<p>Sur le p\u00e9riph\u00e9rique int\u00e9rieur<\/p>\n<p class=\" wall-content\">Les faits se sont d\u00e9roul\u00e9s peu avant 9\u00a0heures, sur le p\u00e9riph\u00e9rique int\u00e9rieur au niveau d\u2019un pont situ\u00e9 entre les \u00e9changeurs <strong>de Langlade et La Faourette<\/strong>.<\/p>\n<p>Transport\u00e9 vers l\u2019h\u00f4pital en urgence absolue<\/p>\n<p class=\" wall-content\">L\u2019homme est victime de nombreuses blessures et a \u00e9t\u00e9 transport\u00e9 en urgence absolue vers l\u2019h\u00f4pital Purpan par une \u00e9quipe du Samu.<\/p>\n<p class=\" wall-content\">Personnalisez votre actualit\u00e9 en ajoutant vos villes et m\u00e9dias en favori avec <a href=\"https:\/\/moncompte.actu.fr\" title=\"D\u00e9couvez Mon Actu\" rel=\"nofollow noopener\" data-trk=\"{&quot;cta&quot;:{&quot;action&quot;:&quot;https:\\\/\\\/moncompte.actu.fr&quot;,&quot;category&quot;:&quot;mon compte&quot;,&quot;from&quot;:&quot;article footer&quot;,&quot;name&quot;:&quot;Mon actu&quot;,&quot;type&quot;:&quot;cta&quot;}}\" target=\"_blank\">Mon Actu<\/a>.<\/p>\n","protected":false},"excerpt":{"rendered":"Par Lucie Fraisse Publi\u00e9 le 14 janv. 2026 \u00e0 19h08 Un homme d\u2019une trentaine d\u2019ann\u00e9es a \u00e9t\u00e9 gri\u00e8vement&hellip;\n","protected":false},"author":2,"featured_media":617761,"comment_status":"","ping_status":"","sticky":false,"template":"","format":"standard","meta":{"footnotes":""},"categories":[2816],"tags":[1111,11,1777,674,1011,27,12,2680,1311,25,104,2312],"class_list":{"0":"post-663960","1":"post","2":"type-post","3":"status-publish","4":"format-standard","5":"has-post-thumbnail","7":"category-toulouse","8":"tag-actu","9":"tag-actualites","10":"tag-eu","11":"tag-europe","12":"tag-fr","13":"tag-france","14":"tag-news","15":"tag-occitanie","16":"tag-pompiers","17":"tag-republique-francaise","18":"tag-societe","19":"tag-toulouse"},"share_on_mastodon":{"url":"https:\/\/pubeurope.com\/@fr\/115895878573822111","error":""},"_links":{"self":[{"href":"https:\/\/www.europesays.com\/fr\/wp-json\/wp\/v2\/posts\/663960","targetHints":{"allow":["GET"]}}],"collection":[{"href":"https:\/\/www.europesays.com\/fr\/wp-json\/wp\/v2\/posts"}],"about":[{"href":"https:\/\/www.europesays.com\/fr\/wp-json\/wp\/v2\/types\/post"}],"author":[{"embeddable":true,"href":"https:\/\/www.europesays.com\/fr\/wp-json\/wp\/v2\/users\/2"}],"replies":[{"embeddable":true,"href":"https:\/\/www.europesays.com\/fr\/wp-json\/wp\/v2\/comments?post=663960"}],"version-history":[{"count":0,"href":"https:\/\/www.europesays.com\/fr\/wp-json\/wp\/v2\/posts\/663960\/revisions"}],"wp:featuredmedia":[{"embeddable":true,"href":"https:\/\/www.europesays.com\/fr\/wp-json\/wp\/v2\/media\/617761"}],"wp:attachment":[{"href":"https:\/\/www.europesays.com\/fr\/wp-json\/wp\/v2\/media?parent=663960"}],"wp:term":[{"taxonomy":"category","embeddable":true,"href":"https:\/\/www.europesays.com\/fr\/wp-json\/wp\/v2\/categories?post=663960"},{"taxonomy":"post_tag","embeddable":true,"href":"https:\/\/www.europesays.com\/fr\/wp-json\/wp\/v2\/tags?post=663960"}],"curies":[{"name":"wp","href":"https:\/\/api.w.org\/{rel}","templated":true}]}}