{"id":663961,"date":"2026-01-14T22:45:15","date_gmt":"2026-01-14T22:45:15","guid":{"rendered":"https:\/\/www.europesays.com\/fr\/663961\/"},"modified":"2026-01-14T22:45:15","modified_gmt":"2026-01-14T22:45:15","slug":"programmation-j21-angers-sco-toulouse-fc","status":"publish","type":"post","link":"https:\/\/www.europesays.com\/fr\/663961\/","title":{"rendered":"Programmation J21 : Angers SCO &#8211; Toulouse FC"},"content":{"rendered":"\n<p class=\"has-text-align-center\"><strong><strong>La programmation de la 21\u00e8me Ligue 1 McDonald\u2018s<\/strong> a \u00e9t\u00e9 d\u00e9voil\u00e9e !<\/strong><\/p>\n<p><a href=\"https:\/\/angers-sco.fr\/wp-content\/uploads\/2026\/01\/dsc05656.jpg\" target=\"_blank\" rel=\"noopener\"><img fetchpriority=\"high\" decoding=\"async\" width=\"1024\" height=\"683\" src=\"https:\/\/www.europesays.com\/fr\/wp-content\/uploads\/2026\/01\/dsc05656-1024x683.jpg\" alt=\"Stade Raymond-Kopa\" class=\"wp-image-54730\"  \/><\/a><\/p>\n<p>Le Toulouse FC nous rendra visite le <strong><strong>dimanche 8 f\u00e9vrier<\/strong>, \u00e0 <strong>17h15<\/strong> au Stade Raymond-Kopa,<\/strong> pour la 21\u00e8me journ\u00e9e de Ligue 1 McDonald\u2019s.<\/p>\n<p>Partager<\/p>\n<p>\t\t\t\t\t\t<a class=\"mr-3 fb\" href=\"https:\/\/www.facebook.com\/sharer\/sharer.php?u=https:\/\/angers-sco.fr\/programmation-j21-angers-sco-toulouse-fc\/\" target=\"_blank\" rel=\"noopener noreferrer\"><\/p>\n<p>\t\t\t\t\t\t<\/a><br \/>\n\t\t\t\t\t\t<a class=\"mr-3 twitter\" href=\"https:\/\/twitter.com\/intent\/tweet?url=https:\/\/angers-sco.fr\/programmation-j21-angers-sco-toulouse-fc\/&amp;text=\" target=\"_blank\" rel=\"noopener noreferrer\"><\/p>\n<p>\t\t\t\t\t\t<\/a><br \/>\n\t\t\t\t\t\t<a class=\"mr-3 linkedin\" href=\"https:\/\/www.linkedin.com\/shareArticle?mini=true&amp;url=https:\/\/angers-sco.fr\/programmation-j21-angers-sco-toulouse-fc\/\" target=\"_blank\" rel=\"noopener noreferrer\"><\/p>\n<p>\t\t\t\t\t\t<\/a><\/p>\n<p>\t\t\t<script async src=\"https:\/\/platform.twitter.com\/widgets.js\" charset=\"utf-8\"><\/script><\/p>\n","protected":false},"excerpt":{"rendered":"La programmation de la 21\u00e8me Ligue 1 McDonald\u2018s a \u00e9t\u00e9 d\u00e9voil\u00e9e ! Le Toulouse FC nous rendra visite&hellip;\n","protected":false},"author":2,"featured_media":663962,"comment_status":"","ping_status":"","sticky":false,"template":"","format":"standard","meta":{"footnotes":""},"categories":[2816],"tags":[1111,11,1777,674,1011,27,12,2680,25,2312],"class_list":{"0":"post-663961","1":"post","2":"type-post","3":"status-publish","4":"format-standard","5":"has-post-thumbnail","7":"category-toulouse","8":"tag-actu","9":"tag-actualites","10":"tag-eu","11":"tag-europe","12":"tag-fr","13":"tag-france","14":"tag-news","15":"tag-occitanie","16":"tag-republique-francaise","17":"tag-toulouse"},"share_on_mastodon":{"url":"https:\/\/pubeurope.com\/@fr\/115895882428877653","error":""},"_links":{"self":[{"href":"https:\/\/www.europesays.com\/fr\/wp-json\/wp\/v2\/posts\/663961","targetHints":{"allow":["GET"]}}],"collection":[{"href":"https:\/\/www.europesays.com\/fr\/wp-json\/wp\/v2\/posts"}],"about":[{"href":"https:\/\/www.europesays.com\/fr\/wp-json\/wp\/v2\/types\/post"}],"author":[{"embeddable":true,"href":"https:\/\/www.europesays.com\/fr\/wp-json\/wp\/v2\/users\/2"}],"replies":[{"embeddable":true,"href":"https:\/\/www.europesays.com\/fr\/wp-json\/wp\/v2\/comments?post=663961"}],"version-history":[{"count":0,"href":"https:\/\/www.europesays.com\/fr\/wp-json\/wp\/v2\/posts\/663961\/revisions"}],"wp:featuredmedia":[{"embeddable":true,"href":"https:\/\/www.europesays.com\/fr\/wp-json\/wp\/v2\/media\/663962"}],"wp:attachment":[{"href":"https:\/\/www.europesays.com\/fr\/wp-json\/wp\/v2\/media?parent=663961"}],"wp:term":[{"taxonomy":"category","embeddable":true,"href":"https:\/\/www.europesays.com\/fr\/wp-json\/wp\/v2\/categories?post=663961"},{"taxonomy":"post_tag","embeddable":true,"href":"https:\/\/www.europesays.com\/fr\/wp-json\/wp\/v2\/tags?post=663961"}],"curies":[{"name":"wp","href":"https:\/\/api.w.org\/{rel}","templated":true}]}}