{"id":663963,"date":"2026-01-14T22:47:11","date_gmt":"2026-01-14T22:47:11","guid":{"rendered":"https:\/\/www.europesays.com\/fr\/663963\/"},"modified":"2026-01-14T22:47:11","modified_gmt":"2026-01-14T22:47:11","slug":"ligue-1-le-president-de-lille-olivier-letang-suspendu-jusquau-31-mars-apres-ses-propos-sur-larbitrage","status":"publish","type":"post","link":"https:\/\/www.europesays.com\/fr\/663963\/","title":{"rendered":"Ligue\u00a01\u00a0: le pr\u00e9sident de Lille Olivier L\u00e9tang suspendu jusqu\u2019au 31\u00a0mars apr\u00e8s ses propos sur l\u2019arbitrage"},"content":{"rendered":"<p class=\"paragraph text_align_left lp-f-body-02\">Le pr\u00e9sident de Lille Olivier L\u00e9tang a \u00e9t\u00e9 suspendu jusqu\u2019au 31\u00a0mars pour son comportement vis-\u00e0-vis de l\u2019arbitre du match <a href=\"https:\/\/www.leparisien.fr\/sports\/football\/ligue-1\/cest-un-scandale-je-nen-reviens-pas-olivier-letang-sen-prend-encore-a-larbitrage-lors-de-lille-rennes-03-01-2026-CL2FYKW2GRALJJHWDMARS36OFI.php\" target=\"_blank\" rel=\"noreferrer noopener\">contre Rennes<\/a> du 3\u00a0janvier, a annonc\u00e9 mercredi la Ligue de football professionnel. La suspension est \u00ab\u00a0ferme avant, pendant et apr\u00e8s le match d\u2019acc\u00e8s au banc de touche, aux vestiaires des officiels et de toutes fonctions officielles\u00a0\u00bb, a pr\u00e9cis\u00e9 la commission de discipline dans un communiqu\u00e9.<\/p>\n<p class=\"\">La sanction prend effet le 20\u00a0janvier, le dirigeant n\u2019est pas suspendu pour le d\u00e9placement du Losc au Parc des Princes contre le <a href=\"https:\/\/www.leparisien.fr\/sports\/football\/psg\/\" target=\"_blank\" rel=\"noreferrer noopener\">Paris Saint-Germain<\/a> vendredi.<\/p>\n<p class=\"\">Lors de la d\u00e9faite \u00e0 domicile contre les Bretons en match de la 17e journ\u00e9e de <a href=\"https:\/\/www.leparisien.fr\/sports\/football\/ligue-1\/\" target=\"_blank\" rel=\"noreferrer noopener\">Ligue\u00a01<\/a>, le dirigeant avait s\u00e8chement interpell\u00e9 l\u2019arbitre \u00c9ric Wattellier \u00e0 la mi-temps, furieux de l\u2019exclusion d\u00e8s la 13e minute du d\u00e9fenseur br\u00e9silien Alexsandro pour une faute sur un joueur qui filait au but.<\/p>\n<p>Bruno Genesio \u00e9galement sanctionn\u00e9<\/p>\n<p class=\"\">\u00ab\u00a0Vous savez ce que vous avez fait\u00a0\u00bb, avait lanc\u00e9 Olivier L\u00e9tang \u00e0 \u00c9ric Wattellier, l\u2019arbitre de la rencontre, r\u00e9p\u00e9tant la phrase trois fois. Avant de poursuivre\u00a0: \u00ab\u00a0C\u2019est une honte\u00a0! C\u2019est un scandale\u00a0! Je n\u2019en reviens pas\u00a0! Vous n\u2019\u00eates m\u00eame pas capable de parler calmement\u00a0!\u00a0\u00bb<\/p>\n<p class=\"\">Son entra\u00eeneur Bruno Genesio a \u00e9galement \u00e9t\u00e9 suspendu un match et un match avec sursis pour son comportement ce soir-l\u00e0, a ajout\u00e9 la commission de discipline. Le technicien avait notamment refus\u00e9 de participer aux activit\u00e9s m\u00e9dias post-match.<\/p>\n<p class=\"\">\u00c0 la mi-temps, le Lyonnais avait d\u00fb \u00eatre retenu par plusieurs joueurs alors qu\u2019il s\u2019avan\u00e7ait vers l\u2019homme au sifflet. Genesio avait d\u00e9j\u00e0 fortement critiqu\u00e9 l\u2019arbitrage du m\u00eame Wattellier apr\u00e8s le derby perdu \u00e0 Lens (3-0) plus t\u00f4t dans la saison.<\/p>\n<p>Olivier L\u00e9tang d\u00e9j\u00e0 \u00e9pingl\u00e9 cette saison<\/p>\n<p class=\"\"><a href=\"https:\/\/www.leparisien.fr\/sports\/football\/ligue-1\/lille-lyon-0-1-tous-les-week-ends-il-y-a-des-problemes-olivier-letang-fustige-larbitrage-28-09-2025-WQUKQC75OVEC3IAPRGTECL6KVI.php\" target=\"_blank\" rel=\"noreferrer noopener\">R\u00e9cidiviste<\/a>, le pr\u00e9sident du Losc avait d\u00e9j\u00e0 \u00e9cop\u00e9 en octobre d\u2019un match de suspension plus deux avec sursis pour ses critiques. \u00ab\u00a0Tous les week-ends on a des probl\u00e8mes avec l\u2019arbitrage\u00a0\u00bb, avait-il dit apr\u00e8s d\u00e9j\u00e0 une d\u00e9faite \u00e0 domicile contre Lyon (1-0) le 28\u00a0septembre.<\/p>\n<p class=\"\">\u00c9galement pr\u00e9sident du coll\u00e8ge de Ligue\u00a01, L\u00e9tang a \u00e9t\u00e9 <a href=\"https:\/\/www.leparisien.fr\/sports\/football\/football-procedure-disciplinaire-ouverte-contre-olivier-letang-president-de-lille-apres-sa-colere-contre-les-arbitres-en-ligue-europa-29-10-2025-3ZX7BEK76NDZJPLWWTA7OAFCAI.php\" target=\"_blank\" rel=\"noreferrer noopener\">sanctionn\u00e9 cette saison par l\u2019UEFA<\/a> pour des critiques contre l\u2019arbitre du match perdu contre le PAOK Salonique (4-3) au stade Pierre Mauroy. Pour un p\u00e9nalty non siffl\u00e9 en faveur de son \u00e9quipe, il s\u2019\u00e9tait plaint en anglais aupr\u00e8s de l\u2019arbitre mont\u00e9n\u00e9grin Nikola Dabanovic \u00e0 la mi-temps.<\/p>\n<p class=\"\">\u00ab\u00a0J\u2019ai d\u00e9j\u00e0 \u00e9crit \u00e0 M. Ceferin (le pr\u00e9sident de l\u2019UEFA), ce qui s\u2019est pass\u00e9 ce soir est incroyable\u00a0\u00bb, avait lanc\u00e9 le dirigeant dans le couloir, des propos capt\u00e9s par les cam\u00e9ras du diffuseur Canal +.<\/p>\n","protected":false},"excerpt":{"rendered":"Le pr\u00e9sident de Lille Olivier L\u00e9tang a \u00e9t\u00e9 suspendu jusqu\u2019au 31\u00a0mars pour son comportement vis-\u00e0-vis de l\u2019arbitre du&hellip;\n","protected":false},"author":2,"featured_media":663964,"comment_status":"","ping_status":"","sticky":false,"template":"","format":"standard","meta":{"footnotes":""},"categories":[2815],"tags":[1111,11,1777,674,63,1011,27,811,66,1307,12,25,60],"class_list":{"0":"post-663963","1":"post","2":"type-post","3":"status-publish","4":"format-standard","5":"has-post-thumbnail","7":"category-lille","8":"tag-actu","9":"tag-actualites","10":"tag-eu","11":"tag-europe","12":"tag-football","13":"tag-fr","14":"tag-france","15":"tag-hauts-de-france","16":"tag-ligue-1","17":"tag-lille","18":"tag-news","19":"tag-republique-francaise","20":"tag-sports"},"share_on_mastodon":{"url":"https:\/\/pubeurope.com\/@fr\/115895890347749825","error":""},"_links":{"self":[{"href":"https:\/\/www.europesays.com\/fr\/wp-json\/wp\/v2\/posts\/663963","targetHints":{"allow":["GET"]}}],"collection":[{"href":"https:\/\/www.europesays.com\/fr\/wp-json\/wp\/v2\/posts"}],"about":[{"href":"https:\/\/www.europesays.com\/fr\/wp-json\/wp\/v2\/types\/post"}],"author":[{"embeddable":true,"href":"https:\/\/www.europesays.com\/fr\/wp-json\/wp\/v2\/users\/2"}],"replies":[{"embeddable":true,"href":"https:\/\/www.europesays.com\/fr\/wp-json\/wp\/v2\/comments?post=663963"}],"version-history":[{"count":0,"href":"https:\/\/www.europesays.com\/fr\/wp-json\/wp\/v2\/posts\/663963\/revisions"}],"wp:featuredmedia":[{"embeddable":true,"href":"https:\/\/www.europesays.com\/fr\/wp-json\/wp\/v2\/media\/663964"}],"wp:attachment":[{"href":"https:\/\/www.europesays.com\/fr\/wp-json\/wp\/v2\/media?parent=663963"}],"wp:term":[{"taxonomy":"category","embeddable":true,"href":"https:\/\/www.europesays.com\/fr\/wp-json\/wp\/v2\/categories?post=663963"},{"taxonomy":"post_tag","embeddable":true,"href":"https:\/\/www.europesays.com\/fr\/wp-json\/wp\/v2\/tags?post=663963"}],"curies":[{"name":"wp","href":"https:\/\/api.w.org\/{rel}","templated":true}]}}