{"id":663965,"date":"2026-01-14T22:48:11","date_gmt":"2026-01-14T22:48:11","guid":{"rendered":"https:\/\/www.europesays.com\/fr\/663965\/"},"modified":"2026-01-14T22:48:11","modified_gmt":"2026-01-14T22:48:11","slug":"ils-ont-tire-dans-le-tas-a-laveugle-et-tue-nimporte-qui","status":"publish","type":"post","link":"https:\/\/www.europesays.com\/fr\/663965\/","title":{"rendered":"Ils ont tir\u00e9 dans le tas, \u00e0 l&rsquo;aveugle, et tu\u00e9 n&rsquo;importe qui"},"content":{"rendered":"<p>\u00ab\u00a0C\u2019est un miracle qu\u2019il n\u2019y ait pas eu plus de morts\u00a0\u00bb, souffle un policier \u00e0 la suite de<a href=\"https:\/\/www.laprovence.com\/article\/faits-divers-justice\/14111572213218\/un-homme-abattu-par-un-commando-au-nom-de-la-dz-mafia-dans-le-centre-ville-de-marseille\" target=\"_blank\" rel=\"noopener\"> la fusillade survenue dans le centre-ville<\/a> de Marseille, le soir du 4\u00a0janvier dernier. Ce premier dimanche soir de\u00a02026, un homme a n\u00e9anmoins \u00e9t\u00e9 tu\u00e9 alors qu\u2019il se trouvait \u00e0 pied, rue des Petites-Maries, dans le quartier de Belsunce (1er).<\/p>\n<p>Ce soir-l\u00e0, vers 21h30, trois hommes masqu\u00e9s \u00e0 bord d\u2019une Peugeot noire ont ouvert le feu avec au moins un fusil de gros calibre (potentiellement une arme de grande chasse), sur un groupe de personnes qui se trouvaient au niveau de la rue Longue des Capucin, poursuivant certaines d\u2019entre elles qui prenaient la fuite dans les ruelles adjacentes, en tirant \u00e0 une dizaine de reprises.<\/p>\n<p>Selon des t\u00e9moins de la sc\u00e8ne, qui n\u2019ont pas pu \u00eatre retrouv\u00e9s par la suite, les assaillants auraient cri\u00e9 qu\u2019ils agissaient au nom de la DZ Mafia, avant de quitter les lieux avec leur v\u00e9hicule, laissant derri\u00e8re eux un homme atteint de plusieurs balles au niveau du thorax.<\/p>\n<p>D\u2019apr\u00e8s les relev\u00e9s effectu\u00e9s sur la sc\u00e8ne de crime, o\u00f9 des traces de sang n\u2019appartenant par \u00e0 la victime ont \u00e9t\u00e9 retrouv\u00e9es, au moins une autre personne a \u00e9galement \u00e9t\u00e9 bless\u00e9e, mais elle n\u2019a pas pu \u00eatre identi&#8230;<\/p>\n","protected":false},"excerpt":{"rendered":"\u00ab\u00a0C\u2019est un miracle qu\u2019il n\u2019y ait pas eu plus de morts\u00a0\u00bb, souffle un policier \u00e0 la suite de&hellip;\n","protected":false},"author":2,"featured_media":663966,"comment_status":"","ping_status":"","sticky":false,"template":"","format":"standard","meta":{"footnotes":""},"categories":[2814],"tags":[5734,1111,11,17039,1446,1777,674,274,1011,27,3832,6085,884,12,2537,882,25,19455],"class_list":{"0":"post-663965","1":"post","2":"type-post","3":"status-publish","4":"format-standard","5":"has-post-thumbnail","7":"category-marseille","8":"tag-5734","9":"tag-actu","10":"tag-actualites","11":"tag-belsunce","12":"tag-dans","13":"tag-eu","14":"tag-europe","15":"tag-faits-divers-justice","16":"tag-fr","17":"tag-france","18":"tag-fusillade","19":"tag-ils","20":"tag-marseille","21":"tag-news","22":"tag-ont","23":"tag-provence-alpes-cote-dazur","24":"tag-republique-francaise","25":"tag-tire"},"share_on_mastodon":{"url":"https:\/\/pubeurope.com\/@fr\/115895894360926797","error":""},"_links":{"self":[{"href":"https:\/\/www.europesays.com\/fr\/wp-json\/wp\/v2\/posts\/663965","targetHints":{"allow":["GET"]}}],"collection":[{"href":"https:\/\/www.europesays.com\/fr\/wp-json\/wp\/v2\/posts"}],"about":[{"href":"https:\/\/www.europesays.com\/fr\/wp-json\/wp\/v2\/types\/post"}],"author":[{"embeddable":true,"href":"https:\/\/www.europesays.com\/fr\/wp-json\/wp\/v2\/users\/2"}],"replies":[{"embeddable":true,"href":"https:\/\/www.europesays.com\/fr\/wp-json\/wp\/v2\/comments?post=663965"}],"version-history":[{"count":0,"href":"https:\/\/www.europesays.com\/fr\/wp-json\/wp\/v2\/posts\/663965\/revisions"}],"wp:featuredmedia":[{"embeddable":true,"href":"https:\/\/www.europesays.com\/fr\/wp-json\/wp\/v2\/media\/663966"}],"wp:attachment":[{"href":"https:\/\/www.europesays.com\/fr\/wp-json\/wp\/v2\/media?parent=663965"}],"wp:term":[{"taxonomy":"category","embeddable":true,"href":"https:\/\/www.europesays.com\/fr\/wp-json\/wp\/v2\/categories?post=663965"},{"taxonomy":"post_tag","embeddable":true,"href":"https:\/\/www.europesays.com\/fr\/wp-json\/wp\/v2\/tags?post=663965"}],"curies":[{"name":"wp","href":"https:\/\/api.w.org\/{rel}","templated":true}]}}