{"id":663971,"date":"2026-01-14T22:51:16","date_gmt":"2026-01-14T22:51:16","guid":{"rendered":"https:\/\/www.europesays.com\/fr\/663971\/"},"modified":"2026-01-14T22:51:16","modified_gmt":"2026-01-14T22:51:16","slug":"metropole-de-lyon-la-ville-de-saint-priest-loue-t-elle-une-maison-a-prix-dami-a-un-ancien-directeur-de-cabinet-le-maire-se-defend","status":"publish","type":"post","link":"https:\/\/www.europesays.com\/fr\/663971\/","title":{"rendered":"M\u00e9tropole de Lyon. La Ville de Saint-Priest loue-t-elle une maison \u00ab\u00a0\u00e0 prix d\u2019ami\u00a0\u00bb \u00e0 un ancien directeur de cabinet\u00a0? Le maire se d\u00e9fend"},"content":{"rendered":"<p>Le Progr\u00e8s l\u2019a annonc\u00e9 il y a d\u00e9j\u00e0 plusieurs ann\u00e9es. En 2023, la municipalit\u00e9 de Saint-Priest a achet\u00e9 pour un peu plus d\u2019un million d\u2019euros deux maisons mitoyennes de l\u2019avenue Jean-Jaur\u00e8s. Et ce, pour \u00e9viter que ces deux biens de 200\u00a0m\u00b2 agr\u00e9ment\u00e9s de terrains de 500\u00a0m\u00b2, ne tombent entre les mains de promoteurs.<\/p>\n<p>Le sujet avait \u00e9t\u00e9 abord\u00e9 en conseil municipal. Il \u00e9tait question d\u2019int\u00e9grer ces m\u00e8tres carr\u00e9s \u00e0 la r\u00e9habilitation de l\u2019\u00e9cole Jean-Jaur\u00e8s situ\u00e9e \u00e0 proximit\u00e9 et de cr\u00e9er un parking. Pas de quoi convaincre l\u2019\u00e9lu d\u2019opposition Gilles Grandval (Place publique). Mais, \u00e0 l\u2019\u00e9poque, le maire Gilles Gascon (LR) restait prudent en assurant qu\u2019aucun projet n\u2019\u00e9tait arr\u00eat\u00e9.<\/p>\n<p>L\u2019ann\u00e9e suivante, le sujet faisait son retour au conseil municipal. La Ville annon\u00e7ait que l\u2019une des maisons \u00e9tait mise \u00e0 disposition de la compagnie K\u00e4fig, en r\u00e9sidence au Th\u00e9\u00e2tre Th\u00e9o-d\u2019Argence. L\u2019autre \u00e9tait lou\u00e9e par l\u2019ancien directeur de cabinet Guillaume De Cock. \u00c0 \u00ab\u00a0un prix tr\u00e8s raisonnable\u00a0\u00bb, insistait l\u2019opposition. Ce \u00e0 quoi le maire r\u00e9pondait\u00a0: \u00ab\u00a0Une agence a fix\u00e9 le loyer \u00e0 950\u00a0euros, nous l\u2019avons augment\u00e9 \u00e0 980\u00a0euros.\u00a0\u00bb Gilles Gascon affirmait \u00e9galement qu\u2019un projet ne serait pas \u00e9tudi\u00e9 avant 2027.<\/p>\n<p>  \u00ab\u00a0Gilles Gascon sembler r\u00e9server les loyers \u201cencadr\u00e9s\u201d \u00e0 ses proches\u00a0\u00bb<\/p>\n<p>D\u2019apr\u00e8s <a href=\"https:\/\/www.mediacites.fr\/enquete\/lyon\/2026\/01\/13\/a-saint-priest-la-ville-loue-a-lex-collaborateur-du-maire-une-maison-a-prix-dami-depuis-plus-dun-an\/\" target=\"_blank\" rel=\"noopener\">nos confr\u00e8res de  M\u00e9diacit\u00e9s<\/a> , ce loyer de 980\u00a0euros par mois hors charges est \u00ab\u00a0bien en de\u00e7\u00e0 du loyer m\u00e9dian observ\u00e9 dans la commune\u00a0\u00bb. Loyer m\u00e9dian qui, selon <a href=\"https:\/\/www.observatoires-des-loyers.org\/connaitre-les-loyers\/carte-des-niveaux-de-loyers\/agglomeration-de-lyon\/saint-priest-69290\" target=\"_blank\" rel=\"noopener\">L\u2019Observatoire des loyers<\/a> , se situe aux alentours de 11\u00a0euros le m\u00b2. <\/p>\n<p>Mercredi 14\u00a0janvier, le vice-pr\u00e9sident de la M\u00e9tropole de Lyon <a href=\"https:\/\/www.leprogres.fr\/societe\/2022\/11\/09\/encadrement-des-loyers-en-un-an-une-soixantaine-de-loyers-non-conformes-ont-ete-signales\" target=\"_blank\" rel=\"noopener\">Renaud Payre (Les \u00c9cologistes)<\/a> r\u00e9agit\u00a0: \u00ab\u00a0\u00c0 Saint-Priest, un logement public de pr\u00e8s de 190\u00a0m\u00b2 est lou\u00e9 \u00e0 environ la moiti\u00e9 du loyer m\u00e9dian constat\u00e9 dans la commune, sans transparence sur les crit\u00e8res d\u2019attribution. [\u2026] Pendant que de nombreux habitants peinent \u00e0 se loger dignement, la municipalit\u00e9 de Gilles Gascon semble r\u00e9server les loyers \u201cencadr\u00e9s\u201d \u00e0 ses proches.\u00a0\u00bb<\/p>\n<p>  \u00ab\u00a0La Ville agit dans le respect du droit\u00a0\u00bb<\/p>\n<p>Sollicit\u00e9e par Le Progr\u00e8s, la Ville affirme qu\u2019il s\u2019agit d\u2019une \u00ab\u00a0saine gestion des deniers publics que de ne pas laisser cette maison ferm\u00e9e\u00a0\u00bb. Elle r\u00e9fute \u00e9galement un \u00ab\u00a0prix d\u2019ami\u00a0\u00bb et pr\u00e9cise que \u00ab\u00a0la v\u00e9tust\u00e9 du bien, sa configuration, son niveau de prestations et sa performance \u00e9nerg\u00e9tique\u00a0\u00bb expliquent \u00ab\u00a0un loyer inf\u00e9rieur \u00e0 la m\u00e9diane brute observ\u00e9e sur la commune\u00a0\u00bb. Elle rappelle \u00e9galement que \u00ab\u00a0l\u2019ancien occupant du logement acquittait un loyer de 900\u00a0euros par mois\u00a0\u00bb et \u00ab\u00a0n\u2019\u00e9tait autre qu\u2019un \u00e9lu socialiste de la commune\u00a0\u00bb.<\/p>\n<p>\u00ab\u00a0La Ville de Saint-Priest agit dans le respect du droit, des r\u00e8gles de gestion du domaine priv\u00e9 communal et de l\u2019int\u00e9r\u00eat g\u00e9n\u00e9ral. Elle n\u2019a jamais pratiqu\u00e9 et ne pratique pas de politique de faveur\u00a0\u00bb, conclut-elle.<\/p>\n","protected":false},"excerpt":{"rendered":"Le Progr\u00e8s l\u2019a annonc\u00e9 il y a d\u00e9j\u00e0 plusieurs ann\u00e9es. En 2023, la municipalit\u00e9 de Saint-Priest a achet\u00e9&hellip;\n","protected":false},"author":2,"featured_media":663972,"comment_status":"","ping_status":"","sticky":false,"template":"","format":"standard","meta":{"footnotes":""},"categories":[1889],"tags":[1111,11,2430,1984,3152,1777,674,1011,27,1908,2428,12,316,25,2429,4605,4606,104],"class_list":{"0":"post-663971","1":"post","2":"type-post","3":"status-publish","4":"format-standard","5":"has-post-thumbnail","7":"category-lyon","8":"tag-actu","9":"tag-actualites","10":"tag-auvergne-rhone-alpes","11":"tag-conseil-municipal","12":"tag-edition-est-lyonnais","13":"tag-eu","14":"tag-europe","15":"tag-fr","16":"tag-france","17":"tag-logement","18":"tag-lyon","19":"tag-news","20":"tag-politique","21":"tag-republique-francaise","22":"tag-rhone","23":"tag-saint-priest","24":"tag-saint-priest-ville","25":"tag-societe"},"share_on_mastodon":{"url":"https:\/\/pubeurope.com\/@fr\/115895905963343060","error":""},"_links":{"self":[{"href":"https:\/\/www.europesays.com\/fr\/wp-json\/wp\/v2\/posts\/663971","targetHints":{"allow":["GET"]}}],"collection":[{"href":"https:\/\/www.europesays.com\/fr\/wp-json\/wp\/v2\/posts"}],"about":[{"href":"https:\/\/www.europesays.com\/fr\/wp-json\/wp\/v2\/types\/post"}],"author":[{"embeddable":true,"href":"https:\/\/www.europesays.com\/fr\/wp-json\/wp\/v2\/users\/2"}],"replies":[{"embeddable":true,"href":"https:\/\/www.europesays.com\/fr\/wp-json\/wp\/v2\/comments?post=663971"}],"version-history":[{"count":0,"href":"https:\/\/www.europesays.com\/fr\/wp-json\/wp\/v2\/posts\/663971\/revisions"}],"wp:featuredmedia":[{"embeddable":true,"href":"https:\/\/www.europesays.com\/fr\/wp-json\/wp\/v2\/media\/663972"}],"wp:attachment":[{"href":"https:\/\/www.europesays.com\/fr\/wp-json\/wp\/v2\/media?parent=663971"}],"wp:term":[{"taxonomy":"category","embeddable":true,"href":"https:\/\/www.europesays.com\/fr\/wp-json\/wp\/v2\/categories?post=663971"},{"taxonomy":"post_tag","embeddable":true,"href":"https:\/\/www.europesays.com\/fr\/wp-json\/wp\/v2\/tags?post=663971"}],"curies":[{"name":"wp","href":"https:\/\/api.w.org\/{rel}","templated":true}]}}