{"id":66398,"date":"2025-05-01T07:50:09","date_gmt":"2025-05-01T07:50:09","guid":{"rendered":"https:\/\/www.europesays.com\/fr\/66398\/"},"modified":"2025-05-01T07:50:09","modified_gmt":"2025-05-01T07:50:09","slug":"lhecatombe-dans-le-secteur-du-pret-a-porter-et-de-la-chaussure-en-chiffres-liberation","status":"publish","type":"post","link":"https:\/\/www.europesays.com\/fr\/66398\/","title":{"rendered":"L\u2019h\u00e9catombe dans le secteur du pr\u00eat-\u00e0-porter et de la chaussure en chiffres \u2013 Lib\u00e9ration"},"content":{"rendered":"<p class=\"sc-ksZaOG ehjQrN text-element\">Ce sont de nombreux pans d\u2019adolescences qui vont dispara\u00eetre avec la liquidation prochaine de <a href=\"https:\/\/www.liberation.fr\/economie\/conso\/pret-a-porter-lenseigne-jennyfer-demande-sa-mise-en-liquidation-judiciaire-20250430_LPBLNRTWZNBULD4AHOWAZZP2D4\/\" target=\"_blank\" rel=\"noreferrer nofollow noopener\" title=\"https:\/\/www.liberation.fr\/economie\/conso\/pret-a-porter-lenseigne-jennyfer-demande-sa-mise-en-liquidation-judiciaire-20250430_LPBLNRTWZNBULD4AHOWAZZP2D4\/\">la marque de pr\u00eat-\u00e0-porter f\u00e9minine Jennyfer,<\/a> annonc\u00e9e ce mercredi 30 avril. Des souvenirs mais aussi des emplois, puisque les quelque 1 000 personnes travaillant pour l\u2019entreprise seront bient\u00f4t licenci\u00e9es.<\/p>\n<p class=\"sc-ksZaOG ehjQrN text-element\">Cette faillite annonc\u00e9e s\u2019inscrit dans une crise qui frappe de plein fouet tout le secteur du pr\u00eat-\u00e0-porter en France depuis la pand\u00e9mie de Covid-19 en 2020. Comme Jennyfer aujourd\u2019hui, Kooka\u00ef, Gap France, Andr\u00e9, San Marina, Minelli, Pimkie, Comptoir des Cotonniers, Princesse Tam Tam, et plus r\u00e9cemment <a href=\"https:\/\/www.liberation.fr\/economie\/pret-a-porter-kaporal-place-en-liquidation-280-personnes-vont-perdre-leur-emploi-20250329_Q7UBXQTNZNAJ7HBKSXAD4ROPOQ\/\" target=\"_blank\" rel=\"noreferrer nofollow noopener\" title=\"https:\/\/www.liberation.fr\/economie\/pret-a-porter-kaporal-place-en-liquidation-280-personnes-vont-perdre-leur-emploi-20250329_Q7UBXQTNZNAJ7HBKSXAD4ROPOQ\/\">Kaporal<\/a> ont toutes \u00e9t\u00e9 prises dans cette tourmente.<\/p>\n<p class=\"sc-ksZaOG ehjQrN text-element\">Les marques ont souffert d\u2019un cocktail d\u00e9tonant : pand\u00e9mie, inflation, hausse des prix de l\u2019\u00e9nergie, des mati\u00e8res premi\u00e8res, des loyers et des salaires ou encore concurrence de la seconde main et, derni\u00e8rement, de <a href=\"https:\/\/www.liberation.fr\/lifestyle\/mode\/avec-sa-nouvelle-pub-shein-prend-le-consommateur-pour-un-cretin-20250429_IR65U2C3YFBALHR2EIIZUUUHDM\/\" target=\"_blank\" rel=\"noreferrer nofollow noopener\" title=\"https:\/\/www.liberation.fr\/lifestyle\/mode\/avec-sa-nouvelle-pub-shein-prend-le-consommateur-pour-un-cretin-20250429_IR65U2C3YFBALHR2EIIZUUUHDM\/\">l\u2019\u00abhyper fast fashion\u00bb symbolis\u00e9e par Shein.<\/a><\/p>\n<p class=\"sc-ksZaOG ehjQrN text-element\">A l\u2019image de <a href=\"https:\/\/www.liberation.fr\/economie\/lenseigne-de-pret-a-porter-camaieu-placee-en-liquidation-judiciaire-2-600-emplois-supprimes-20220928_BSMPORDLBZFWZEWDHNS7OKIFCY\/\" target=\"_blank\" rel=\"noreferrer nofollow noopener\" title=\"https:\/\/www.liberation.fr\/economie\/lenseigne-de-pret-a-porter-camaieu-placee-en-liquidation-judiciaire-2-600-emplois-supprimes-20220928_BSMPORDLBZFWZEWDHNS7OKIFCY\/\">Cama\u00efeu en septembre 2022<\/a> (avec la suppression de 2 600 emplois), certaines ont \u00e9t\u00e9 liquid\u00e9es. D\u2019autres ont subi un redressement judiciaire avec ou sans reprise, ou ont connu des plans sociaux. Jennyfer, de son c\u00f4t\u00e9, est mis en liquidation judiciaire un an \u00e0 peine apr\u00e8s \u00eatre sorti d\u2019un redressement. Dans tous les cas, ce sont les salari\u00e9s qui ont trinqu\u00e9.<\/p>\n","protected":false},"excerpt":{"rendered":"Ce sont de nombreux pans d\u2019adolescences qui vont dispara\u00eetre avec la liquidation prochaine de la marque de pr\u00eat-\u00e0-porter&hellip;\n","protected":false},"author":2,"featured_media":66399,"comment_status":"","ping_status":"","sticky":false,"template":"","format":"standard","meta":{"footnotes":""},"categories":[2],"tags":[11,16685,1011,27,10805,12,25],"class_list":{"0":"post-66398","1":"post","2":"type-post","3":"status-publish","4":"format-standard","5":"has-post-thumbnail","7":"category-actualites","8":"tag-actualites","9":"tag-data-matin","10":"tag-fr","11":"tag-france","12":"tag-industries","13":"tag-news","14":"tag-republique-francaise"},"share_on_mastodon":{"url":"https:\/\/pubeurope.com\/@fr\/114431487105703792","error":""},"_links":{"self":[{"href":"https:\/\/www.europesays.com\/fr\/wp-json\/wp\/v2\/posts\/66398","targetHints":{"allow":["GET"]}}],"collection":[{"href":"https:\/\/www.europesays.com\/fr\/wp-json\/wp\/v2\/posts"}],"about":[{"href":"https:\/\/www.europesays.com\/fr\/wp-json\/wp\/v2\/types\/post"}],"author":[{"embeddable":true,"href":"https:\/\/www.europesays.com\/fr\/wp-json\/wp\/v2\/users\/2"}],"replies":[{"embeddable":true,"href":"https:\/\/www.europesays.com\/fr\/wp-json\/wp\/v2\/comments?post=66398"}],"version-history":[{"count":0,"href":"https:\/\/www.europesays.com\/fr\/wp-json\/wp\/v2\/posts\/66398\/revisions"}],"wp:featuredmedia":[{"embeddable":true,"href":"https:\/\/www.europesays.com\/fr\/wp-json\/wp\/v2\/media\/66399"}],"wp:attachment":[{"href":"https:\/\/www.europesays.com\/fr\/wp-json\/wp\/v2\/media?parent=66398"}],"wp:term":[{"taxonomy":"category","embeddable":true,"href":"https:\/\/www.europesays.com\/fr\/wp-json\/wp\/v2\/categories?post=66398"},{"taxonomy":"post_tag","embeddable":true,"href":"https:\/\/www.europesays.com\/fr\/wp-json\/wp\/v2\/tags?post=66398"}],"curies":[{"name":"wp","href":"https:\/\/api.w.org\/{rel}","templated":true}]}}