{"id":663985,"date":"2026-01-14T22:59:13","date_gmt":"2026-01-14T22:59:13","guid":{"rendered":"https:\/\/www.europesays.com\/fr\/663985\/"},"modified":"2026-01-14T22:59:13","modified_gmt":"2026-01-14T22:59:13","slug":"attaques-mortelles-en-russie-armes-europeennes-et-evacuations","status":"publish","type":"post","link":"https:\/\/www.europesays.com\/fr\/663985\/","title":{"rendered":"Attaques mortelles en Russie, armes europ\u00e9ennes, et \u00e9vacuations"},"content":{"rendered":"<p>Vous avez rat\u00e9 les derniers \u00e9v\u00e9nements sur la <a href=\"https:\/\/www.20minutes.fr\/monde\/ukraine\/\" class=\"c-link c-link--is-underlined\" target=\"_blank\" rel=\"noopener\">guerre en Ukraine<\/a>\u00a0? 20 Minutes fait le point pour vous tous les soirs. Voici l\u2019essentiel de ce mercredi 14\u00a0janvier, au 1.420e jour du conflit.<\/p>\n<p>Le fait du jour<\/p>\n<p>Cette fois, ce sont les drones ukrainiens qui ont \u00e9t\u00e9 fatals. Deux personnes ont \u00e9t\u00e9 tu\u00e9es et plusieurs autres bless\u00e9es ce mercredi matin dans des attaques contre la ville <a href=\"https:\/\/www.20minutes.fr\/monde\/russie\/\" class=\"c-link c-link--is-underlined\" target=\"_blank\" rel=\"noopener\">russe<\/a> de Rostov-sur-le-Don et la r\u00e9gion de Belgorod, frontali\u00e8res de l\u2019Ukraine, ont indiqu\u00e9 les autorit\u00e9s locales.<\/p>\n<p>A Rostov-sur-le-Don (sud), grande ville de plus d\u2019un million d\u2019habitants, une \u00ab\u00a0attaque de drones\u00a0\u00bb a provoqu\u00e9 un incendie dans un immeuble r\u00e9sidentiel, endommageant deux appartements, a \u00e9crit sur Telegram le gouverneur r\u00e9gional, Iouri Slioussar. Le corps d\u2019un habitant a \u00e9t\u00e9 retrouv\u00e9 dans les d\u00e9combres d\u2019un logement.<\/p>\n<p><\/p>\n<p>Dans la r\u00e9gion de Belgorod, une femme a \u00e9t\u00e9 tu\u00e9e et un homme a \u00e9t\u00e9 bless\u00e9 dans une attaque de drones \u00ab\u00a0des forces arm\u00e9es ukrainiennes\u00a0\u00bb contre une voiture \u00ab\u00a0qui a \u00e9t\u00e9 d\u00e9truite par le feu\u00a0\u00bb, a indiqu\u00e9 sur Telegram le gouverneur r\u00e9gional, Viatcheslav Gladkov.<\/p>\n<p>La d\u00e9claration du jour<\/p>\n<blockquote class=\"mx-m@xs mx-xxl@md color-ultramarine c-citation\">\n<p class=\"font-weight-regular@xs text-italic font-source-serif-pro text-l@xs c-citation__content\">\u00ab\u00a0Aucun pays au monde n\u2019\u00e9tait pr\u00eat \u00e0 affronter les d\u00e9fis d\u2019une guerre de cette ampleur.\u00a0\u00bb<\/p>\n<\/blockquote>\n<p>L\u2019aveu fait devant les d\u00e9put\u00e9s ukrainiens par Mykha\u00eflo Fedorov, le tout nouveau ministre de la D\u00e9fense, nomm\u00e9, et confirm\u00e9 par un vote du Parlement, dans le cadre d\u2019un vaste remaniement et d\u2019une r\u00e9forme voulus par le pr\u00e9sident <a href=\"https:\/\/www.20minutes.fr\/monde\/volodymyr-zelensky\/\" class=\"c-link c-link--is-underlined\" target=\"_blank\" rel=\"noopener\">Volodymyr Zelensky<\/a>. Il est \u00e2g\u00e9 de seulement 34 ans et occupait auparavant le poste de ministre de la Transformation num\u00e9rique.<\/p>\n<p>Il a aussi confirm\u00e9 que, depuis le d\u00e9but du conflit, 200.000 personnes ont d\u00e9sert\u00e9 l\u2019arm\u00e9e qui manque cruellement d\u2019hommes.<\/p>\n<p>Le chiffre du jour<\/p>\n<p>60\u00a0milliards. La part du pr\u00eat de 90\u00a0milliards octroy\u00e9 par l\u2019<a href=\"https:\/\/www.20minutes.fr\/dossier\/ue\" class=\"c-link c-link--is-underlined\" target=\"_blank\" rel=\"noopener\">Union europ\u00e9enne<\/a> que Kiev va pouvoir utiliser pour renforcer ses capacit\u00e9s militaires en\u00a02026 et\u00a02027. Mais elle devra privil\u00e9gier l\u2019achat d\u2019armement europ\u00e9en. \u00ab\u00a0Avec 60\u00a0milliards d\u2019euros d\u2019aide militaire, l\u2019Ukraine peut tenir bon face \u00e0 la Russie et, dans le m\u00eame temps, s\u2019int\u00e9grer plus \u00e9troitement \u00e0 la base industrielle de d\u00e9fense europ\u00e9enne\u00a0\u00bb, a assur\u00e9 <a href=\"https:\/\/www.20minutes.fr\/politique\/ursula-von-der-leyen\/\" class=\"c-link c-link--is-underlined\" target=\"_blank\" rel=\"noopener\">Ursula von\u00a0der\u00a0Leyen<\/a>, la pr\u00e9sidente de la Commission europ\u00e9enne. Toutefois, si les industriels europ\u00e9ens ne sont pas en mesure de r\u00e9pondre \u00e0 une demande sp\u00e9cifique de la part de l\u2019Ukraine, il sera alors possible, \u00ab\u00a0\u00e0 l\u2019occasion\u00a0\u00bb, d\u2019acqu\u00e9rir ces armements en dehors de l\u2019Europe, a-t-elle poursuivi.<\/p>\n<p>La dirigeante europ\u00e9enne a expliqu\u00e9 que ces sommes devaient avoir \u00ab\u00a0un retour sur investissement en cr\u00e9ant des emplois, en d\u00e9veloppant la recherche et le d\u00e9veloppement dont nous avons besoin\u00a0\u00bb. \u00ab\u00a0Pour nous, il s\u2019agit de beaucoup d\u2019argent. Ce sont des milliards et des milliards qui sont investis\u00a0\u00bb.<\/p>\n<p>La tendance<\/p>\n<p>L\u2019Ukraine a ordonn\u00e9 l\u2019\u00e9vacuation de familles avec enfants vivant dans cinq localit\u00e9s de la r\u00e9gion de Zaporijjia (sud), non loin du front avec la Russie, a annonc\u00e9 mercredi un vice-Premier ministre. \u00ab\u00a0Nous avons pris une d\u00e9cision difficile mais n\u00e9cessaire\u00a0: ordonner l\u2019\u00e9vacuation des enfants accompagn\u00e9s de leurs parents ou tuteurs l\u00e9gaux de cinq localit\u00e9s de la r\u00e9gion de Zaporijjia\u00a0\u00bb, soit \u00ab\u00a0environ 40 enfants issus de 26 familles\u00a0\u00bb, a indiqu\u00e9 Oleksi\u00ef Kouleba sur les r\u00e9seaux sociaux.<\/p>\n<p><a href=\"http:\/\/www.20minutes.fr\/monde\/ukraine\" class=\"c-link c-btn c-btn--primary\" target=\"_blank\" rel=\"noopener\">Notre dossier sur la guerre en Ukraine<\/a><\/p>\n<p>Par ailleurs, le pr\u00e9sident ukrainien Volodymyr Zelensky a d\u00e9clar\u00e9 l\u2019\u00e9tat d\u2019urgence pour le secteur \u00e9nerg\u00e9tique, en raison des \u00ab\u00a0cons\u00e9quences des frappes russes et de la d\u00e9gradation des conditions m\u00e9t\u00e9orologiques\u00a0\u00bb.<\/p>\n","protected":false},"excerpt":{"rendered":"Vous avez rat\u00e9 les derniers \u00e9v\u00e9nements sur la guerre en Ukraine\u00a0? 20 Minutes fait le point pour vous&hellip;\n","protected":false},"author":2,"featured_media":663986,"comment_status":"","ping_status":"","sticky":false,"template":"","format":"standard","meta":{"footnotes":""},"categories":[1590],"tags":[11,73,1777,674,131,12,132,220,555,2544,134],"class_list":{"0":"post-663985","1":"post","2":"type-post","3":"status-publish","4":"format-standard","5":"has-post-thumbnail","7":"category-ukraine","8":"tag-actualites","9":"tag-etats-unis","10":"tag-eu","11":"tag-europe","12":"tag-guerre-en-ukraine","13":"tag-news","14":"tag-russie","15":"tag-ukraine","16":"tag-union-europeenne-ue","17":"tag-ursula-von-der-leyen","18":"tag-volodymyr-zelensky"},"share_on_mastodon":{"url":"https:\/\/pubeurope.com\/@fr\/115895937568506679","error":""},"_links":{"self":[{"href":"https:\/\/www.europesays.com\/fr\/wp-json\/wp\/v2\/posts\/663985","targetHints":{"allow":["GET"]}}],"collection":[{"href":"https:\/\/www.europesays.com\/fr\/wp-json\/wp\/v2\/posts"}],"about":[{"href":"https:\/\/www.europesays.com\/fr\/wp-json\/wp\/v2\/types\/post"}],"author":[{"embeddable":true,"href":"https:\/\/www.europesays.com\/fr\/wp-json\/wp\/v2\/users\/2"}],"replies":[{"embeddable":true,"href":"https:\/\/www.europesays.com\/fr\/wp-json\/wp\/v2\/comments?post=663985"}],"version-history":[{"count":0,"href":"https:\/\/www.europesays.com\/fr\/wp-json\/wp\/v2\/posts\/663985\/revisions"}],"wp:featuredmedia":[{"embeddable":true,"href":"https:\/\/www.europesays.com\/fr\/wp-json\/wp\/v2\/media\/663986"}],"wp:attachment":[{"href":"https:\/\/www.europesays.com\/fr\/wp-json\/wp\/v2\/media?parent=663985"}],"wp:term":[{"taxonomy":"category","embeddable":true,"href":"https:\/\/www.europesays.com\/fr\/wp-json\/wp\/v2\/categories?post=663985"},{"taxonomy":"post_tag","embeddable":true,"href":"https:\/\/www.europesays.com\/fr\/wp-json\/wp\/v2\/tags?post=663985"}],"curies":[{"name":"wp","href":"https:\/\/api.w.org\/{rel}","templated":true}]}}