{"id":663987,"date":"2026-01-14T23:00:13","date_gmt":"2026-01-14T23:00:13","guid":{"rendered":"https:\/\/www.europesays.com\/fr\/663987\/"},"modified":"2026-01-14T23:00:13","modified_gmt":"2026-01-14T23:00:13","slug":"etats-unis-il-est-clair-que-donald-trump-veut-semparer-du-groenland-declare-un-ministre-danois","status":"publish","type":"post","link":"https:\/\/www.europesays.com\/fr\/663987\/","title":{"rendered":"\u00c9tats-Unis. \u00ab\u00a0Il est clair que Donald Trump veut s&#8217;emparer du Groenland\u00a0\u00bb, d\u00e9clare un ministre danois"},"content":{"rendered":"<p>Le ministre danois des Affaires \u00e9trang\u00e8res a demand\u00e9 mercredi une \u00ab coop\u00e9ration respectueuse \u00bb avec les \u00c9tats-Unis \u00e0 l&rsquo;issue d&rsquo;une rencontre \u00e0 la Maison Blanche avec des responsables am\u00e9ricains sur le Groenland, qui s&rsquo;est achev\u00e9e, selon le ministre, sur un constat de d\u00e9saccord.\u00a0Le Danemark et les \u00c9tats-Unis ont un \u00ab d\u00e9saccord fondamental \u00bb \u00e0 propos du Groenland, a-t-il dit. Il n&rsquo;est \u00ab absolument pas n\u00e9cessaire \u00bb que <a href=\"https:\/\/www.ledauphine.com\/defense-guerre-conflit\/2026\/01\/14\/la-france-ouvrira-un-consulat-sur-l-ile-arctique-le-6-fevrier-la-suede-envoie-des-militaires\" target=\"_blank\" rel=\"noopener\">les Etats-Unis s&#8217;emparent du Groenland<\/a>, comme l&rsquo;a menac\u00e9 le pr\u00e9sident am\u00e9ricain <a href=\"https:\/\/www.ledauphine.com\/p\/donald-trump\" target=\"_blank\" rel=\"noopener\">Donald Trump<\/a>, a dit Lars L\u00f8kke Rasmussen \u00e0 la presse. \u00ab Il est clair que le pr\u00e9sident [am\u00e9ricain Donald Trump] nourrit le souhait de s&#8217;emparer du Groenland \u00bb, a-t-il confirm\u00e9, qui veut \u00ab travailler en \u00e9troite collaboration avec les \u00c9tats-Unis, mais cela doit, bien s\u00fbr, \u00eatre une coop\u00e9ration respectueuse \u00bb.<\/p>\n<p>Quelques heures plus tard, Donald Trump a dit \u00ab penser qu&rsquo;une solution serait trouv\u00e9e \u00bb \u00e0 propos du Groenland, en assurant avoir une \u00ab tr\u00e8s bonne relation \u00bb avec le Danemark.<\/p>\n<p>Le pr\u00e9sident am\u00e9ricain, pendant un \u00e9change avec des journalistes \u00e0 la Maison Blanche, a toutefois r\u00e9p\u00e9t\u00e9 que Washington \u00ab avait besoin du Groenland \u00bb pour assurer sa s\u00e9curit\u00e9.\u00a0Il a indiqu\u00e9 qu&rsquo;il allait recevoir un compte rendu des discussions men\u00e9es il y a quelques heures par le vice-pr\u00e9sident JD Vance et le chef de la diplomatie Marco Rubio avec une d\u00e9l\u00e9gation danoise et groenlandaise.<\/p>\n<p>La rencontre des ministres danois et groenlandais des Affaires \u00e9trang\u00e8res avec le secr\u00e9taire d&rsquo;\u00c9tat Marco Rubio et le vice-pr\u00e9sident J.D. Vance a dur\u00e9 un peu plus d&rsquo;une heure.\u00a0\u00ab Nous avons convenu qu&rsquo;il faut regarder vers l&rsquo;avenir et travailler \u00e0 un accord renforc\u00e9 entre les pays \u00bb, a dit la cheffe de la diplomatie groenlandaise Vivian Motzfeldt. \u00ab Il n&rsquo;y a pas de navires de guerre chinois le long des c\u00f4tes du Groenland [&#8230;] Il n&rsquo;y a pas non plus d&rsquo;investissements massifs chinois au Groenland \u00bb, a ajout\u00e9 Lars L\u00f8kke Rasmussen\u00e0 la presse danoise.<\/p>\n<p>Les \u00c9tats-Unis \u00ab ont besoin du Groenland pour des raisons de s\u00e9curit\u00e9 nationale. Il est vital pour le D\u00f4me d&rsquo;Or que nous construisons \u00bb, a dit Donald Trump sur son r\u00e9seau Truth Social, en r\u00e9f\u00e9rence \u00e0 un gigantesque projet am\u00e9ricain de bouclier antimissiles. Il a \u00e9galement appel\u00e9 l&rsquo;Otan \u00e0 le soutenir dans sa d\u00e9marche. Le Danemark a annonc\u00e9 ce mercredi qu&rsquo;il renfor\u00e7ait \u00ab d\u00e8s aujourd&rsquo;hui \u00bb sa pr\u00e9sence militaire au Groenland. La Su\u00e8de, l&rsquo;Allemagne, la Norv\u00e8ge et la France ont annonc\u00e9 participer \u00e0 une mission militaire europ\u00e9enne sur l&rsquo;\u00eele arctique.<\/p>\n","protected":false},"excerpt":{"rendered":"Le ministre danois des Affaires \u00e9trang\u00e8res a demand\u00e9 mercredi une \u00ab coop\u00e9ration respectueuse \u00bb avec les \u00c9tats-Unis \u00e0&hellip;\n","protected":false},"author":2,"featured_media":663988,"comment_status":"","ping_status":"","sticky":false,"template":"","format":"standard","meta":{"footnotes":""},"categories":[1589],"tags":[11,3206,73,1866,107,329,12,316,1864,1865,1863,308],"class_list":{"0":"post-663987","1":"post","2":"type-post","3":"status-publish","4":"format-standard","5":"has-post-thumbnail","7":"category-etats-unis","8":"tag-actualites","9":"tag-defense-guerre-conflit","10":"tag-etats-unis","11":"tag-etats-unis-damerique","12":"tag-fil-info","13":"tag-france-monde","14":"tag-news","15":"tag-politique","16":"tag-united-states","17":"tag-united-states-of-america","18":"tag-us","19":"tag-usa"},"share_on_mastodon":{"url":"https:\/\/pubeurope.com\/@fr\/115895941635880266","error":""},"_links":{"self":[{"href":"https:\/\/www.europesays.com\/fr\/wp-json\/wp\/v2\/posts\/663987","targetHints":{"allow":["GET"]}}],"collection":[{"href":"https:\/\/www.europesays.com\/fr\/wp-json\/wp\/v2\/posts"}],"about":[{"href":"https:\/\/www.europesays.com\/fr\/wp-json\/wp\/v2\/types\/post"}],"author":[{"embeddable":true,"href":"https:\/\/www.europesays.com\/fr\/wp-json\/wp\/v2\/users\/2"}],"replies":[{"embeddable":true,"href":"https:\/\/www.europesays.com\/fr\/wp-json\/wp\/v2\/comments?post=663987"}],"version-history":[{"count":0,"href":"https:\/\/www.europesays.com\/fr\/wp-json\/wp\/v2\/posts\/663987\/revisions"}],"wp:featuredmedia":[{"embeddable":true,"href":"https:\/\/www.europesays.com\/fr\/wp-json\/wp\/v2\/media\/663988"}],"wp:attachment":[{"href":"https:\/\/www.europesays.com\/fr\/wp-json\/wp\/v2\/media?parent=663987"}],"wp:term":[{"taxonomy":"category","embeddable":true,"href":"https:\/\/www.europesays.com\/fr\/wp-json\/wp\/v2\/categories?post=663987"},{"taxonomy":"post_tag","embeddable":true,"href":"https:\/\/www.europesays.com\/fr\/wp-json\/wp\/v2\/tags?post=663987"}],"curies":[{"name":"wp","href":"https:\/\/api.w.org\/{rel}","templated":true}]}}