{"id":664007,"date":"2026-01-14T23:15:10","date_gmt":"2026-01-14T23:15:10","guid":{"rendered":"https:\/\/www.europesays.com\/fr\/664007\/"},"modified":"2026-01-14T23:15:10","modified_gmt":"2026-01-14T23:15:10","slug":"apres-un-grand-chambardement-dans-sa-vie-un-poitevin-fait-le-tour-de-france-a-velo-en-quete-des-points-cardinaux","status":"publish","type":"post","link":"https:\/\/www.europesays.com\/fr\/664007\/","title":{"rendered":"Apr\u00e8s un grand chambardement dans sa vie, un Poitevin fait le tour de France \u00e0 v\u00e9lo en qu\u00eate des points cardinaux"},"content":{"rendered":"<p>Et vous, qu\u2019auriez-vous fait au lendemain d\u2019une s\u00e9paration amoureuse et d\u2019un nouveau boulot quitt\u00e9 deux semaines apr\u00e8s l\u2019embauche\u00a0? Face \u00e0 ce grand chambardement, le Poitevin Jules Chatellier a mis un grand coup de p\u00e9dale dans sa vie. \u00ab\u00a0Qu\u2019est-ce que je fais de ma vie\u00a0? Eh bien le tour de la France \u00e0 v\u00e9lo. \u00c7a me laissera le temps de cogiter sur mon avenir.\u00a0\u00bb<\/p>\n<p>Il se donne huit mois maximum pour ce tour du pays<\/p>\n<p>Simple. Enfin, pas tellement\u00a0! Un tour de France \u00e0 v\u00e9lo ne s\u2019improvise pas. Alors en d\u00e9cembre, le jeune homme de 29\u00a0ans et demi \u2013 \u00ab\u00a0J\u2019insiste sur le \u201c\u00a0et demi\u00a0\u201d\u00a0\u00bb, dit-il \u2013 s\u2019est entra\u00een\u00e9 sur une plus courte distance. \u00ab\u00a0Je suis parti de Poitiers \u00e0 Besan\u00e7on, ville dans laquelle j\u2019ai travaill\u00e9 en tant qu\u2019ing\u00e9nieur \u00e9lectronique, introduit-il. Un premier voyage riche en enseignements, notamment sur la mani\u00e8re de penser mon parcours.\u00a0\u00bb<\/p>\n<p>Alors pour son tour de France, Jules se donne plusieurs \u00e9tapes \u00e0 rallier avec son v\u00e9lo gravel, sans forc\u00e9ment se mettre de pression kilom\u00e9trique quotidienne. Parti de Poitiers le 8\u00a0janvier 2026, il compte rallier les quatre points cardinaux de France tout en rendant visite \u00e0 ses proches diss\u00e9min\u00e9s ci et l\u00e0. \u00ab\u00a0Le prochain stop sera \u00e0 Laval chez mamie, annonce-t-il depuis le domicile d\u2019un cousin \u00e0 Montaigu. Puis je rallierai mon premier point cardinal \u00e0 l\u2019ouest avec la pointe de Corsen dans le Finist\u00e8re.\u00a0\u00bb Il visera ensuite Bray-Dunes au nord et Lauterbourg en Alsace \u00e0 l\u2019est.<\/p>\n<p>\u00ab\u00a0Je descendrai ensuite vers Besan\u00e7on pour voir des amis, puis vers les Alpes. J\u2019aimerais aller chercher les points les plus bas et plus hauts de France, avoue-t-il. Alors forc\u00e9ment, l\u2019ascension p\u00e9destre du Mont-Blanc est en option. J\u2019ai des bases en alpinisme, mais je ne sais pas si la p\u00e9riode sera propice quand j\u2019y serai.\u00a0\u00bb<\/p>\n<p>Un Instagram pour sa maman<\/p>\n<p>Jules tracera ensuite sa route vers la C\u00f4te d&rsquo;Azur et Menton. Il s\u2019arr\u00eatera par Nice, Marseille Montpellier et Toulouse. Puis il filera vers le puig de Coma Negra dans les Pyr\u00e9n\u00e9es point le plus m\u00e9ridional de France. Une travers\u00e9e des Pyr\u00e9n\u00e9es en bonne et due forme le m\u00e8nera vers Hendaye avant un retour au calme \u00e0 Poitiers. \u00ab\u00a0Je pense faire tout \u00e7a en six mois et ma deadline est de huit mois.\u00a0\u00bb<\/p>\n<p>Sur son v\u00e9lo, le jeune homme se nourrit au gr\u00e9 des commerces crois\u00e9s sur son p\u00e9riple. Pour le logement, il supporte duvet, matelas et tente. Il l\u2019installe chez les bonnes \u00e2mes qui le veulent. Et chaque soir, il narre sa route sur <a target=\"_blank\" href=\"https:\/\/www.instagram.com\/jules_en_roue_libre\/\" rel=\"noopener\">un compte Instagram<\/a>. \u00ab\u00a0\u00c7a, c\u2019est parce que ma m\u00e8re exige d\u2019avoir de mes nouvelles\u00a0!\u00a0\u00bb<\/p>\n<p><script async src=\"\/\/www.instagram.com\/embed.js\"><\/script><\/p>\n","protected":false},"excerpt":{"rendered":"Et vous, qu\u2019auriez-vous fait au lendemain d\u2019une s\u00e9paration amoureuse et d\u2019un nouveau boulot quitt\u00e9 deux semaines apr\u00e8s l\u2019embauche\u00a0?&hellip;\n","protected":false},"author":2,"featured_media":664008,"comment_status":"","ping_status":"","sticky":false,"template":"","format":"standard","meta":{"footnotes":""},"categories":[1411],"tags":[1392,9332,1154,207,1011,27,1393,4387,1653,74218,60,208,1584,1666],"class_list":{"0":"post-664007","1":"post","2":"type-post","3":"status-publish","4":"format-standard","5":"has-post-thumbnail","7":"category-cyclisme","8":"tag-a-la-une-local","9":"tag-centrepresse","10":"tag-cycling","11":"tag-cyclisme","12":"tag-fr","13":"tag-france","14":"tag-loisirs","15":"tag-loisirs-sportifs","16":"tag-poitiers","17":"tag-randonnees-a-velo","18":"tag-sports","19":"tag-velo","20":"tag-vienne","21":"tag-voyages"},"share_on_mastodon":{"url":"https:\/\/pubeurope.com\/@fr\/115896000505498883","error":""},"_links":{"self":[{"href":"https:\/\/www.europesays.com\/fr\/wp-json\/wp\/v2\/posts\/664007","targetHints":{"allow":["GET"]}}],"collection":[{"href":"https:\/\/www.europesays.com\/fr\/wp-json\/wp\/v2\/posts"}],"about":[{"href":"https:\/\/www.europesays.com\/fr\/wp-json\/wp\/v2\/types\/post"}],"author":[{"embeddable":true,"href":"https:\/\/www.europesays.com\/fr\/wp-json\/wp\/v2\/users\/2"}],"replies":[{"embeddable":true,"href":"https:\/\/www.europesays.com\/fr\/wp-json\/wp\/v2\/comments?post=664007"}],"version-history":[{"count":0,"href":"https:\/\/www.europesays.com\/fr\/wp-json\/wp\/v2\/posts\/664007\/revisions"}],"wp:featuredmedia":[{"embeddable":true,"href":"https:\/\/www.europesays.com\/fr\/wp-json\/wp\/v2\/media\/664008"}],"wp:attachment":[{"href":"https:\/\/www.europesays.com\/fr\/wp-json\/wp\/v2\/media?parent=664007"}],"wp:term":[{"taxonomy":"category","embeddable":true,"href":"https:\/\/www.europesays.com\/fr\/wp-json\/wp\/v2\/categories?post=664007"},{"taxonomy":"post_tag","embeddable":true,"href":"https:\/\/www.europesays.com\/fr\/wp-json\/wp\/v2\/tags?post=664007"}],"curies":[{"name":"wp","href":"https:\/\/api.w.org\/{rel}","templated":true}]}}