{"id":664011,"date":"2026-01-14T23:17:11","date_gmt":"2026-01-14T23:17:11","guid":{"rendered":"https:\/\/www.europesays.com\/fr\/664011\/"},"modified":"2026-01-14T23:17:11","modified_gmt":"2026-01-14T23:17:11","slug":"je-tenais-vraiment-a-les","status":"publish","type":"post","link":"https:\/\/www.europesays.com\/fr\/664011\/","title":{"rendered":"\u201cJe tenais vraiment \u00e0 les\u2026\u201d"},"content":{"rendered":"<p><strong>Patrick S\u00e9bastien<\/strong> est une sommit\u00e9 du paysage<br \/>\naudiovisuel fran\u00e7ais. <strong>Et m\u00eame plus, artiste touche-\u00e0-tout,<br \/>\ncelui-ci s\u2019est essay\u00e9 au cin\u00e9ma, en tant qu\u2019acteur mais aussi<br \/>\nr\u00e9alisateur, autant qu\u2019il a pouss\u00e9 la chansonnette.<\/strong><br \/>\nD\u2019ailleurs, la musique f\u00eatarde, c\u2019est vraiment son dada. En une<br \/>\nvingtaine d\u2019ann\u00e9es, l\u2019ex-pr\u00e9sentateur vedette est devenu culte<br \/>\nnotamment dans les campings populaires et autres \u00e9coles de commerce<br \/>\n\u00e9litistes. Comme un trait d\u2019union entre masses laborieuses et<br \/>\nfuturs cadres dynamiques. <strong>Toutefois, r\u00e9cemment, la carri\u00e8re<br \/>\nde Patrick S\u00e9bastien a \u00e9t\u00e9 entach\u00e9e de quelques pol\u00e9miques et<br \/>\nsorties de route.<\/strong> Ce qui ne l\u2019emp\u00eache pas de garder la<br \/>\nlangue bien pendue, le Patoche.<\/p>\n<p>Patrick S\u00e9bastien : pr\u00e9sentateur et artiste \u00e0 plusieurs<br \/>\ncasquettes<\/p>\n<p>On conna\u00eet tous Patrick S\u00e9bastien. Certains se rappellent de ses<br \/>\nimitations, d\u2019autres du <strong>Plus Grand Cabaret du<br \/>\nmonde<\/strong>. \u00c9mission qu\u2019il a pr\u00e9sent\u00e9 durant presque 20 ans sur<br \/>\n<strong>France 2<\/strong> ! Et caisse de r\u00e9sonance de ses plus<br \/>\ngrands tubes qu\u2019il entonnait \u00e0 la fin de chaque \u00e9mission.<br \/>\n<strong>Autopromo finaude \u00e0 l\u2019allure de grande f\u00eate paillarde<br \/>\ndirectement sur le service public.<\/strong> Patrick S\u00e9bastien,<br \/>\noutre un imitateur et un animateur, est un chansonnier dans<br \/>\nl\u2019\u00e2me.<\/p>\n<p>De fait, on le sait peu, mais ce dernier a sorti un nombre<br \/>\nquasi-incalculable de disques depuis la fin des ann\u00e9es 70. Si<br \/>\nbeaucoup sont pass\u00e9es \u00e0 la trappe, certaines de ses chansons sont<br \/>\ndevenues des hits \u00e0 part enti\u00e8re. <strong>On peut citer Tourner<br \/>\nles serviettes, Le Petit Bonhomme en mousse ou encore<br \/>\nLes Sardines.<\/strong> Cette derni\u00e8re ayant \u00e9t\u00e9<br \/>\npopularis\u00e9e quelques ann\u00e9es apr\u00e8s sa sortie par le camarade<br \/>\n<strong>Cyril Hanouna<\/strong> dans feu <strong>TPMP<\/strong> sur<br \/>\n<strong>C8<\/strong>\u2026<\/p>\n<p>L\u2019ex-animateur provoque la pol\u00e9mique lors d\u2019un de ses<br \/>\nconcerts<\/p>\n<p>En 2026, Patrick S\u00e9bastien ne vaut plus tripette. Ou presque. Sa<br \/>\ncarri\u00e8re t\u00e9l\u00e9visuelle est en berne, totalement \u00e0 l\u2019arr\u00eat.<br \/>\n<strong>On entend plus parler de lui sur les plateaux en tant<br \/>\nqu\u2019invit\u00e9 qu\u2019en tant que pr\u00e9sentateur.<\/strong> Il faut dire que<br \/>\ncelui-ci a trouv\u00e9 un nouveau credo qui fonctionne du tonnerre.<br \/>\nD\u00e9bouler sans crier gare en tant que <a href=\"https:\/\/www.melty.fr\/people\/furax-patrick-sebastien-dezingue-brutalement-lea-salame-je-me-suis-retrouve-en-face-delle-2274701.html\" target=\"_blank\" rel=\"noopener\"><br \/>\n<strong>tonton boomer pour<\/strong> critiquer tout \u00e0 tout-va<\/a>.<br \/>\n\u00c7a fonctionne, Patoche \u00e9tant un bon client. L\u00a0\u00bbap\u00f4tre du &lsquo;C&rsquo;\u00e9tait<br \/>\nmieux avant&rsquo;.<\/p>\n<p>Parfois, l\u2019ex-animateur du Plus Grand Cabaret du monde d\u00e9rape.<br \/>\n<strong><a href=\"https:\/\/www.melty.fr\/people\/patrick-sebastien-cette-mode-ou-il-faut-etre-homo-trans-ces-propos-qui-risquent-de-faire-polemique-2209384.html\" target=\"_blank\" rel=\"noopener\"><br \/>\nOn se rappelle notamment de quelques propos transphobes<\/a> dans<br \/>\nune interview accord\u00e9e il y a quelque temps dans T\u00e9l\u00e9pro.<\/strong><br \/>\nEn outre, en septembre 2025, un de ses concerts provoque une vive<br \/>\npol\u00e9mique. On y voit le chanteur et une spectatrice, alors mont\u00e9e<br \/>\nsur sc\u00e8ne, mimer une <strong>fellation<\/strong>. Probl\u00e8me : il y<br \/>\naurait eu des enfants dans le public ce jour-l\u00e0 selon plusieurs<br \/>\nsources.<\/p>\n<p>Patrick S\u00e9bastien, sa position<br \/>\nvis-\u00e0-vis de la crise des agriculteurs<\/p>\n<p>Deux mois apr\u00e8s le pipegate, Patrick S\u00e9bastien revient<br \/>\nau devant de l\u2019actu. Sans mauvais jeu de mot. <strong>Le trublion<br \/>\ndonne son avis <a href=\"https:\/\/www.melty.fr\/people\/mercosur-jai-envie-de-dire-aux-gens-apres-jean-marie-bigard-patrick-sebastien-prend-position-2288843.html\" target=\"_blank\" rel=\"noopener\"><br \/>\nsur la crise que traversent les agriculteurs fran\u00e7ais<\/a>.<\/strong><br \/>\nUne grogne sans pr\u00e9c\u00e9dent dont l\u2019int\u00e9ress\u00e9 repartage une vid\u00e9o sur<br \/>\nses <strong>r\u00e9seaux sociaux<\/strong> en guise de soutien viral.<br \/>\nCela ne pla\u00eet pas \u00e0 tout le monde puisque Patrick S\u00e9bastien se<br \/>\nretrouve au pilori, vivement critiqu\u00e9 par des internautes ne<br \/>\ncroyant pas \u00e0 sa solidarit\u00e9. Ce serait mal conna\u00eetre notre Patoche<br \/>\nnational, ancien animateur-star mais homme du peuple.<\/p>\n<p><strong>En r\u00e9alit\u00e9, Patrick S\u00e9bastien a une r\u00e9elle attache au<br \/>\nterroir et plus particuli\u00e8rement la Corr\u00e8ze.<\/strong> Celui est n\u00e9<br \/>\n\u00e0 <strong>Brive-la-Gaillarde<\/strong> et a grandi du c\u00f4t\u00e9 de<br \/>\n<strong>Juillac<\/strong> avant de monter vers la capitale<br \/>\nparisienne pour devenir c\u00e9l\u00e8bre. Ainsi, toujours sur ses propres<br \/>\nr\u00e9seaux, l\u2019homme de m\u00e9dia a repartag\u00e9 une vid\u00e9o, le 17 d\u00e9cembre<br \/>\n2025, sur laquelle, cette fois-ci, il se tient aux c\u00f4t\u00e9s de<br \/>\nnombreux agriculteurs en col\u00e8re. Il a un message clair, net et<br \/>\npr\u00e9cis \u00e0 faire passer. \u201cCoucou tout le monde&#8230;\u201d, l\u00e2che<br \/>\nPatrick S\u00e9bastien \u00e0 l\u2019aise dans ses baskets entour\u00e9 de manifestants<br \/>\nvenant du monde agricole. \u201cLa derni\u00e8re fois, j\u2019ai fait un<br \/>\nmessage pour les agriculteurs, il y a des bons esprits qui m\u2019ont<br \/>\ndit : \u2018C\u2019est bien de parler mais faut y aller\u2019.<br \/>\n<strong>Ben, voil\u00e0, j\u2019y suis !<\/strong>\u201d Fier de repr\u00e9senter<br \/>\nle peuple, l\u2019ancien pr\u00e9sentateur encha\u00eene : \u201cAvec mes amis de<br \/>\nla coordination rurale, on est sur le point de blocage d\u2019Egletons,<br \/>\nchez moi, en Corr\u00e8ze.\u201d Avant d\u2019ajouter : \u201cE<strong>t je<br \/>\ntenais vraiment \u00e0 les soutenir une fois de plus<\/strong><br \/>\n[&#8230;]\u201d Promis, aucune fellation n&rsquo;a \u00e9t\u00e9 simul\u00e9e -ou non d&rsquo;ailleurs-<br \/>\nce jour-l\u00e0 avec un membre de l&rsquo;assembl\u00e9e.<\/p>\n","protected":false},"excerpt":{"rendered":"Patrick S\u00e9bastien est une sommit\u00e9 du paysage audiovisuel fran\u00e7ais. Et m\u00eame plus, artiste touche-\u00e0-tout, celui-ci s\u2019est essay\u00e9 au&hellip;\n","protected":false},"author":2,"featured_media":664012,"comment_status":"","ping_status":"","sticky":false,"template":"","format":"standard","meta":{"footnotes":""},"categories":[1359],"tags":[905,58,59,1011,27,61777,6097,973,729],"class_list":{"0":"post-664011","1":"post","2":"type-post","3":"status-publish","4":"format-standard","5":"has-post-thumbnail","7":"category-people","8":"tag-a-la-une-melty","9":"tag-divertissement","10":"tag-entertainment","11":"tag-fr","12":"tag-france","13":"tag-has_video","14":"tag-patrick-sebastien","15":"tag-people","16":"tag-yout_video"},"share_on_mastodon":{"url":"https:\/\/pubeurope.com\/@fr\/115896008306864844","error":""},"_links":{"self":[{"href":"https:\/\/www.europesays.com\/fr\/wp-json\/wp\/v2\/posts\/664011","targetHints":{"allow":["GET"]}}],"collection":[{"href":"https:\/\/www.europesays.com\/fr\/wp-json\/wp\/v2\/posts"}],"about":[{"href":"https:\/\/www.europesays.com\/fr\/wp-json\/wp\/v2\/types\/post"}],"author":[{"embeddable":true,"href":"https:\/\/www.europesays.com\/fr\/wp-json\/wp\/v2\/users\/2"}],"replies":[{"embeddable":true,"href":"https:\/\/www.europesays.com\/fr\/wp-json\/wp\/v2\/comments?post=664011"}],"version-history":[{"count":0,"href":"https:\/\/www.europesays.com\/fr\/wp-json\/wp\/v2\/posts\/664011\/revisions"}],"wp:featuredmedia":[{"embeddable":true,"href":"https:\/\/www.europesays.com\/fr\/wp-json\/wp\/v2\/media\/664012"}],"wp:attachment":[{"href":"https:\/\/www.europesays.com\/fr\/wp-json\/wp\/v2\/media?parent=664011"}],"wp:term":[{"taxonomy":"category","embeddable":true,"href":"https:\/\/www.europesays.com\/fr\/wp-json\/wp\/v2\/categories?post=664011"},{"taxonomy":"post_tag","embeddable":true,"href":"https:\/\/www.europesays.com\/fr\/wp-json\/wp\/v2\/tags?post=664011"}],"curies":[{"name":"wp","href":"https:\/\/api.w.org\/{rel}","templated":true}]}}