{"id":664015,"date":"2026-01-14T23:20:10","date_gmt":"2026-01-14T23:20:10","guid":{"rendered":"https:\/\/www.europesays.com\/fr\/664015\/"},"modified":"2026-01-14T23:20:10","modified_gmt":"2026-01-14T23:20:10","slug":"delphine-wespiser-son-retour-en-force-sur-tbt9-apres-trois-ans-dabsence","status":"publish","type":"post","link":"https:\/\/www.europesays.com\/fr\/664015\/","title":{"rendered":"Delphine Wespiser : son retour en force sur TBT9 apr\u00e8s trois ans d\u2019absence"},"content":{"rendered":"<p>Elle signe enfin son retour ! Apr\u00e8s trois ans d\u2019absence sur les plateaux t\u00e9l\u00e9vis\u00e9s qui l\u2019ont r\u00e9v\u00e9l\u00e9e au grand public, <a href=\"https:\/\/www.public.fr\/tag\/delphine-wespiser\" target=\"_blank\" rel=\"noopener\">Delphine Wespiser<\/a> effectue un retour tr\u00e8s attendu. En effet, <strong>l\u2019ancienne Miss France redevient chroniqueuse aux c\u00f4t\u00e9s de <a href=\"https:\/\/www.public.fr\/tag\/cyril-hanouna\" target=\"_blank\" rel=\"noopener\">Cyril Hanouna<\/a><\/strong> \u00e0 partir de ce mercredi 14 janvier 2026 comme l\u2019a annonc\u00e9 l\u2019animateur en direct dans sa quotidienne.\u00a0<\/p>\n<p><a href=\"https:\/\/vsd.fr\/tag\/cyril-hanouna\/\" target=\"_blank\" rel=\"noopener\">Cyril Hanouna<\/a> lui-m\u00eame, a fait officiellement l\u2019annonce lors de l\u2019\u00e9mission diffus\u00e9e sur W9. L\u2019ancienne Miss France 2012, chroniqueuse et animatrice polyvalente,<strong> rejoint ainsi l\u2019\u00e9quipe du talk\u2011show pour une nouvelle aventure t\u00e9l\u00e9visuelle<\/strong>, apr\u00e8s avoir fait ses adieux il y a plusieurs ann\u00e9es \u00e0 pr\u00e9sent.\u00a0<\/p>\n<p><strong>Un retour annonc\u00e9 en direct par Cyril Hanouna<\/strong><\/p>\n<p>L\u2019animateur a annonc\u00e9 au d\u00e9but de sa quotidienne qu\u2019il ferait une grande annonce en fin d&rsquo;\u00e9mission. \u00c0 savoir, <strong>le retour d\u2019un ou une chroniqueuse embl\u00e9matique<\/strong>. Finalement, alors que le Prime des V\u00e9rit\u00e9s venait de d\u00e9marrer, \u00ab\u00a0Baba\u00a0\u00bb a d\u00e9cid\u00e9 de lever le voile sur ce myst\u00e8re et r\u00e9v\u00e9ler l\u2019identit\u00e9 de la personne.<\/p>\n<p>Apr\u00e8s plusieurs questions pos\u00e9es par les chroniqueurs de <strong><a href=\"https:\/\/www.public.fr\/tag\/tout-beau-tout-9\" target=\"_blank\" rel=\"noopener\">TBT9<\/a><\/strong>, pour tenter de deviner de qui il s&rsquo;agissait, <strong>Cyril Hanouna a officialis\u00e9 le retour de Delphine Wespiser \u00e0 ses c\u00f4t\u00e9s.<\/strong> Apr\u00e8s trois ann\u00e9es consacr\u00e9es \u00e0 d\u2019autres projets, notamment des \u00e9missions de t\u00e9l\u00e9\u2011r\u00e9alit\u00e9 sur W9 et la pr\u00e9sentation de <strong>L\u2019\u00cele de la Tentation<\/strong>, l\u2019ancienne Miss France revient dans le giron du talk\u2011show quotidien.\u00a0<\/p>\n<p>Le pr\u00e9sentateur n\u2019a pas manqu\u00e9 de soulign\u00e9 le parcours et l\u2019exp\u00e9rience de <strong>sa \u00ab\u00a0nouvelle\u00a0\u00bb recrue<\/strong>, rappelant combien elle avait marqu\u00e9 les audiences en tant que chroniqueuse et Miss France. Une fois assise autour de la table qu\u2019elle a quitt\u00e9e il y a trois ans, Delphine Wespiser a donn\u00e9 les raisons de son retour et surtout de son d\u00e9part.\u00a0<\/p>\n<p><strong>Delphine Wespiser, pourquoi avait-elle quitt\u00e9 la bande ?\u00a0<\/strong><\/p>\n<p>C\u2019est en r\u00e9pondant aux questions de Val\u00e9rie Bena\u00efm et Gilles Verdez que l\u2019ex-reine de beaut\u00e9 a vid\u00e9 son sac et a expliqu\u00e9, en partie, pour quelles raisons elle avait accept\u00e9 de revenir. \u00ab\u00a0En deux, trois ans, les gens changent. Y\u2019a plein de choses qui se sont pass\u00e9es dans ma vie. J&rsquo;ai grandi. J&rsquo;ai grandi \u00e0 la suite de certaines d\u00e9ceptions. <strong>Je sais maintenant aussi ce que c&rsquo;est la maladie<\/strong>\u00ab\u00a0, en r\u00e9f\u00e9rence \u00e0 la grave maladie dont souffre <a href=\"https:\/\/www.public.fr\/delphine-wespiser-apres-de-longues-semaines-de-bataille-au-cote-de-roger-le-bebe-du-bonheur\" target=\"_blank\" rel=\"noopener\">son compagnon Roger.<\/a><\/p>\n<p>\u00ab\u00a0Je n\u2019avais pas compris, \u00e0 l\u2019\u00e9poque, pourquoi est-ce qu&rsquo;il y a trois ans, <strong>vous avez quitt\u00e9 l&rsquo;\u00e9mission<\/strong> ?\u00a0\u00bb a alors demand\u00e9 Gilles Verdez. \u00c0 quoi Delphine Wespiser a r\u00e9pondu : \u00ab\u00a0Parce que<strong> j&rsquo;ai une tr\u00e8s belle opportunit\u00e9 professionnelle<\/strong>, c&rsquo;est ce qu&rsquo;on appelle en foot aussi un transfert. En fait, il y a le groupe M6 un jour qui a t\u00e9l\u00e9phon\u00e9 et qui a dit : \u2018On aimerait bien la petite\u2019. \u00c0 ce moment-l\u00e0, ils disaient \u00e7a. Et ils m&rsquo;ont propos\u00e9 de r\u00e9aliser en fait mon r\u00eave de vivre de ce que j&rsquo;aime faire, c&rsquo;est-\u00e0-dire pr\u00e9senter des \u00e9missions. <strong>On m&rsquo;a propos\u00e9 l&rsquo;\u00cele de la Tentation.<\/strong> Maintenant, \u00e7a fait trois ans. Je sais que le public attend vraiment le retour de l&rsquo;\u00cele. D&rsquo;ailleurs, c&rsquo;est le 20 janvier. C&rsquo;est la semaine prochaine\u00a0\u00bb.<\/p>\n<p>De plus, la chroniqueuse de Cyril Hanouna enfin de retour sur <strong>TBT9,<\/strong> a r\u00e9v\u00e9l\u00e9 que <strong>Roger l\u2019avait \u00e9galement pouss\u00e9e \u00e0 r\u00e9pondre favorablement \u00e0 la demande de l\u2019animateur<\/strong>. Ce dernier avait en effet propos\u00e9 \u00e0 l\u2019ex-Miss France de revenir il y a un an. La principale int\u00e9ress\u00e9e a finalement accept\u00e9 la demande ce mardi 13 janvier 2026 \u00e0 23 heures comme l\u2019a r\u00e9v\u00e9l\u00e9 \u00ab\u00a0Baba\u00a0\u00bb.<\/p>\n<p>\n          Hits &amp; People en continu\n        <\/p>\n<p>\n          Public Radio\n        <\/p>\n<p>      Mentionn\u00e9s dans cet article<\/p>\n<p>      Sur le m\u00eame sujet<\/p>\n","protected":false},"excerpt":{"rendered":"Elle signe enfin son retour ! Apr\u00e8s trois ans d\u2019absence sur les plateaux t\u00e9l\u00e9vis\u00e9s qui l\u2019ont r\u00e9v\u00e9l\u00e9e au&hellip;\n","protected":false},"author":2,"featured_media":664016,"comment_status":"","ping_status":"","sticky":false,"template":"","format":"standard","meta":{"footnotes":""},"categories":[1356],"tags":[1083,33841,58,59,1011,27,20382,3034,252,22498,22497,1364],"class_list":{"0":"post-664015","1":"post","2":"type-post","3":"status-publish","4":"format-standard","5":"has-post-thumbnail","7":"category-television","8":"tag-cyril-hanouna","9":"tag-delphine-wespiser","10":"tag-divertissement","11":"tag-entertainment","12":"tag-fr","13":"tag-france","14":"tag-lile-de-la-tentation","15":"tag-miss-france","16":"tag-television","17":"tag-tout-9-tbt9","18":"tag-tout-beau","19":"tag-tv"},"share_on_mastodon":{"url":"https:\/\/pubeurope.com\/@fr\/115896020075977561","error":""},"_links":{"self":[{"href":"https:\/\/www.europesays.com\/fr\/wp-json\/wp\/v2\/posts\/664015","targetHints":{"allow":["GET"]}}],"collection":[{"href":"https:\/\/www.europesays.com\/fr\/wp-json\/wp\/v2\/posts"}],"about":[{"href":"https:\/\/www.europesays.com\/fr\/wp-json\/wp\/v2\/types\/post"}],"author":[{"embeddable":true,"href":"https:\/\/www.europesays.com\/fr\/wp-json\/wp\/v2\/users\/2"}],"replies":[{"embeddable":true,"href":"https:\/\/www.europesays.com\/fr\/wp-json\/wp\/v2\/comments?post=664015"}],"version-history":[{"count":0,"href":"https:\/\/www.europesays.com\/fr\/wp-json\/wp\/v2\/posts\/664015\/revisions"}],"wp:featuredmedia":[{"embeddable":true,"href":"https:\/\/www.europesays.com\/fr\/wp-json\/wp\/v2\/media\/664016"}],"wp:attachment":[{"href":"https:\/\/www.europesays.com\/fr\/wp-json\/wp\/v2\/media?parent=664015"}],"wp:term":[{"taxonomy":"category","embeddable":true,"href":"https:\/\/www.europesays.com\/fr\/wp-json\/wp\/v2\/categories?post=664015"},{"taxonomy":"post_tag","embeddable":true,"href":"https:\/\/www.europesays.com\/fr\/wp-json\/wp\/v2\/tags?post=664015"}],"curies":[{"name":"wp","href":"https:\/\/api.w.org\/{rel}","templated":true}]}}