{"id":664017,"date":"2026-01-14T23:21:12","date_gmt":"2026-01-14T23:21:12","guid":{"rendered":"https:\/\/www.europesays.com\/fr\/664017\/"},"modified":"2026-01-14T23:21:12","modified_gmt":"2026-01-14T23:21:12","slug":"le-president-sud-coreen-et-la-premiere-ministre-japonaise-jouent-deux-titres-de-k-pop-a-la-batterie","status":"publish","type":"post","link":"https:\/\/www.europesays.com\/fr\/664017\/","title":{"rendered":"Le pr\u00e9sident sud-cor\u00e9en et la premi\u00e8re ministre japonaise jouent deux titres de K-pop \u00e0 la batterie"},"content":{"rendered":"<p>Lee Jae Myung et Sanae Takaichi ont jou\u00e9 ensemble deux titres de K-pop \u00e0 la batterie \u00e0 l&rsquo;issue de leur rencontre \u00e0 Nara, dans l&rsquo;ouest du Japon.<\/p>\n<p>Les dirigeants japonaise et sud-cor\u00e9en ont jou\u00e9 ensemble deux titres de K-pop \u00e0 la batterie en marge de leurs discussions officielles, le pr\u00e9sident sud-cor\u00e9en Lee Jae Myung estimant que tous deux partageaient le d\u00e9sir de \u00ab\u00a0synchroniser la cadence\u00a0\u00bb.<\/p>\n<p>M. Lee et la Premi\u00e8re ministre nippone Sanae Takaichi, v\u00eatus pour l&rsquo;occasion de hauts de surv\u00eatement bleus floqu\u00e9s \u00e0 leur nom, ont post\u00e9 sur X des photos les montrant baguettes en main apr\u00e8s leur rencontre mardi \u00e0 Nara (ouest du Japon), d&rsquo;o\u00f9 est originaire Mme Takaichi.<\/p>\n<p>BTS et Kpop Demon Hunters<\/p>\n<p>Tous deux sont convenus de renforcer la coop\u00e9ration en mati\u00e8re de s\u00e9curit\u00e9 \u00e9conomique ainsi que sur les questions internationales, selon la pr\u00e9sidence sud-cor\u00e9enne, tandis que Mme Takaichi a soulign\u00e9 que les deux voisins \u00ab\u00a0doivent coop\u00e9rer pour garantir la stabilit\u00e9 r\u00e9gionale\u00a0\u00bb.<\/p>\n<p>\u00ab\u00a0Apr\u00e8s le sommet, j&rsquo;ai jou\u00e9 de la batterie avec le pr\u00e9sident Lee Jae Myung\u00a0\u00bb, a \u00e9crit dans un message sur X Mme Takaichi, qui pratiquait cet instrument dans un groupe de heavy metal lorsqu&rsquo;elle \u00e9tait \u00e9tudiante.<\/p>\n<blockquote class=\"embed embed_quote\"><p>\u00ab\u00a0Quand nous nous sommes rencontr\u00e9s \u00e0 l&rsquo;APEC l&rsquo;an dernier, il m&rsquo;a dit que son r\u00eave \u00e9tait de jouer de la batterie, alors nous avons pr\u00e9par\u00e9 une surprise\u00a0\u00bb, a-t-elle ajout\u00e9, pr\u00e9cisant que les dirigeants ont interpr\u00e9t\u00e9 deux chansons de K-pop.<\/p><\/blockquote>\n<p>Il s&rsquo;agissait du tube \u00ab\u00a0Dynamite\u00a0\u00bb du groupe BTS et de \u00ab\u00a0Golden\u00a0\u00bb, tir\u00e9e du film d&rsquo;animation am\u00e9ricain prim\u00e9 aux Golden Globes \u00ab\u00a0Kpop Demon Hunters\u00a0\u00bb.<\/p>\n<p>M. Lee a estim\u00e9 sur X que \u00ab\u00a0c&rsquo;\u00e9tait un peu g\u00eanant au d\u00e9but, mais plus je tapais, plus le son s&rsquo;accordait\u00a0\u00bb.<\/p>\n<blockquote class=\"embed embed_quote\"><p>\u00ab\u00a0M\u00eame si le rythme \u00e9tait un peu diff\u00e9rent, nous partagions le m\u00eame d\u00e9sir de synchroniser la cadence\u00a0\u00bb, a-t-il ajout\u00e9. \u00ab\u00a0Nous travaillerons ensemble pour b\u00e2tir une relation Cor\u00e9e-Japon tourn\u00e9e vers l&rsquo;avenir.\u00a0\u00bb<\/p><\/blockquote>\n<p>Les dirigeants ont visit\u00e9 mercredi matin l&rsquo;un des plus anciens temples du Japon, \u00e0 Nara. Le pr\u00e9sident sud-cor\u00e9en doit repartir plus tard dans la journ\u00e9e.<\/p>\n<p>Cette rencontre avait pour toile de fond la vive querelle diplomatique entre le Japon et la Chine, d\u00e9clench\u00e9e par des propos de Mme Takaichi, qui a d\u00e9clar\u00e9 en novembre que le Japon pourrait intervenir militairement si la Chine attaquait Ta\u00efwan.<\/p>\n<p>La coop\u00e9ration entre les deux alli\u00e9s des \u00c9tats-Unis \u00ab\u00a0est plus importante que jamais\u00a0\u00bb, a jug\u00e9 M. Lee. \u00ab\u00a0Dans cette situation de plus en plus complexe et au sein d&rsquo;un ordre international en rapide mutation, nous devons continuer \u00e0 progresser vers un avenir meilleur\u00a0\u00bb, a-t-il ajout\u00e9.<\/p>\n<p>Sur le plan bilat\u00e9ral, les douloureux souvenirs de l&rsquo;occupation brutale de la p\u00e9ninsule cor\u00e9enne par le Japon de 1910 \u00e0 1945 continuent de peser sur les relations entre Tokyo et S\u00e9oul.<\/p>\n<p>Le pr\u00e9d\u00e9cesseur conservateur de M. Lee, Yoon Suk Yeol, qui avait d\u00e9clar\u00e9 la loi martiale en d\u00e9cembre 2024 avant d&rsquo;\u00eatre destitu\u00e9, avait cherch\u00e9 \u00e0 am\u00e9liorer les relations avec le Japon.<\/p>\n<p>Lee Jae Myung, plus conciliant envers la Cor\u00e9e du Nord que M. Yoon, a affirm\u00e9 que la Cor\u00e9e du Sud et le Japon sont comme \u00ab\u00a0des voisins partageant une cour commune\u00a0\u00bb.<\/p>\n","protected":false},"excerpt":{"rendered":"Lee Jae Myung et Sanae Takaichi ont jou\u00e9 ensemble deux titres de K-pop \u00e0 la batterie \u00e0 l&rsquo;issue&hellip;\n","protected":false},"author":2,"featured_media":664018,"comment_status":"","ping_status":"","sticky":false,"template":"","format":"standard","meta":{"footnotes":""},"categories":[1355],"tags":[58,59,1011,27,1361,873],"class_list":{"0":"post-664017","1":"post","2":"type-post","3":"status-publish","4":"format-standard","5":"has-post-thumbnail","7":"category-musique","8":"tag-divertissement","9":"tag-entertainment","10":"tag-fr","11":"tag-france","12":"tag-music","13":"tag-musique"},"share_on_mastodon":{"url":"https:\/\/pubeurope.com\/@fr\/115896024079881910","error":""},"_links":{"self":[{"href":"https:\/\/www.europesays.com\/fr\/wp-json\/wp\/v2\/posts\/664017","targetHints":{"allow":["GET"]}}],"collection":[{"href":"https:\/\/www.europesays.com\/fr\/wp-json\/wp\/v2\/posts"}],"about":[{"href":"https:\/\/www.europesays.com\/fr\/wp-json\/wp\/v2\/types\/post"}],"author":[{"embeddable":true,"href":"https:\/\/www.europesays.com\/fr\/wp-json\/wp\/v2\/users\/2"}],"replies":[{"embeddable":true,"href":"https:\/\/www.europesays.com\/fr\/wp-json\/wp\/v2\/comments?post=664017"}],"version-history":[{"count":0,"href":"https:\/\/www.europesays.com\/fr\/wp-json\/wp\/v2\/posts\/664017\/revisions"}],"wp:featuredmedia":[{"embeddable":true,"href":"https:\/\/www.europesays.com\/fr\/wp-json\/wp\/v2\/media\/664018"}],"wp:attachment":[{"href":"https:\/\/www.europesays.com\/fr\/wp-json\/wp\/v2\/media?parent=664017"}],"wp:term":[{"taxonomy":"category","embeddable":true,"href":"https:\/\/www.europesays.com\/fr\/wp-json\/wp\/v2\/categories?post=664017"},{"taxonomy":"post_tag","embeddable":true,"href":"https:\/\/www.europesays.com\/fr\/wp-json\/wp\/v2\/tags?post=664017"}],"curies":[{"name":"wp","href":"https:\/\/api.w.org\/{rel}","templated":true}]}}