{"id":664026,"date":"2026-01-14T23:25:17","date_gmt":"2026-01-14T23:25:17","guid":{"rendered":"https:\/\/www.europesays.com\/fr\/664026\/"},"modified":"2026-01-14T23:25:17","modified_gmt":"2026-01-14T23:25:17","slug":"le-15-janvier-maud-risque-la","status":"publish","type":"post","link":"https:\/\/www.europesays.com\/fr\/664026\/","title":{"rendered":"le 15 janvier, Maud risque l\u2019a &#8230;"},"content":{"rendered":"<p>EN BREF<\/p>\n<ul class=\"bloc_resume_post_list\">\n<li>Le 15 janvier 2026, Aaron rencontre une pr\u00e9tendante via<br \/>\nune application de rencontre.<\/li>\n<li>Erica retrouve son fr\u00e8re, Basile.<\/li>\n<li>Maud risque l\u00a0\u00bbamputation en raison de l&rsquo;intervention de<br \/>\nChlo\u00e9, causant des tensions avec Rapha\u00eblle.<\/li>\n<\/ul>\n<p>Dans l\u2019\u00e9pisode de <strong>Demain nous<br \/>\nappartient<\/strong> du jeudi 15 janvier 2026 sur <a href=\"https:\/\/www.telestar.fr\/tag\/tf1\" target=\"_blank\" rel=\"noopener\">TF1<\/a>, vingt-quatre heures<br \/>\napr\u00e8s son inscription sur une application de rencontre,<br \/>\n<strong>Aaron (Stany Coppet) se jette \u00e0 l\u2019eau<\/strong> et rencontre<br \/>\nune de ses pr\u00e9tendantes au Spoon. Mal \u00e0 l\u2019aise, le chirurgien passe<br \/>\nl\u2019int\u00e9gralit\u00e9 du rendez-vous \u00e0 parler de lui. <strong>Le date est<br \/>\nun \u00e9chec !<\/strong> Ailleurs \u00e0 S\u00e8te, Soizic (Charlie Nune) tombe<br \/>\nsur le profil d\u2019Aaron en trainant sur l\u2019application. Elle ne<br \/>\ncomprend pas pourquoi le m\u00e9decin a besoin de \u00e7a pour se caser\u2026<\/p>\n<p>Au lyc\u00e9e Georges Brassens, <strong>Violette (Salom\u00e9 Benitha)<br \/>\nsurprend des petits regards entre Esm\u00e9e (Ana\u00efs Decraye) et Bastien<br \/>\n(Nicolas Jacquens).<\/strong> Elle conseille \u00e0 son meilleur ami de<br \/>\ntenter quelque chose avec la jeune femme, qu\u2019il a toujours trouv\u00e9e<br \/>\nmignonne. En fin de journ\u00e9e, Bastien suit le conseil de Violette et<br \/>\nva inviter Esm\u00e9e \u00e0 boire un verre. L\u2019adolescente est ravie, mais<br \/>\nelle doit d\u00e9cliner. Elle a promis \u00e0 sa m\u00e8re de l\u2019aider sur son<br \/>\nstand.<\/p>\n<p>Erica retrouve son fr\u00e8re Basile<\/p>\n<p>Convoqu\u00e9 au commissariat, Basile (Nicolas Berger Vachon), le<br \/>\nfr\u00e8re d\u2019Erica (Shirley Bousquet), raconte avoir <strong>\u00e9t\u00e9 agress\u00e9<br \/>\nchez lui la veille de l\u2019arriv\u00e9e de Chlo\u00e9 (Ingrid Chauvin)<\/strong><br \/>\net des autres au g\u00eete. Son agresseur l\u2019a frapp\u00e9 \u00e0 la t\u00eate pour<br \/>\nl\u2019assommer, puis l\u2019a ligot\u00e9 dans une chambre et l\u2019a drogu\u00e9.<br \/>\nLorsqu\u2019il a retrouv\u00e9 ses esprits, il \u00e9tait dans la for\u00eat. Par peur<br \/>\nde retomber sur l\u2019homme, il n\u2019est pas retourn\u00e9 chez lui et est<br \/>\nparti vers la vall\u00e9e. Il y a \u00e9t\u00e9 d\u00e9couvert par un agriculteur, qui<br \/>\nl\u2019a conduit \u00e0 l\u2019h\u00f4pital d\u2019Al\u00e8s.<\/p>\n<p><strong>Basile n\u2019a aucune id\u00e9e de l\u2019identit\u00e9 de celui qui l\u2019a<br \/>\nagress\u00e9<\/strong> et ne reconna\u00eet pas le portrait-robot de la<br \/>\npolice. Il ne comprend pas qui pourrait lui en vouloir, ni qui<br \/>\npourrait vouloir harceler Erica\u2026 \u00c0 sa sortie du commissariat,<br \/>\n<strong>Basile retrouve Erica pour la premi\u00e8re fois en dix<br \/>\nans.<\/strong> Erica est profond\u00e9ment rassur\u00e9e de serrer son fr\u00e8re<br \/>\ndans ses bras, ayant bien cru qu\u2019elle l\u2019avait d\u00e9finitivement perdu.<br \/>\nElle lui propose de venir habiter chez elle le temps que la police<br \/>\narr\u00eate son agresseur.<\/p>\n<p>Maud risque l\u2019amputation<\/p>\n<p>Chez les Delcourt, Marianne (Luce Mouchel) vient donner des<br \/>\nnouvelles de <a href=\"https:\/\/www.telestar.fr\/serie_tv\/demain-nous-appartient-en-avance-le-14-janvier-maud-va-tres-mal-et-le-vrai-basile-contacte-erica-1750849\" target=\"_blank\" rel=\"noopener\"><br \/>\nMaud (Sixtine Dutheil)<\/a> \u00e0 Chlo\u00e9 (Ingrid Chauvin). Vu son \u00e9tat<br \/>\nclinique, il semblerait qu\u2019elle souffre d\u2019une isch\u00e9mie aigue.<br \/>\nAutrement dit, <strong>son bras n\u2019est plus aliment\u00e9 en sang et elle<br \/>\nrisque l\u2019amputation<\/strong>. La nouvelle bouleverse Chlo\u00e9, qui<br \/>\ncomprend qu\u2019elle est responsable de ce qui arrive. Elle a<br \/>\nprobablement endommag\u00e9 l\u2019art\u00e8re en voulant r\u00e9duire sa luxation de<br \/>\nl\u2019\u00e9paule.<\/p>\n<p>\u00c0 l\u2019h\u00f4pital, le scanner confirme les soup\u00e7ons du corps<br \/>\nm\u00e9dical\u00a0: Maud souffre d\u2019une isch\u00e9mie aigue et va devoir \u00eatre<br \/>\nop\u00e9r\u00e9e d\u2019urgence. Rapha\u00eblle est boulevers\u00e9e et en veut \u00e9norm\u00e9ment \u00e0<br \/>\nChlo\u00e9. Elle est persuad\u00e9e que sa fille ne serait pas dans cet \u00e9tat<br \/>\nsi son amie n\u2019\u00e9tait pas intervenue dans la for\u00eat\u2026 En fin de<br \/>\njourn\u00e9e, Chlo\u00e9 passe \u00e0 l\u2019h\u00f4pital pour prendre des nouvelles de<br \/>\nMaud, toujours au bloc. <strong>Rapha\u00eblle se montre tr\u00e8s froide,<br \/>\nd\u00e9clarant qu\u2019elle ne lui pardonnera jamais si sa fille perd son<br \/>\nbras.<\/strong><\/p>\n","protected":false},"excerpt":{"rendered":"EN BREF Le 15 janvier 2026, Aaron rencontre une pr\u00e9tendante via une application de rencontre. Erica retrouve son&hellip;\n","protected":false},"author":2,"featured_media":664027,"comment_status":"","ping_status":"","sticky":false,"template":"","format":"standard","meta":{"footnotes":""},"categories":[8],"tags":[548,3598,58,59,1011,27],"class_list":{"0":"post-664026","1":"post","2":"type-post","3":"status-publish","4":"format-standard","5":"has-post-thumbnail","7":"category-divertissement","8":"tag-article-simple","9":"tag-demain-nous-appartient","10":"tag-divertissement","11":"tag-entertainment","12":"tag-fr","13":"tag-france"},"share_on_mastodon":{"url":"https:\/\/pubeurope.com\/@fr\/115896039786782066","error":""},"_links":{"self":[{"href":"https:\/\/www.europesays.com\/fr\/wp-json\/wp\/v2\/posts\/664026","targetHints":{"allow":["GET"]}}],"collection":[{"href":"https:\/\/www.europesays.com\/fr\/wp-json\/wp\/v2\/posts"}],"about":[{"href":"https:\/\/www.europesays.com\/fr\/wp-json\/wp\/v2\/types\/post"}],"author":[{"embeddable":true,"href":"https:\/\/www.europesays.com\/fr\/wp-json\/wp\/v2\/users\/2"}],"replies":[{"embeddable":true,"href":"https:\/\/www.europesays.com\/fr\/wp-json\/wp\/v2\/comments?post=664026"}],"version-history":[{"count":0,"href":"https:\/\/www.europesays.com\/fr\/wp-json\/wp\/v2\/posts\/664026\/revisions"}],"wp:featuredmedia":[{"embeddable":true,"href":"https:\/\/www.europesays.com\/fr\/wp-json\/wp\/v2\/media\/664027"}],"wp:attachment":[{"href":"https:\/\/www.europesays.com\/fr\/wp-json\/wp\/v2\/media?parent=664026"}],"wp:term":[{"taxonomy":"category","embeddable":true,"href":"https:\/\/www.europesays.com\/fr\/wp-json\/wp\/v2\/categories?post=664026"},{"taxonomy":"post_tag","embeddable":true,"href":"https:\/\/www.europesays.com\/fr\/wp-json\/wp\/v2\/tags?post=664026"}],"curies":[{"name":"wp","href":"https:\/\/api.w.org\/{rel}","templated":true}]}}