{"id":664033,"date":"2026-01-14T23:29:17","date_gmt":"2026-01-14T23:29:17","guid":{"rendered":"https:\/\/www.europesays.com\/fr\/664033\/"},"modified":"2026-01-14T23:29:17","modified_gmt":"2026-01-14T23:29:17","slug":"fini-le-steak-frites-argentin-le-loiret-veut-bannir-la-viande-sud-americaine-des-cantines-des-colleges","status":"publish","type":"post","link":"https:\/\/www.europesays.com\/fr\/664033\/","title":{"rendered":"Fini le steak frites argentin\u2026 Le Loiret veut bannir la viande sud-am\u00e9ricaine des cantines des coll\u00e8ges"},"content":{"rendered":"<p>A l\u2019heure o\u00f9 l\u2019accord <a href=\"https:\/\/www.20minutes.fr\/dossier\/ue\" target=\"_blank\" class=\"c-link c-link--is-underlined\" rel=\"noopener\">UE<\/a>&#8211;<a href=\"https:\/\/www.20minutes.fr\/economie\/mercosur\/\" target=\"_blank\" class=\"c-link c-link--is-underlined\" rel=\"noopener\">Mercosur<\/a> divise le monde agricole, le d\u00e9partement du <a href=\"https:\/\/www.20minutes.fr\/dossier\/loiret\" target=\"_blank\" class=\"c-link c-link--is-underlined\" rel=\"noopener\">Loiret<\/a> affiche sa position en mati\u00e8re d\u2019achats publics. Mercredi, il a annonc\u00e9 vouloir exclure les <a href=\"https:\/\/www.20minutes.fr\/dossier\/viande\" target=\"_blank\" class=\"c-link c-link--is-underlined\" rel=\"noopener\">viandes<\/a> d\u2019origine latino-am\u00e9ricaine de la restauration scolaire dans ses coll\u00e8ges.<\/p>\n<p>Dans un communiqu\u00e9, la collectivit\u00e9 indique que les chefs de cuisine seront d\u00e9sormais invit\u00e9s \u00ab\u00a0\u00e0 ne pas acheter\u00a0\u00bb les produits issus d\u2019<a href=\"https:\/\/www.20minutes.fr\/dossier\/amerique_du_sud\" target=\"_blank\" class=\"c-link c-link--is-underlined\" rel=\"noopener\">Am\u00e9rique du Sud<\/a>. La mesure concerne les 68 <a href=\"https:\/\/www.20minutes.fr\/dossier\/college\" target=\"_blank\" class=\"c-link c-link--is-underlined\" rel=\"noopener\">coll\u00e8ges<\/a> publics du d\u00e9partement, repr\u00e9sentant \u00ab\u00a0un peu plus de 24.000 repas journaliers\u00a0\u00bb, selon Marc Gaudet, pr\u00e9sident (UDI) du conseil d\u00e9partemental, qui soumettra une motion au vote le 30\u00a0janvier.<\/p>\n<\/p>\n<p>Des repas qui seront un peu plus chers<\/p>\n<p>L\u2019\u00e9lu assure que la pr\u00e9sence de ces produits reste \u00ab\u00a0r\u00e9siduelle\u00a0\u00bb dans les <a href=\"https:\/\/www.20minutes.fr\/dossier\/cantine\" target=\"_blank\" class=\"c-link c-link--is-underlined\" rel=\"noopener\">cantines<\/a>, tout en \u00e9voquant des \u00ab\u00a0produits transform\u00e9s et de viande surgel\u00e9e hors-UE\u00a0\u00bb. Les opposants \u00e0 l\u2019accord UE-Mercosur d\u00e9noncent notamment l\u2019importation de produits moins chers et jug\u00e9s insuffisamment align\u00e9s sur les normes europ\u00e9ennes, en raison de contr\u00f4les consid\u00e9r\u00e9s comme trop faibles.<\/p>\n<p><a href=\"https:\/\/www.20minutes.fr\/economie\/mercosur\/\" target=\"_blank\" class=\"c-link c-btn c-btn--primary\" rel=\"noopener\">Notre dossier sur l&rsquo;accord UE-Mercosur<\/a><\/p>\n<p>Dans le Loiret, la part de produits locaux dans les assiettes atteint environ 25\u00a0%, loin de l\u2019objectif de 50\u00a0% fix\u00e9 par la loi Egalim, selon Marc Gaudet. Le co\u00fbt moyen du repas, estim\u00e9 \u00e0 3,75 euros, pourrait \u00eatre \u00ab\u00a0un peu plus cher\u00a0\u00bb, un surco\u00fbt qui serait absorb\u00e9 par les \u00e9tablissements puis, \u00e0 terme, par le <a href=\"https:\/\/www.20minutes.fr\/dossier\/departements\" target=\"_blank\" class=\"c-link c-link--is-underlined\" rel=\"noopener\">d\u00e9partement<\/a>, tandis que le pr\u00e9sident du Loiret dit esp\u00e9rer un effet \u00ab\u00a0boule de neige\u00a0\u00bb aupr\u00e8s des communes, de la r\u00e9gion et des <a href=\"https:\/\/www.20minutes.fr\/dossier\/ehpad\" target=\"_blank\" class=\"c-link c-link--is-underlined\" rel=\"noopener\">Ehpad<\/a>.<\/p>\n","protected":false},"excerpt":{"rendered":"A l\u2019heure o\u00f9 l\u2019accord UE&#8211;Mercosur divise le monde agricole, le d\u00e9partement du Loiret affiche sa position en mati\u00e8re&hellip;\n","protected":false},"author":2,"featured_media":664034,"comment_status":"","ping_status":"","sticky":false,"template":"","format":"standard","meta":{"footnotes":""},"categories":[4],"tags":[63769,47,11,2572,327,5165,20695,7343,1124,30456,1011,27,13961,12,25,104,11994],"class_list":{"0":"post-664033","1":"post","2":"type-post","3":"status-publish","4":"format-standard","5":"has-post-thumbnail","7":"category-france","8":"tag-accord-mercosur","9":"tag-actualite","10":"tag-actualites","11":"tag-agriculteurs","12":"tag-agriculture","13":"tag-amerique-du-sud","14":"tag-cantine","15":"tag-centre-val-de-loire","16":"tag-college","17":"tag-conseil-departemental","18":"tag-fr","19":"tag-france","20":"tag-loiret","21":"tag-news","22":"tag-republique-francaise","23":"tag-societe","24":"tag-viande"},"share_on_mastodon":{"url":"https:\/\/pubeurope.com\/@fr\/115896055474857512","error":""},"_links":{"self":[{"href":"https:\/\/www.europesays.com\/fr\/wp-json\/wp\/v2\/posts\/664033","targetHints":{"allow":["GET"]}}],"collection":[{"href":"https:\/\/www.europesays.com\/fr\/wp-json\/wp\/v2\/posts"}],"about":[{"href":"https:\/\/www.europesays.com\/fr\/wp-json\/wp\/v2\/types\/post"}],"author":[{"embeddable":true,"href":"https:\/\/www.europesays.com\/fr\/wp-json\/wp\/v2\/users\/2"}],"replies":[{"embeddable":true,"href":"https:\/\/www.europesays.com\/fr\/wp-json\/wp\/v2\/comments?post=664033"}],"version-history":[{"count":0,"href":"https:\/\/www.europesays.com\/fr\/wp-json\/wp\/v2\/posts\/664033\/revisions"}],"wp:featuredmedia":[{"embeddable":true,"href":"https:\/\/www.europesays.com\/fr\/wp-json\/wp\/v2\/media\/664034"}],"wp:attachment":[{"href":"https:\/\/www.europesays.com\/fr\/wp-json\/wp\/v2\/media?parent=664033"}],"wp:term":[{"taxonomy":"category","embeddable":true,"href":"https:\/\/www.europesays.com\/fr\/wp-json\/wp\/v2\/categories?post=664033"},{"taxonomy":"post_tag","embeddable":true,"href":"https:\/\/www.europesays.com\/fr\/wp-json\/wp\/v2\/tags?post=664033"}],"curies":[{"name":"wp","href":"https:\/\/api.w.org\/{rel}","templated":true}]}}