{"id":66405,"date":"2025-05-01T07:54:11","date_gmt":"2025-05-01T07:54:11","guid":{"rendered":"https:\/\/www.europesays.com\/fr\/66405\/"},"modified":"2025-05-01T07:54:11","modified_gmt":"2025-05-01T07:54:11","slug":"volley-ball-un-passeur-estonien-de-2-m-04-signe-aux-centurions-narbonne","status":"publish","type":"post","link":"https:\/\/www.europesays.com\/fr\/66405\/","title":{"rendered":"Volley-ball\u00a0: un passeur estonien de 2\u00a0m 04 signe aux Centurions Narbonne"},"content":{"rendered":"<p>\n                                                                Il se nomme Robert Viiber et est \u00e2g\u00e9 de 28 ans. Cette saison en Autriche \u00e0 l\u2019Hypo Tirol Innsbruck, il \u00e9voluait sous les ordres de l\u2019entra\u00eeneur Lorenzo Tubertini, ex-coach adjoint de Narbonne (2022-2023) qui devrait revenir aux Centurions cet \u00e9t\u00e9 en tant que coach principal.\n                            <\/p>\n<p class=\"std-elt__inline\">\n        <strong>\u00c0 lire aussi :<\/strong><br \/>\n        <a href=\"https:\/\/www.lindependant.fr\/2025\/04\/07\/volley-ball-les-centurions-narbonne-auraient-trouve-leur-entraineur-principal-12621502.php\" rel=\"nofollow noopener\" target=\"_blank\">Volley-ball\u00a0: Les Centurions Narbonne auraient trouv\u00e9 leur entra\u00eeneur principal<\/a>\n    <\/p>\n<p>Pour un passeur, Robert Viiber est tr\u00e8s grand\u00a0: 2\u00a0m 04. C\u2019est un droitier estonien pass\u00e9 par les clubs de Rakvere, V\u00f5ru, Tartu en Estonie, Praia da Vit\u00f3ria au Portugal, Odolena, P\u0159\u00edbram en R\u00e9publique tch\u00e8que, Cant\u00f9 en Italie, Nancy en France (Ligue B), Craiova et\u00a0Bucare\u0219t\u00a0en Roumanie et Innsbruck en Autriche cette saison. Rien que \u00e7a.<\/p>\n<p class=\"std-elt__inline\">\n        <strong>\u00c0 lire aussi :<\/strong><br \/>\n        <a href=\"https:\/\/www.lindependant.fr\/2025\/04\/07\/un-des-meilleurs-joueurs-de-volley-ball-de-lhistoire-de-narbonne-sappreterait-a-revenir-au-club-12621421.php\" rel=\"nofollow noopener\" target=\"_blank\">Un des meilleurs joueurs de volley-ball de l\u2019histoire de Narbonne s\u2019appr\u00eaterait \u00e0 revenir au club<\/a>\n    <\/p>\n<p>\u00c0 l\u2019Hypo Tirol Innsbruck, il \u00e9voluait sous les ordres de l\u2019entra\u00eeneur Lorenzo Tubertini, ex-coach adjoint de Narbonne (2022-2023) qui devrait revenir aux Centurions cet \u00e9t\u00e9 en tant que coach principal. Robert Viiber est donc le nouveau passeur des Centurions Narbonne. Il remplace le Canadien Luke Herr qui occupait ce poste dans l\u2019Aude cette saison.<\/p>\n<p>Il s\u2019agit d\u2019un joueur de grande qualit\u00e9. Il affiche une hauteur en attaque de 3\u00a0m 45 et une hauteur au block de 3\u00a0m 24. Son palmar\u00e8s\u00a0: une coupe d\u2019Autriche (2025, meilleur joueur de la comp\u00e9tition), champion d\u2019Autriche (2025), et une Supercoupe de Roumanie (2023).<\/p>\n","protected":false},"excerpt":{"rendered":"Il se nomme Robert Viiber et est \u00e2g\u00e9 de 28 ans. Cette saison en Autriche \u00e0 l\u2019Hypo Tirol&hellip;\n","protected":false},"author":2,"featured_media":66406,"comment_status":"","ping_status":"","sticky":false,"template":"","format":"standard","meta":{"footnotes":""},"categories":[1417],"tags":[1011,27,60,1470,1469],"class_list":{"0":"post-66405","1":"post","2":"type-post","3":"status-publish","4":"format-standard","5":"has-post-thumbnail","7":"category-volley","8":"tag-fr","9":"tag-france","10":"tag-sports","11":"tag-volley","12":"tag-volleyball"},"share_on_mastodon":{"url":"https:\/\/pubeurope.com\/@fr\/114431502806912970","error":""},"_links":{"self":[{"href":"https:\/\/www.europesays.com\/fr\/wp-json\/wp\/v2\/posts\/66405","targetHints":{"allow":["GET"]}}],"collection":[{"href":"https:\/\/www.europesays.com\/fr\/wp-json\/wp\/v2\/posts"}],"about":[{"href":"https:\/\/www.europesays.com\/fr\/wp-json\/wp\/v2\/types\/post"}],"author":[{"embeddable":true,"href":"https:\/\/www.europesays.com\/fr\/wp-json\/wp\/v2\/users\/2"}],"replies":[{"embeddable":true,"href":"https:\/\/www.europesays.com\/fr\/wp-json\/wp\/v2\/comments?post=66405"}],"version-history":[{"count":0,"href":"https:\/\/www.europesays.com\/fr\/wp-json\/wp\/v2\/posts\/66405\/revisions"}],"wp:featuredmedia":[{"embeddable":true,"href":"https:\/\/www.europesays.com\/fr\/wp-json\/wp\/v2\/media\/66406"}],"wp:attachment":[{"href":"https:\/\/www.europesays.com\/fr\/wp-json\/wp\/v2\/media?parent=66405"}],"wp:term":[{"taxonomy":"category","embeddable":true,"href":"https:\/\/www.europesays.com\/fr\/wp-json\/wp\/v2\/categories?post=66405"},{"taxonomy":"post_tag","embeddable":true,"href":"https:\/\/www.europesays.com\/fr\/wp-json\/wp\/v2\/tags?post=66405"}],"curies":[{"name":"wp","href":"https:\/\/api.w.org\/{rel}","templated":true}]}}