{"id":664078,"date":"2026-01-14T23:54:16","date_gmt":"2026-01-14T23:54:16","guid":{"rendered":"https:\/\/www.europesays.com\/fr\/664078\/"},"modified":"2026-01-14T23:54:16","modified_gmt":"2026-01-14T23:54:16","slug":"faciliter-le-depot-de-plainte-pres-de-toulouse-cette-gendarmerie-se-dote-dune-salle-decoute-pour-les-victimes-de-violences","status":"publish","type":"post","link":"https:\/\/www.europesays.com\/fr\/664078\/","title":{"rendered":"\u00ab\u00a0Faciliter le d\u00e9p\u00f4t de plainte\u00a0\u00bb\u00a0: pr\u00e8s de Toulouse, cette gendarmerie se dote d\u2019une salle d\u2019\u00e9coute pour les victimes de violences"},"content":{"rendered":"<p>\n                                                                    l&rsquo;essentiel<br \/>\n                                                                La gendarmerie de Cugnaux\/Villeneuve-Tolosane inaugure ce jeudi un espace d\u2019audition pour les victimes de violences, en particulier intrafamiliales. Nomm\u00e9e \u00ab\u00a0Jos\u00e9phine Baker\u00a0\u00bb, l\u2019agencement de la salle a \u00e9t\u00e9 r\u00e9alis\u00e9 en partenariat avec l\u2019association Soroptimist International.\n                            <\/p>\n<p>\u00c0 15\u00a0heures, ce jeudi, la gendarmerie de Cugnaux\/Villeneuve-Tolosane inaugurera la salle \u00ab\u00a0Jos\u00e9phine Baker\u00a0\u00bb, un espace consacr\u00e9 aux auditions des victimes de violences, en particulier intrafamiliales.<\/p>\n<p>Ce projet a pris forme gr\u00e2ce \u00e0 la participation de l\u2019association Soroptimist International, \u00ab\u00a0une convention a \u00e9t\u00e9 sign\u00e9e avec le groupement de gendarmerie de la Haute-Garonne concernant le financement de l\u2019am\u00e9nagement des locaux\u00a0\u00bb, explique Isabelle Regourd, vice-pr\u00e9sidente de l\u2019association.<\/p>\n<p>        <img decoding=\"async\" class=\"std-img__img responsive-img\" src=\"https:\/\/www.europesays.com\/fr\/wp-content\/uploads\/2026\/01\/1768434856_158_image.jpg\" alt=\"La nouvelle salle d\u2019\u00e9coute de la gendarmerie de Cugnaux.\"\/><\/p>\n<p>                La nouvelle salle d\u2019\u00e9coute de la gendarmerie de Cugnaux.<br \/>\n                                    DR &#8211; DR<\/p>\n<p class=\"std-elt__inline\">\n        <strong>\u00c0 lire aussi :<\/strong><br \/>\n        <a href=\"https:\/\/www.ladepeche.fr\/2024\/06\/18\/une-collaboration-entre-le-club-soroptimist-et-la-gendarmerie-du-gers-pour-laccueil-lecoute-et-la-protection-des-victimes-12024774.php\" target=\"_blank\" rel=\"noopener\">Une collaboration entre le club \u00ab\u00a0Soroptimist\u00a0\u00bb et la gendarmerie du Gers pour l\u2019accueil, l\u2019\u00e9coute et la protection des victimes<\/a>\n    <\/p>\n<p>\u00ab\u00a0L\u2019objectif est de faciliter le d\u00e9p\u00f4t de plainte\u00a0\u00bb<\/p>\n<p>Depuis vingt ans, les gendarmeries du pays mettent en place des salles \u00ab\u00a0M\u00e9lanie\u00a0\u00bb. \u00ab\u00a0Leur objectif est de faciliter le d\u00e9p\u00f4t de plainte et de permettre aux enfants victimes de violences de se confier sans crainte\u00a0\u00bb, pr\u00e9cise Isabelle.<\/p>\n<p>\u00ab\u00a0Tout a \u00e9t\u00e9 mis en place afin de respecter les exigences du protocole d\u2019audition des victimes et personnes vuln\u00e9rables, notamment les mineurs et les femmes, lors des auditions et d\u00e9p\u00f4ts de plainte. Les gendarmes qui conduisent les auditions ont re\u00e7u une formation sp\u00e9cifique\u00a0\u00bb, explique St\u00e9phanie Serrat, lieutenant-colonel en charge de la gestion des personnels.<\/p>\n<p>Lors de l\u2019inauguration seront pr\u00e9sents\u00a0: le g\u00e9n\u00e9ral de division Thibaut Lagrange, commandant du groupement de gendarmerie d\u00e9partementale de la Haute-Garonne et la r\u00e9gion de gendarmerie Occitanie, des membres de Soroptimist ainsi que des repr\u00e9sentants de la Maison de la Protection des Familles.<\/p>\n<p class=\"std-elt__inline\">\n        <strong>\u00c0 lire aussi :<\/strong><br \/>\n        <a href=\"https:\/\/www.ladepeche.fr\/2025\/06\/25\/gendarmerie-de-gaillac-la-salle-melanie-inauguree-avec-les-soroptimists-12785453.php\" target=\"_blank\" rel=\"noopener\">Gendarmerie de Gaillac\u00a0: la salle M\u00e9lanie inaugur\u00e9e avec les Soroptimists<\/a>\n    <\/p>\n<p>\u00ab\u00a0Garantir un accueil s\u00e9curisant et bienveillant est primordial\u00a0\u00bb<\/p>\n<p>Le Soroptimist International, c\u2019est avant tout une ONG engag\u00e9e pour de meilleures conditions de vie des femmes. Le SI op\u00e8re dans 120 pays \u00e0 travers le monde, avec des repr\u00e9sentantes au Conseil de l\u2019Europe et au sein des organismes de l\u2019ONU. \u00ab\u00a0Notre intervention dans ce projet, aux c\u00f4t\u00e9s de la gendarmerie, prend tout son sens avec les valeurs de notre association\u00a0\u00bb, confie Christine Dagain, directrice du programme Soroptimist International France.<\/p>\n<p>\u00ab\u00a0Ces victimes ne sont pas des victimes comme les autres. C\u2019est primordial de garantir un accueil s\u00e9curisant, confidentiel et bienveillant\u00a0\u00bb, ajoute-t-elle. La salle a \u00e9t\u00e9 am\u00e9nag\u00e9e en cons\u00e9quence, des si\u00e8ges confortables, quelques jeux, de quoi cr\u00e9er un lieu o\u00f9 l\u2019on se sent en s\u00e9curit\u00e9.<\/p>\n","protected":false},"excerpt":{"rendered":"l&rsquo;essentiel La gendarmerie de Cugnaux\/Villeneuve-Tolosane inaugure ce jeudi un espace d\u2019audition pour les victimes de violences, en particulier&hellip;\n","protected":false},"author":2,"featured_media":664079,"comment_status":"","ping_status":"","sticky":false,"template":"","format":"standard","meta":{"footnotes":""},"categories":[2816],"tags":[1111,11,1777,674,1011,27,329,2722,12,2680,25,7691,2312],"class_list":{"0":"post-664078","1":"post","2":"type-post","3":"status-publish","4":"format-standard","5":"has-post-thumbnail","7":"category-toulouse","8":"tag-actu","9":"tag-actualites","10":"tag-eu","11":"tag-europe","12":"tag-fr","13":"tag-france","14":"tag-france-monde","15":"tag-haute-garonne","16":"tag-news","17":"tag-occitanie","18":"tag-republique-francaise","19":"tag-su00e9curitu00e9","20":"tag-toulouse"},"share_on_mastodon":{"url":"https:\/\/pubeurope.com\/@fr\/115896153877582783","error":""},"_links":{"self":[{"href":"https:\/\/www.europesays.com\/fr\/wp-json\/wp\/v2\/posts\/664078","targetHints":{"allow":["GET"]}}],"collection":[{"href":"https:\/\/www.europesays.com\/fr\/wp-json\/wp\/v2\/posts"}],"about":[{"href":"https:\/\/www.europesays.com\/fr\/wp-json\/wp\/v2\/types\/post"}],"author":[{"embeddable":true,"href":"https:\/\/www.europesays.com\/fr\/wp-json\/wp\/v2\/users\/2"}],"replies":[{"embeddable":true,"href":"https:\/\/www.europesays.com\/fr\/wp-json\/wp\/v2\/comments?post=664078"}],"version-history":[{"count":0,"href":"https:\/\/www.europesays.com\/fr\/wp-json\/wp\/v2\/posts\/664078\/revisions"}],"wp:featuredmedia":[{"embeddable":true,"href":"https:\/\/www.europesays.com\/fr\/wp-json\/wp\/v2\/media\/664079"}],"wp:attachment":[{"href":"https:\/\/www.europesays.com\/fr\/wp-json\/wp\/v2\/media?parent=664078"}],"wp:term":[{"taxonomy":"category","embeddable":true,"href":"https:\/\/www.europesays.com\/fr\/wp-json\/wp\/v2\/categories?post=664078"},{"taxonomy":"post_tag","embeddable":true,"href":"https:\/\/www.europesays.com\/fr\/wp-json\/wp\/v2\/tags?post=664078"}],"curies":[{"name":"wp","href":"https:\/\/api.w.org\/{rel}","templated":true}]}}