{"id":664080,"date":"2026-01-14T23:55:13","date_gmt":"2026-01-14T23:55:13","guid":{"rendered":"https:\/\/www.europesays.com\/fr\/664080\/"},"modified":"2026-01-14T23:55:13","modified_gmt":"2026-01-14T23:55:13","slug":"toulouse-previsions-meteo-du-mercredi-14-janvier-2026","status":"publish","type":"post","link":"https:\/\/www.europesays.com\/fr\/664080\/","title":{"rendered":"Toulouse : pr\u00e9visions m\u00e9t\u00e9o du mercredi 14 janvier 2026"},"content":{"rendered":"<p>\u00c0 Toulouse, la journ\u00e9e du mercredi 14 janvier 2026 se caract\u00e9rise par un brouillard matinal suivi d\u2019une grisaille persistante, avec des temp\u00e9ratures fra\u00eeches autour de 7 \u00e0 14\u00b0C et un vent l\u00e9ger. Les conditions resteront calmes malgr\u00e9 une vigilance jaune avalanche dans la r\u00e9gion.<\/p>\n<p>    Alerte en cours<\/p>\n<p>Ce mercredi 14 janvier 2026, la Haute-Garonne reste plac\u00e9e en vigilance <b>jaune Avalanche<\/b>. Les autorit\u00e9s signalent un risque de coul\u00e9es sur les premiers contreforts pyr\u00e9n\u00e9ens.<\/p>\n<p>Il est conseill\u00e9 d\u2019\u00e9viter le hors-piste, d\u2019\u00e9quiper son v\u00e9hicule pour la montagne et de suivre l\u2019\u00e9volution de la situation sur notre <a href=\"https:\/\/www.meteocity.com\/france\/alertes\" target=\"_blank\" rel=\"noopener\">page d\u00e9di\u00e9e aux alertes m\u00e9t\u00e9orologiques<\/a>.<\/p>\n<p>Matin : brouillard avant le lever du soleil<\/p>\n<p>Le soleil se l\u00e8ve \u00e0 08 h 24, mais la Ville rose s\u2019\u00e9veille envelopp\u00e9e d\u2019un \u00e9pais brouillard. \u00c0 09 h, <b>7 \u00b0C<\/b> sont relev\u00e9s, ressenti 5 \u00b0C, avec une humidit\u00e9 de 100 %.<\/p>\n<p>La pression atteint 1 017 hPa, vent de nord \u00e0 4 km\/h. Aucune averse attendue, mais la visibilit\u00e9 reste tr\u00e8s r\u00e9duite : prudence recommand\u00e9e sur le p\u00e9riph\u00e9rique et \u00e0 l\u2019a\u00e9roport de Blagnac.<\/p>\n<ul>\n<li>Brouillard dense<\/li>\n<li>Probabilit\u00e9 de pluie 0 %<\/li>\n<li>Rafales insignifiantes<\/li>\n<\/ul>\n<p>Apr\u00e8s-midi : grisaille persistante<\/p>\n<p>\u00c0 15 h, le ciel demeure tr\u00e8s nuageux. Le thermom\u00e8tre atteint le maximum du jour avec <b>14 \u00b0C<\/b>, ressenti 12 \u00b0C.<\/p>\n<p>L\u2019humidit\u00e9 diminue \u00e0 76 %, la pression reste stable \u00e0 1 017 hPa. Une averse reste peu probable : la quantit\u00e9 de pluie pr\u00e9vue est nulle.<\/p>\n<p>Le vent d\u2019est-sud-est souffle \u00e0 6 km\/h, sans contrainte pour la circulation a\u00e9rienne ou routi\u00e8re. Pour choisir une activit\u00e9 en int\u00e9rieur, consultez <a href=\"https:\/\/www.meteocity.com\/france\/toulouse-v2972315\/tourisme\" target=\"_blank\" rel=\"noopener\">notre page tourisme<\/a>.<\/p>\n<ul>\n<li>Pic thermique 14 \u00b0C<\/li>\n<li>Probabilit\u00e9 de pluie 5 %<\/li>\n<li>Indice UV faible<\/li>\n<\/ul>\n<p>Soir : nuages avant le coucher du soleil<\/p>\n<p>Le soleil s\u2019efface derri\u00e8re la couverture nuageuse \u00e0 17 h 41. \u00c0 21 h, la temp\u00e9rature s\u2019\u00e9tablit \u00e0 <b>11 \u00b0C<\/b>, ressenti 9 \u00b0C.<\/p>\n<p>L\u2019humidit\u00e9 remonte \u00e0 92 %, la pression gagne l\u00e9g\u00e8rement \u00e0 1 019 hPa. Le vent de sud-sud-est reste discret \u00e0 6 km\/h, sans rafale notable.<\/p>\n<ul>\n<li>Ciel toujours tr\u00e8s nuageux<\/li>\n<li>Risque de bruine 8 %<\/li>\n<li>Visibilit\u00e9 correcte hors brouillard localis\u00e9<\/li>\n<\/ul>\n<p>Tendance g\u00e9n\u00e9rale pour le lendemain<\/p>\n<p>La nuit prochaine s\u2019amorce sous le brouillard, avec 8 \u00b0C, ressenti 7 \u00b0C, humidit\u00e9 \u00e0 98 % et vent quasi nul. Les bancs de brume pourraient persister jusqu\u2019\u00e0 l\u2019aube.<\/p>\n<p>Pour jeudi 15 janvier, la brume devrait dominer : temp\u00e9ratures comprises entre <b>5 \u00b0C et 14 \u00b0C<\/b>, ressenti de 3 \u00b0C \u00e0 11 \u00b0C. Le vent de sud-est se renforce \u00e0 20 km\/h, ce qui pourrait dissiper le brouillard en apr\u00e8s-midi, aucune pluie n\u2019\u00e9tant attendue.<\/p>\n<p>Aucun ph\u00e9nom\u00e8ne dangereux n\u2019est anticip\u00e9, mais la vigilance reste de mise au regard de l\u2019alerte avalanche en cours.<\/p>\n","protected":false},"excerpt":{"rendered":"\u00c0 Toulouse, la journ\u00e9e du mercredi 14 janvier 2026 se caract\u00e9rise par un brouillard matinal suivi d\u2019une grisaille&hellip;\n","protected":false},"author":2,"featured_media":664081,"comment_status":"","ping_status":"","sticky":false,"template":"","format":"standard","meta":{"footnotes":""},"categories":[2816],"tags":[1111,11,1777,674,1011,27,12,2680,25,2312],"class_list":{"0":"post-664080","1":"post","2":"type-post","3":"status-publish","4":"format-standard","5":"has-post-thumbnail","7":"category-toulouse","8":"tag-actu","9":"tag-actualites","10":"tag-eu","11":"tag-europe","12":"tag-fr","13":"tag-france","14":"tag-news","15":"tag-occitanie","16":"tag-republique-francaise","17":"tag-toulouse"},"share_on_mastodon":{"url":"https:\/\/pubeurope.com\/@fr\/115896158728779799","error":""},"_links":{"self":[{"href":"https:\/\/www.europesays.com\/fr\/wp-json\/wp\/v2\/posts\/664080","targetHints":{"allow":["GET"]}}],"collection":[{"href":"https:\/\/www.europesays.com\/fr\/wp-json\/wp\/v2\/posts"}],"about":[{"href":"https:\/\/www.europesays.com\/fr\/wp-json\/wp\/v2\/types\/post"}],"author":[{"embeddable":true,"href":"https:\/\/www.europesays.com\/fr\/wp-json\/wp\/v2\/users\/2"}],"replies":[{"embeddable":true,"href":"https:\/\/www.europesays.com\/fr\/wp-json\/wp\/v2\/comments?post=664080"}],"version-history":[{"count":0,"href":"https:\/\/www.europesays.com\/fr\/wp-json\/wp\/v2\/posts\/664080\/revisions"}],"wp:featuredmedia":[{"embeddable":true,"href":"https:\/\/www.europesays.com\/fr\/wp-json\/wp\/v2\/media\/664081"}],"wp:attachment":[{"href":"https:\/\/www.europesays.com\/fr\/wp-json\/wp\/v2\/media?parent=664080"}],"wp:term":[{"taxonomy":"category","embeddable":true,"href":"https:\/\/www.europesays.com\/fr\/wp-json\/wp\/v2\/categories?post=664080"},{"taxonomy":"post_tag","embeddable":true,"href":"https:\/\/www.europesays.com\/fr\/wp-json\/wp\/v2\/tags?post=664080"}],"curies":[{"name":"wp","href":"https:\/\/api.w.org\/{rel}","templated":true}]}}