{"id":664082,"date":"2026-01-14T23:57:10","date_gmt":"2026-01-14T23:57:10","guid":{"rendered":"https:\/\/www.europesays.com\/fr\/664082\/"},"modified":"2026-01-14T23:57:10","modified_gmt":"2026-01-14T23:57:10","slug":"football-on-connait-la-duree-de-la-suspension-dont-a-ecope-le-president-de-lille-olivier-letang-et-elle-est-lourde","status":"publish","type":"post","link":"https:\/\/www.europesays.com\/fr\/664082\/","title":{"rendered":"Football\u00a0: on conna\u00eet la dur\u00e9e de la suspension dont a \u00e9cop\u00e9 le pr\u00e9sident de Lille Olivier L\u00e9tang, et elle est lourde\u2026"},"content":{"rendered":"<p>\n                                                                    l&rsquo;essentiel<br \/>\n                                                                Le couperet est tomb\u00e9. R\u00e9unie ce mercredi 14\u00a0janvier, la Ligue de football professionnel sous l\u2019\u00e9gide de sa Commission de discipline a rendu sa d\u00e9cision\u00a0: pour son comportement vis-\u00e0-vis de l\u2019arbitre du match face \u00e0 Rennes le 3\u00a0janvier (d\u00e9faite 2-0), Olivier L\u00e9tang, le pr\u00e9sident du Losc, est suspendu jusqu\u2019au 31\u00a0mars (par r\u00e9vocation des sursis en cours). Explications.\n                            <\/p>\n<p>La suspension est \u00ab\u00a0ferme avant, pendant et apr\u00e8s le match d\u2019acc\u00e8s au banc de touche, aux vestiaires des officiels et de toutes fonctions officielles\u00a0\u00bb, tient \u00e0 pr\u00e9ciser la Commission de discipline.<\/p>\n<p>\u00ab\u00a0En outre, jusqu\u2019au 15\u00a0f\u00e9vrier (toujours inclus)\u00a0\u00bb, la mesure sera accompagn\u00e9e d\u2019une interdiction \u00ab\u00a0des vestiaires des \u00e9quipes, du terrain, du tunnel et de\u00a0l\u2019ensemble des couloirs\u00a0\u00bb.<\/p>\n<p class=\"std-elt__inline\">\n        <strong>\u00c0 lire aussi :<\/strong><br \/>\n        <a href=\"https:\/\/www.ladepeche.fr\/2024\/09\/14\/video-ligue-1-jai-honte-cest-un-message-dalerte-le-coup-de-gueule-du-president-du-losc-olivier-letang-contre-ses-joueurs-12197353.php\" target=\"_blank\" rel=\"noopener\">VIDEO. Ligue 1\u00a0: \u00ab\u00a0J\u2019ai honte\u00a0\u00bb, \u00ab\u00a0c\u2019est un message d\u2019alerte\u00a0\u00bb\u2026 Le coup de gueule du pr\u00e9sident du LOSC Olivier L\u00e9tang contre ses joueurs<\/a>\n    <\/p>\n<p>Pr\u00e9cision\u00a0: la sanction prenant\u00a0effet le 20\u00a0janvier, le dirigeant n\u2019est pas suspendu pour le d\u00e9placement des Lillois au Parc des Princes pour y d\u00e9fier le Paris \u2013 Saint-Germain ce vendredi 16\u00a0janvier (21h, J18).<\/p>\n<p>Mais pourquoi deux mois et demi de suspension\u00a0?<\/p>\n<p>Lors de la d\u00e9faite \u00e0 domicile contre les Bretons en match de la 17e journ\u00e9e de L1, le patron nordiste avait s\u00e8chement interpell\u00e9 l\u2019arbitre Eric Wattellier \u00e0 la mi-temps, furieux de l\u2019exclusion d\u00e8s la 13e minute du d\u00e9fenseur br\u00e9silien Alexsandro pour une faute sur un joueur qui filait au but.<\/p>\n<p class=\"std-elt__inline\">\n        <strong>\u00c0 lire aussi :<\/strong><br \/>\n        <a href=\"https:\/\/www.ladepeche.fr\/2024\/06\/06\/jo-de-paris-2024-quil-reste-chez-lui-pourquoi-olivier-letang-le-president-du-losc-est-au-coeur-dune-polemique-concernant-la-flamme-olympique-11998265.php\" target=\"_blank\" rel=\"noopener\">JO de Paris-2024\u00a0: \u00ab\u00a0Qu\u2019il reste chez lui\u00a0!\u00a0\u00bb Pourquoi Olivier L\u00e9tang, le pr\u00e9sident du Losc, est au c\u0153ur d\u2019une pol\u00e9mique concernant la flamme olympique<\/a>\n    <\/p>\n<p>\u00ab\u00a0Vous savez ce que vous avez fait, c\u2019est une honte, un scandale\u00a0\u00bb, avait ainsi dit L\u00e9tang.<\/p>\n<p>Son entra\u00eeneur Bruno Genesio a \u00e9galement \u00e9t\u00e9 suspendu un match et un match avec sursis pour son comportement ce soir-l\u00e0, a ajout\u00e9 la LFP. Le technicien avait notamment refus\u00e9 de participer aux activit\u00e9s m\u00e9dias post-match.<\/p>\n<p>De la r\u00e9cidive dans l\u2019air<\/p>\n<p>\u00c0 la mi-temps, le Lyonnais avait d\u00fb \u00eatre retenu par plusieurs joueurs alors qu\u2019il s\u2019avan\u00e7ait vers l\u2019homme au sifflet. Genesio avait d\u00e9j\u00e0 fortement critiqu\u00e9 l\u2019arbitrage du m\u00eame Wattellier apr\u00e8s le derby perdu \u00e0 Lens (3-0) plus t\u00f4t dans la saison.<\/p>\n<p>R\u00e9cidiviste, le pr\u00e9sident du Losc avait d\u00e9j\u00e0 \u00e9cop\u00e9 en octobre d\u2019un match de suspension plus deux avec sursis pour ses critiques. \u00ab\u00a0Tous les week-ends on a des probl\u00e8mes avec l\u2019arbitrage\u00a0\u00bb, avait-il dit apr\u00e8s d\u00e9j\u00e0 une d\u00e9faite \u00e0 domicile contre Lyon (1-0) le 28\u00a0septembre.<\/p>\n<p>La coupe d\u2019Europe pas \u00e9pargn\u00e9e non plus<\/p>\n<p>\u00c9galement pr\u00e9sident du coll\u00e8ge de Ligue 1, L\u00e9tang a aussi \u00e9t\u00e9 sanctionn\u00e9 cette saison par l\u2019UEFA pour des critiques contre l\u2019arbitre du match perdu contre le PAOK Salonique (4-3) au stade Pierre Mauroy.<\/p>\n<p>Pour un penalty non siffl\u00e9 en faveur de son \u00e9quipe, il s\u2019\u00e9tait plaint en anglais aupr\u00e8s de l\u2019arbitre mont\u00e9n\u00e9grin Nikola Dabanovic \u00e0 la mi-temps. \u00ab\u00a0J\u2019ai d\u00e9j\u00e0 \u00e9crit \u00e0 M. (Aleksander) Ceferin (pr\u00e9sident de l\u2019UEFA, NDLR), ce qui s\u2019est pass\u00e9 ce soir est incroyable\u00a0\u00bb, avait lanc\u00e9 le dirigeant dans le couloir, des propos capt\u00e9s par les cam\u00e9ras du diffuseur Canal +.<\/p>\n","protected":false},"excerpt":{"rendered":"l&rsquo;essentiel Le couperet est tomb\u00e9. R\u00e9unie ce mercredi 14\u00a0janvier, la Ligue de football professionnel sous l\u2019\u00e9gide de sa&hellip;\n","protected":false},"author":2,"featured_media":664083,"comment_status":"","ping_status":"","sticky":false,"template":"","format":"standard","meta":{"footnotes":""},"categories":[2815],"tags":[1111,11,1777,674,63,1011,27,811,66,1307,12,25,517],"class_list":{"0":"post-664082","1":"post","2":"type-post","3":"status-publish","4":"format-standard","5":"has-post-thumbnail","7":"category-lille","8":"tag-actu","9":"tag-actualites","10":"tag-eu","11":"tag-europe","12":"tag-football","13":"tag-fr","14":"tag-france","15":"tag-hauts-de-france","16":"tag-ligue-1","17":"tag-lille","18":"tag-news","19":"tag-republique-francaise","20":"tag-sport"},"share_on_mastodon":{"url":"","error":""},"_links":{"self":[{"href":"https:\/\/www.europesays.com\/fr\/wp-json\/wp\/v2\/posts\/664082","targetHints":{"allow":["GET"]}}],"collection":[{"href":"https:\/\/www.europesays.com\/fr\/wp-json\/wp\/v2\/posts"}],"about":[{"href":"https:\/\/www.europesays.com\/fr\/wp-json\/wp\/v2\/types\/post"}],"author":[{"embeddable":true,"href":"https:\/\/www.europesays.com\/fr\/wp-json\/wp\/v2\/users\/2"}],"replies":[{"embeddable":true,"href":"https:\/\/www.europesays.com\/fr\/wp-json\/wp\/v2\/comments?post=664082"}],"version-history":[{"count":0,"href":"https:\/\/www.europesays.com\/fr\/wp-json\/wp\/v2\/posts\/664082\/revisions"}],"wp:featuredmedia":[{"embeddable":true,"href":"https:\/\/www.europesays.com\/fr\/wp-json\/wp\/v2\/media\/664083"}],"wp:attachment":[{"href":"https:\/\/www.europesays.com\/fr\/wp-json\/wp\/v2\/media?parent=664082"}],"wp:term":[{"taxonomy":"category","embeddable":true,"href":"https:\/\/www.europesays.com\/fr\/wp-json\/wp\/v2\/categories?post=664082"},{"taxonomy":"post_tag","embeddable":true,"href":"https:\/\/www.europesays.com\/fr\/wp-json\/wp\/v2\/tags?post=664082"}],"curies":[{"name":"wp","href":"https:\/\/api.w.org\/{rel}","templated":true}]}}