{"id":664088,"date":"2026-01-15T00:00:16","date_gmt":"2026-01-15T00:00:16","guid":{"rendered":"https:\/\/www.europesays.com\/fr\/664088\/"},"modified":"2026-01-15T00:00:16","modified_gmt":"2026-01-15T00:00:16","slug":"un-appel-massif-aux-assesseurs-a-lyon-et-dans-la-metropole","status":"publish","type":"post","link":"https:\/\/www.europesays.com\/fr\/664088\/","title":{"rendered":"un appel massif aux assesseurs \u00e0 Lyon et dans la M\u00e9tropole"},"content":{"rendered":"<p>Forc\u00e9ment, ce qui avait \u00e9t\u00e9 annonc\u00e9 arriva. Le dispositif \u00e9lectoral in\u00e9dit, cons\u00e9quence directe de la r\u00e9forme de la loi PLM qui multipliera les scrutins organis\u00e9s simultan\u00e9ment sur le territoire m\u00e9tropolitain, pose de gros probl\u00e8mes d&rsquo;organisation.<\/p>\n<p>\u00c0 Lyon, les \u00e9lecteurs seront appel\u00e9s \u00e0 voter \u00e0 trois reprises les 15 et 22 mars prochains : pour la mairie centrale, les mairies d\u2019arrondissement et la M\u00e9tropole de Lyon. Dans les 57 autres communes m\u00e9tropolitaines, deux scrutins se tiendront le m\u00eame jour, municipaux et m\u00e9tropolitains. Une configuration unique en France, qui impose une organisation renforc\u00e9e dans les bureaux de vote.<\/p>\n<p>Les assesseurs jouent un r\u00f4le central lors des op\u00e9rations \u00e9lectorales : contr\u00f4le des \u00e9margements, surveillance du vote et participation au d\u00e9pouillement. Leur pr\u00e9sence est juridiquement encadr\u00e9e. Le Code \u00e9lectoral impose un pr\u00e9sident, au moins deux assesseurs et un secr\u00e9taire par bureau de vote. Une carence peut avoir de lourdes cons\u00e9quences, jusqu\u2019\u00e0 l\u2019annulation d\u2019une \u00e9lection, comme l\u2019a rappel\u00e9 le Conseil d\u2019\u00c9tat dans une jurisprudence de r\u00e9f\u00e9rence de 1972.<\/p>\n<p>Chaque liste candidate doit ainsi d\u00e9signer, pour chaque bureau, un assesseur titulaire et un suppl\u00e9ant, parmi les \u00e9lecteurs du d\u00e9partement. Ces d\u00e9signations doivent \u00eatre formalis\u00e9es par \u00e9crit et transmises au maire concern\u00e9 au plus tard trois jours avant le scrutin, soit le 12 mars \u00e0 18 heures pour le premier tour.<\/p>\n<p><strong>Des besoins chiffr\u00e9s tr\u00e8s \u00e9lev\u00e9s<\/strong><\/p>\n<p>L\u2019ampleur logistique du scrutin se traduit par des besoins humains consid\u00e9rables. \u00c0 Lyon, avec 313 bureaux de vote et trois scrutins \u00e0 g\u00e9rer, pas moins de 1 878 assesseurs devront \u00eatre mobilis\u00e9s. \u00c0 Villeurbanne, 320 assesseurs seront n\u00e9cessaires pour 80 bureaux, dans le cadre de deux scrutins simultan\u00e9s.<\/p>\n<p>La pr\u00e9fecture alerte : un nombre insuffisant d\u2019assesseurs pourrait retarder l\u2019ouverture de certains bureaux, perturber les op\u00e9rations \u00e9lectorales et fragiliser juridiquement les r\u00e9sultats.<\/p>\n<p>Face \u00e0 cet enjeu, les services de l&rsquo;Etat appellent chaque candidat et chaque liste \u00e0 anticiper la d\u00e9signation de leurs assesseurs et \u00e0 couvrir l\u2019ensemble des bureaux de vote sur toute la journ\u00e9e \u00e9lectorale. Parall\u00e8lement, tout \u00e9lecteur inscrit peut se porter volontaire comme assesseur b\u00e9n\u00e9vole. Les personnes int\u00e9ress\u00e9es sont invit\u00e9es \u00e0 se rapprocher de leur mairie, qui assurera l\u2019accompagnement et l\u2019information n\u00e9cessaires.<\/p>\n<p>\u00c0 l\u2019approche d\u2019un scrutin majeur pour l\u2019avenir institutionnel de Lyon et de sa m\u00e9tropole, l\u2019administration insiste sur la responsabilit\u00e9 collective : sans mobilisation suffisante, c\u2019est la sinc\u00e9rit\u00e9 m\u00eame du vote qui pourrait \u00eatre mise en difficult\u00e9.<\/p>\n","protected":false},"excerpt":{"rendered":"Forc\u00e9ment, ce qui avait \u00e9t\u00e9 annonc\u00e9 arriva. Le dispositif \u00e9lectoral in\u00e9dit, cons\u00e9quence directe de la r\u00e9forme de la&hellip;\n","protected":false},"author":2,"featured_media":664089,"comment_status":"","ping_status":"","sticky":false,"template":"","format":"standard","meta":{"footnotes":""},"categories":[1889],"tags":[1111,11,2813,2190,2430,1109,251,1112,2811,1777,674,118,1011,27,1922,1110,1114,2428,2810,12,241,316,25,2812,517,800],"class_list":{"0":"post-664088","1":"post","2":"type-post","3":"status-publish","4":"format-standard","5":"has-post-thumbnail","7":"category-lyon","8":"tag-actu","9":"tag-actualites","10":"tag-article","11":"tag-asvel","12":"tag-auvergne-rhone-alpes","13":"tag-breves","14":"tag-culture","15":"tag-depeches","16":"tag-economique","17":"tag-eu","18":"tag-europe","19":"tag-faits-divers","20":"tag-fr","21":"tag-france","22":"tag-info","23":"tag-informations","24":"tag-infos","25":"tag-lyon","26":"tag-lyonmag","27":"tag-news","28":"tag-ol","29":"tag-politique","30":"tag-republique-francaise","31":"tag-sociale","32":"tag-sport","33":"tag-transports"},"share_on_mastodon":{"url":"https:\/\/pubeurope.com\/@fr\/115896177565979655","error":""},"_links":{"self":[{"href":"https:\/\/www.europesays.com\/fr\/wp-json\/wp\/v2\/posts\/664088","targetHints":{"allow":["GET"]}}],"collection":[{"href":"https:\/\/www.europesays.com\/fr\/wp-json\/wp\/v2\/posts"}],"about":[{"href":"https:\/\/www.europesays.com\/fr\/wp-json\/wp\/v2\/types\/post"}],"author":[{"embeddable":true,"href":"https:\/\/www.europesays.com\/fr\/wp-json\/wp\/v2\/users\/2"}],"replies":[{"embeddable":true,"href":"https:\/\/www.europesays.com\/fr\/wp-json\/wp\/v2\/comments?post=664088"}],"version-history":[{"count":0,"href":"https:\/\/www.europesays.com\/fr\/wp-json\/wp\/v2\/posts\/664088\/revisions"}],"wp:featuredmedia":[{"embeddable":true,"href":"https:\/\/www.europesays.com\/fr\/wp-json\/wp\/v2\/media\/664089"}],"wp:attachment":[{"href":"https:\/\/www.europesays.com\/fr\/wp-json\/wp\/v2\/media?parent=664088"}],"wp:term":[{"taxonomy":"category","embeddable":true,"href":"https:\/\/www.europesays.com\/fr\/wp-json\/wp\/v2\/categories?post=664088"},{"taxonomy":"post_tag","embeddable":true,"href":"https:\/\/www.europesays.com\/fr\/wp-json\/wp\/v2\/tags?post=664088"}],"curies":[{"name":"wp","href":"https:\/\/api.w.org\/{rel}","templated":true}]}}