{"id":664090,"date":"2026-01-15T00:01:15","date_gmt":"2026-01-15T00:01:15","guid":{"rendered":"https:\/\/www.europesays.com\/fr\/664090\/"},"modified":"2026-01-15T00:01:15","modified_gmt":"2026-01-15T00:01:15","slug":"municipales-zero-dechet-lyon-fait-6-propositions-concretes","status":"publish","type":"post","link":"https:\/\/www.europesays.com\/fr\/664090\/","title":{"rendered":"Municipales : Z\u00e9ro D\u00e9chet Lyon fait 6 propositions concr\u00e8tes"},"content":{"rendered":"<p>\u00c0 l\u2019approche du scrutin de mars 2026, l\u2019association Z\u00e9ro D\u00e9chet Lyon a sond\u00e9 les habitants de la m\u00e9tropole sur leurs attentes environnementales. Si le tri des biod\u00e9chets entre dans les m\u0153urs, l\u2019acc\u00e8s au vrac et le r\u00e9emploi de la vaisselle restent des points noirs. L\u2019association interpelle les candidats avec six propositions concr\u00e8tes.<\/p>\n<p>Le Grand Lyon est-il pr\u00eat pour la r\u00e9volution du <strong>z\u00e9ro d\u00e9chet <\/strong>? C\u2019est la question que pose l\u2019<strong>association Z\u00e9ro D\u00e9chet Lyon<\/strong> \u00e0 l\u2019aube des \u00e9lections m\u00e9tropolitaines pr\u00e9vues les 15 et 22 mars 2026. Entre septembre et octobre dernier, l\u2019organisation a men\u00e9 une enqu\u00eate de terrain aupr\u00e8s de 200 citoyens dans huit communes de l\u2019agglom\u00e9ration. Les r\u00e9sultats, publi\u00e9s d\u00e9but janvier, r\u00e9v\u00e8lent une population volontaire mais frein\u00e9e par des infrastructures jug\u00e9es insuffisantes.<\/p>\n<p>Ecoutez le podcast :<\/p>\n<p>Z\u00e9ro D\u00e9chet Lyon interpelle les candidats\u2026.<\/p>\n<p>Des citoyens pr\u00eats pour la consigne<\/p>\n<p>Le constat est sans appel : les Lyonnais ont adopt\u00e9 le r\u00e9flexe du tri. Selon le sondage, <strong>87 % des r\u00e9pondants trient d\u00e9j\u00e0 leurs biod\u00e9chets<\/strong>. Une habitude facilit\u00e9e par le d\u00e9ploiement progressif des bornes de compostage dans la m\u00e9tropole.<\/p>\n<p>Toutefois, le b\u00e2t blesse d\u00e8s que l\u2019on sort de la sph\u00e8re domestique. <strong>84 % des sond\u00e9s jugent l\u2019offre de vaisselle r\u00e9employable quasi inexistante<\/strong>, alors m\u00eame que la vente \u00e0 emporter g\u00e9n\u00e8re une quantit\u00e9 record de d\u00e9chets. Pourtant, l\u2019envie est l\u00e0 : <strong>74 % des citoyens se disent pr\u00eats \u00e0 utiliser un syst\u00e8me de consigne<\/strong> pour leurs repas nomades.<\/p>\n<p>Nous avons rencontr\u00e9 Lise Kaiser, directrice de Z\u00e9ro D\u00e9chet Lyon. \u00ab\u00a0Ce qui ressort aussi beaucoup, c\u2019est l\u2019attente des citoyens et citoyennes sur les solutions. pour r\u00e9duire les d\u00e9chets. On avait des questions li\u00e9es \u00e0 la vente \u00e0 emporter. Et l\u00e0, on voit qu\u2019il y a 94% des personnes qu\u2019on a interrog\u00e9es qui estiment que l\u2019offre de vaisselle r\u00e9employable pour la vente \u00e0 emporter est insuffisante aujourd\u2019hui, voire quasi inexistante. Et 74% qui sont pr\u00eats \u00e0 utiliser un syst\u00e8me de consigne dans ce secteur-l\u00e0\u2026\u00a0\u00bb<\/p>\n<p>Ecoutez aussi : <a href=\"https:\/\/www.lyondemain.fr\/randossage-dechets-recyclage-artistes-lyon\/\" target=\"_blank\" rel=\"noreferrer noopener\">Randossage : la joyeuse \u00e9quipe contre les d\u00e9chets<\/a><\/p>\n<p>L\u2019importance des politiques publiques pour tendre vers le z\u00e9ro d\u00e9chet<\/p>\n<p>Z\u00e9ro D\u00e9chet Lyon insiste sur l\u2019importance des politiques publiques pour encourager le tri. \u00ab\u00a0Effectivement, il y a une d\u00e9marche individuelle qui est n\u00e9cessaire. Mais pour que cette d\u00e9marche individuelle ait lieu, il faut quand m\u00eame qu\u2019il y ait les infrastructures et les solutions qui soient d\u00e9ploy\u00e9es sur les territoires. Et pour \u00e7a, le r\u00f4le des collectivit\u00e9s, il est indispensable. Donc aujourd\u2019hui, on a des solutions qui existent sur le territoire. On a la chance quand m\u00eame d\u2019avoir une m\u00e9tropole qui bouge pas mal. Il n\u2019emp\u00eache que ce n\u2019est pas suffisant. On voit effectivement qu\u2019il y a des personnes qui n\u2019ont pas acc\u00e8s. Ce n\u2019est pas non plus \u00e9quitable sur une m\u00e9tropole de 58 communes, la mani\u00e8re dont on peut acc\u00e9der \u00e0 des commer\u00e7ants de vrac, \u00e0 des ressourceries, etc. Et donc pour \u00e7a, le r\u00f4le des collectivit\u00e9s est hyper important, tout comme sur la communication\u00a0\u00bb.<\/p>\n<p>Face \u00e0 ce d\u00e9calage entre la volont\u00e9 citoyenne et la r\u00e9alit\u00e9 du territoire, Z\u00e9ro D\u00e9chet Lyon a formul\u00e9 six axes prioritaires qu\u2019elle entend soumettre aux diff\u00e9rentes listes \u00e9lectorales :<\/p>\n<ol start=\"1\" class=\"wp-block-list\">\n<li><strong>Soutenir les commerces de vrac<\/strong> pour rendre cette offre accessible partout.<\/li>\n<li><strong>D\u00e9velopper la vaisselle r\u00e9employable<\/strong> dans la restauration rapide et \u00e0 emporter.<\/li>\n<li><strong>Promouvoir la \u00ab seconde vie \u00bb<\/strong> via la location et la mutualisation d\u2019objets pour lutter contre la surproduction.<\/li>\n<li><strong>\u00c9radiquer le plastique dans la petite enfance<\/strong> pour prot\u00e9ger la sant\u00e9 des plus jeunes.<\/li>\n<li><strong>Instaurer des mesures incitatives<\/strong> pour booster l\u2019efficacit\u00e9 des dispositifs de r\u00e9duction des d\u00e9chets.<\/li>\n<li><strong>Am\u00e9liorer l\u2019acc\u00e8s au tri \u00e0 la source<\/strong>, notamment pour les emballages et les d\u00e9chetteries.<\/li>\n<\/ol>\n<p>Pour en savoir plus, c\u2019est <a href=\"https:\/\/zerodechetlyon.org\/elections-metropolitaines-du-grand-lyon-des-ameliorations-attendues-sur-la-reduction-des-dechets\/\" target=\"_blank\" rel=\"noreferrer noopener\">ici<\/a><\/p>\n<p>Ecoutez aussi : <a href=\"https:\/\/www.lyondemain.fr\/mouvement-de-palier-dechets-lyon\/\" target=\"_blank\" rel=\"noreferrer noopener\">Mouvement de Palier : quand les d\u00e9chets cr\u00e9ent du lien\u2026<\/a><\/p>\n<p><img fetchpriority=\"high\" decoding=\"async\" width=\"1200\" height=\"675\" src=\"https:\/\/www.europesays.com\/fr\/wp-content\/uploads\/2026\/01\/Zero-Dechet-Lyon-Lise-Kaiser.jpg\" alt=\"Z\u00e9ro D\u00e9chet Lyon\" class=\"wp-image-253027\"  \/>Lise Kaiser<br \/>\nJ\u2019aime \u00e7a\u00a0:<\/p>\n<p>J\u2019aime chargement\u2026<\/p>\n<p><a class=\"sd-link-color\"\/><\/p>\n<p>\n\tArticles similaires\n<\/p>\n<p>\t\t\t\t<img decoding=\"async\" src=\"https:\/\/www.europesays.com\/fr\/wp-content\/uploads\/2026\/01\/1768435275_298_7866158698e17e8ed633c05e8f8e7fe5d9e057ad78661c4dc34e413abb6b9f19.jpeg\" alt=\"G\u00e9rald Bouchon\"\/><\/p>\n<p>Pionnier des radios libres, passionn\u00e9 de radio, journaliste et dirigeant de m\u00e9dias \u00e9co-responsables..<\/p>\n","protected":false},"excerpt":{"rendered":"\u00c0 l\u2019approche du scrutin de mars 2026, l\u2019association Z\u00e9ro D\u00e9chet Lyon a sond\u00e9 les habitants de la m\u00e9tropole&hellip;\n","protected":false},"author":2,"featured_media":664091,"comment_status":"","ping_status":"","sticky":false,"template":"","format":"standard","meta":{"footnotes":""},"categories":[1889],"tags":[1111,11,2430,30557,3008,36284,1777,674,1011,27,2428,10510,3434,12,12391,25,23088,76511],"class_list":{"0":"post-664090","1":"post","2":"type-post","3":"status-publish","4":"format-standard","5":"has-post-thumbnail","7":"category-lyon","8":"tag-actu","9":"tag-actualites","10":"tag-auvergne-rhone-alpes","11":"tag-consigne","12":"tag-dechets","13":"tag-elections-metropolitaines","14":"tag-eu","15":"tag-europe","16":"tag-fr","17":"tag-france","18":"tag-lyon","19":"tag-metropole-de-lyon","20":"tag-municipales-2026","21":"tag-news","22":"tag-reemploi","23":"tag-republique-francaise","24":"tag-zero-dechet","25":"tag-zero-dechet-lyon"},"share_on_mastodon":{"url":"https:\/\/pubeurope.com\/@fr\/115896181319289541","error":""},"_links":{"self":[{"href":"https:\/\/www.europesays.com\/fr\/wp-json\/wp\/v2\/posts\/664090","targetHints":{"allow":["GET"]}}],"collection":[{"href":"https:\/\/www.europesays.com\/fr\/wp-json\/wp\/v2\/posts"}],"about":[{"href":"https:\/\/www.europesays.com\/fr\/wp-json\/wp\/v2\/types\/post"}],"author":[{"embeddable":true,"href":"https:\/\/www.europesays.com\/fr\/wp-json\/wp\/v2\/users\/2"}],"replies":[{"embeddable":true,"href":"https:\/\/www.europesays.com\/fr\/wp-json\/wp\/v2\/comments?post=664090"}],"version-history":[{"count":0,"href":"https:\/\/www.europesays.com\/fr\/wp-json\/wp\/v2\/posts\/664090\/revisions"}],"wp:featuredmedia":[{"embeddable":true,"href":"https:\/\/www.europesays.com\/fr\/wp-json\/wp\/v2\/media\/664091"}],"wp:attachment":[{"href":"https:\/\/www.europesays.com\/fr\/wp-json\/wp\/v2\/media?parent=664090"}],"wp:term":[{"taxonomy":"category","embeddable":true,"href":"https:\/\/www.europesays.com\/fr\/wp-json\/wp\/v2\/categories?post=664090"},{"taxonomy":"post_tag","embeddable":true,"href":"https:\/\/www.europesays.com\/fr\/wp-json\/wp\/v2\/tags?post=664090"}],"curies":[{"name":"wp","href":"https:\/\/api.w.org\/{rel}","templated":true}]}}