{"id":664109,"date":"2026-01-15T00:12:13","date_gmt":"2026-01-15T00:12:13","guid":{"rendered":"https:\/\/www.europesays.com\/fr\/664109\/"},"modified":"2026-01-15T00:12:13","modified_gmt":"2026-01-15T00:12:13","slug":"france-allemagne-suede-norvege-groenland-plusieurs-pays-vont-participer-a-une-mission-militaire","status":"publish","type":"post","link":"https:\/\/www.europesays.com\/fr\/664109\/","title":{"rendered":"France, Allemagne, Su\u00e8de, Norv\u00e8ge&#8230;: Groenland: plusieurs pays vont participer \u00e0 une mission militaire"},"content":{"rendered":"<p class=\"a-paragraph a-paragraph--lead\" data-t-name=\"Paragraph\">Des militaires fran\u00e7ais, allemands et de pays nordiques vont participer \u00e0 une mission militaire europ\u00e9enne au Groenland, une \u00eele sous souverainet\u00e9 danoise convoit\u00e9e par Donald Trump.<\/p>\n<p>  <img decoding=\"async\" class=\"m-image-and-caption__image lazyload\" alt=\"La France, la Su\u00e8de, l'Allemagne et la Norv\u00e8ge ont annonc\u00e9 dans la journ\u00e9e qu'elles allaient d\u00e9ployer du personnel militaire dans ce territoire arctique pour une mission de reconnaissance qui, a pr\u00e9cis\u00e9 une source au sein du minist\u00e8re fran\u00e7ais des Arm\u00e9es, s'inscrit dans le cadre de l'exercice danois \u00abArctic Endurance\u00bb. (image d'illustration)\" src=\"https:\/\/www.europesays.com\/fr\/wp-content\/uploads\/2026\/01\/dbe6deee-685a-4c03-8044-f6abd870635f.jpeg\"  data-\/><\/p>\n<p>      La France, la Su\u00e8de, l&rsquo;Allemagne et la Norv\u00e8ge ont annonc\u00e9 dans la journ\u00e9e qu&rsquo;elles allaient d\u00e9ployer du personnel militaire dans ce territoire arctique pour une mission de reconnaissance qui, a pr\u00e9cis\u00e9 une source au sein du minist\u00e8re fran\u00e7ais des Arm\u00e9es, s&rsquo;inscrit dans le cadre de l&rsquo;exercice danois \u00abArctic Endurance\u00bb. (image d&rsquo;illustration)<\/p>\n<p>        KEYSTONE\n      <\/p>\n<p class=\"a-paragraph\" data-t-name=\"Paragraph\">La France, la Su\u00e8de, l&rsquo;Allemagne et la Norv\u00e8ge ont annonc\u00e9 dans la journ\u00e9e qu&rsquo;elles allaient d\u00e9ployer du personnel militaire dans ce territoire arctique pour une mission de reconnaissance qui, a pr\u00e9cis\u00e9 une source au sein du minist\u00e8re fran\u00e7ais des Arm\u00e9es, s&rsquo;inscrit dans le cadre de l&rsquo;exercice danois \u00abArctic Endurance\u00bb.<\/p>\n<p class=\"a-paragraph\" data-t-name=\"Paragraph\">Et ce \u00aben vue d&rsquo;\u00e9ventuelles contributions militaires destin\u00e9es \u00e0 soutenir le Danemark dans la garantie de la s\u00e9curit\u00e9 dans la r\u00e9gion, par exemple dans le domaine des capacit\u00e9s de surveillance maritime\u00bb, a expliqu\u00e9 le minist\u00e8re allemand de la D\u00e9fense.<\/p>\n<p class=\"a-paragraph\" data-t-name=\"Paragraph\">Cette \u00abexploration du Groenland\u00bb doit avoir lieu de jeudi \u00e0 samedi, a pr\u00e9cis\u00e9 ce minist\u00e8re, ajoutant qu&rsquo;une \u00ab\u00e9quipe de reconnaissance\u00bb compos\u00e9e de 13 membres de la Bundeswehr serait envoy\u00e9e sur place.<\/p>\n<p class=\"a-paragraph\" data-t-name=\"Paragraph\">Le d\u00e9ploiement militaire fran\u00e7ais comprend un nombre non pr\u00e9cis\u00e9 de membres d&rsquo;unit\u00e9s de montagne aguerries aux climats froids, a par ailleurs appris l&rsquo;AFP mercredi aupr\u00e8s de l&rsquo;arm\u00e9e fran\u00e7aise, sans plus de pr\u00e9cisions.<\/p>\n<p>Pas d&rsquo;accord<\/p>\n<p class=\"a-paragraph\" data-t-name=\"Paragraph\">A l&rsquo;issue d&rsquo;une rencontre mercredi \u00e0 la Maison Blanche avec des responsables am\u00e9ricains, le ministre danois des Affaires \u00e9trang\u00e8res Lars L\u00f8kke Rasmussen a soulign\u00e9 que le Danemark et les Etats-Unis avaient un \u00abd\u00e9saccord fondamental\u00bb \u00e0 propos de l&rsquo;avenir du Groenland.<\/p>\n<p class=\"a-paragraph\" data-t-name=\"Paragraph\">\u00abIl est clair que le pr\u00e9sident (am\u00e9ricain Donald Trump) nourrit le souhait de s&#8217;emparer du Groenland\u00bb, a-t-il d\u00e9clar\u00e9 \u00e0 la presse. Or, il n&rsquo;est \u00ababsolument pas n\u00e9cessaire\u00bb que Washington prenne le contr\u00f4le de ce territoire autonome danois, a-t-il estim\u00e9, disant vouloir \u00abtravailler en \u00e9troite collaboration avec les Am\u00e9ricains. Mais, a poursuivi le ministre, cela doit, bien s\u00fbr, \u00eatre une coop\u00e9ration respectueuse\u00bb.<\/p>\n<p class=\"a-paragraph\" data-t-name=\"Paragraph\">Donald Trump a de son c\u00f4t\u00e9 r\u00e9p\u00e9t\u00e9 le m\u00eame jour, pendant un \u00e9change avec des journalistes, que les Etats-Unis avaient \u00abbesoin du Groenland\u00bb pour assurer leur s\u00e9curit\u00e9.<\/p>\n<p class=\"a-paragraph\" data-t-name=\"Paragraph\">Celui-ci a toutefois dit \u00abpenser qu&rsquo;une solution serait trouv\u00e9e\u00bb \u00e0 propos de de cette immense \u00eele strat\u00e9gique.<\/p>\n","protected":false},"excerpt":{"rendered":"Des militaires fran\u00e7ais, allemands et de pays nordiques vont participer \u00e0 une mission militaire europ\u00e9enne au Groenland, une&hellip;\n","protected":false},"author":2,"featured_media":664110,"comment_status":"","ping_status":"","sticky":false,"template":"","format":"standard","meta":{"footnotes":""},"categories":[1587],"tags":[11,672,1804,1805,1803,1777,674,1801,12,1802],"class_list":{"0":"post-664109","1":"post","2":"type-post","3":"status-publish","4":"format-standard","5":"has-post-thumbnail","7":"category-allemagne","8":"tag-actualites","9":"tag-allemagne","10":"tag-bundesrepublik-deutschland","11":"tag-de","12":"tag-deutschland","13":"tag-eu","14":"tag-europe","15":"tag-germany","16":"tag-news","17":"tag-republique-federale-dallemagne"},"share_on_mastodon":{"url":"https:\/\/pubeurope.com\/@fr\/115896224611017111","error":""},"_links":{"self":[{"href":"https:\/\/www.europesays.com\/fr\/wp-json\/wp\/v2\/posts\/664109","targetHints":{"allow":["GET"]}}],"collection":[{"href":"https:\/\/www.europesays.com\/fr\/wp-json\/wp\/v2\/posts"}],"about":[{"href":"https:\/\/www.europesays.com\/fr\/wp-json\/wp\/v2\/types\/post"}],"author":[{"embeddable":true,"href":"https:\/\/www.europesays.com\/fr\/wp-json\/wp\/v2\/users\/2"}],"replies":[{"embeddable":true,"href":"https:\/\/www.europesays.com\/fr\/wp-json\/wp\/v2\/comments?post=664109"}],"version-history":[{"count":0,"href":"https:\/\/www.europesays.com\/fr\/wp-json\/wp\/v2\/posts\/664109\/revisions"}],"wp:featuredmedia":[{"embeddable":true,"href":"https:\/\/www.europesays.com\/fr\/wp-json\/wp\/v2\/media\/664110"}],"wp:attachment":[{"href":"https:\/\/www.europesays.com\/fr\/wp-json\/wp\/v2\/media?parent=664109"}],"wp:term":[{"taxonomy":"category","embeddable":true,"href":"https:\/\/www.europesays.com\/fr\/wp-json\/wp\/v2\/categories?post=664109"},{"taxonomy":"post_tag","embeddable":true,"href":"https:\/\/www.europesays.com\/fr\/wp-json\/wp\/v2\/tags?post=664109"}],"curies":[{"name":"wp","href":"https:\/\/api.w.org\/{rel}","templated":true}]}}