{"id":66411,"date":"2025-05-01T07:58:07","date_gmt":"2025-05-01T07:58:07","guid":{"rendered":"https:\/\/www.europesays.com\/fr\/66411\/"},"modified":"2025-05-01T07:58:07","modified_gmt":"2025-05-01T07:58:07","slug":"motogp-pramac-encense-quartararo-et-explique-le-mysterieux-abandon-de-miller","status":"publish","type":"post","link":"https:\/\/www.europesays.com\/fr\/66411\/","title":{"rendered":"MotoGP : Pramac encense Quartararo et explique le myst\u00e9rieux abandon de Miller"},"content":{"rendered":"<p>C\u2019est \u00e0 croire qu\u2019il est impossible qu\u2019un Grand-Prix MotoGP se passe \u00e0 merveille pour les deux \u00e9quipes Yamaha, simultan\u00e9ment ! En effet, depuis le d\u00e9but de la saison, soit ce sont les Yamaha officielles qui brillent, soit le Team Pramac. Et depuis quelque temps, l\u2019\u00e9curie satellite semble clairement manquer de r\u00e9ussite. Aussi, Jerez fut un autre chemin de croix pour Jack Miller, qui avait pourtant le rythme pour enregistrer un excellent r\u00e9sultat.<\/p>\n<p>MotoGP : Jack Miller en manque de r\u00e9ussite<\/p>\n<p>Le Grand-Prix d\u2019Espagne de MotoGP aura \u00e9t\u00e9 excellent pour Yamaha, avec une pole position et une deuxi\u00e8me place, dimanche, apr\u00e8s que Fabio Quartararo ait men\u00e9 la course, durant plusieurs tours. En revanche, chez Pramac, Jack Miller n\u2019aura pas \u00e9t\u00e9 en mesure d\u2019exploiter cet excellent potentiel. En particulier en raison d\u2019un abandon sur probl\u00e8me technique. Et d\u00e9sormais, nous savons ce qui lui est arriv\u00e9. L\u2019Australien ayant expliqu\u00e9, dans le d\u00e9tail, les raisons de sa m\u00e9saventure.<\/p>\n<p>\u00ab Ce matin, nous avons effectu\u00e9 un petit r\u00e9glage sur l\u2019avant en reculant l\u00e9g\u00e8rement la colonne de direction, et cela a vraiment aid\u00e9 : j\u2019avais de meilleures sensations sans trop perdre en performance de freinage\u201c, racontait Jack Miller, dimanche soir dernier soit, \u00e0 la veille du test de Jerez. La course se d\u00e9roulait bien\u2026 jusqu\u2019\u00e0 ce que \u00e7a ne se passe plus comme pr\u00e9vu. <strong>\u00c0 l\u2019arri\u00e8re de la moto, l\u00e0 o\u00f9 passe le faisceau \u00e9lectrique, un des boulons du car\u00e9nage frottait contre lui et a fini par le couper, cassant deux fils critiques et me for\u00e7ant \u00e0 abandonner<\/strong>. C\u2019est \u00e9videmment d\u00e9cevant, car il y avait de bons points \u00e0 prendre aujourd\u2019hui, et nous les avons laiss\u00e9s filer \u2013 mais c\u2019est la course\u201d.<\/p>\n<p>\u201cParfois, c\u2019est vous, parfois c\u2019est la moto. La bonne nouvelle, c\u2019est que nous allons au Mans et que nous allons tout donner. En course, je me sentais bien, m\u00eame si Morbidelli m\u2019a percut\u00e9 au dernier virage, puis \u00e0 nouveau au premier, ce qui a laiss\u00e9 Binder et Acosta me d\u00e9passer. Apr\u00e8s cela, j\u2019ai r\u00e9ussi \u00e0 me reprendre et l\u2019\u00e9quilibre de la moto commen\u00e7ait \u00e0 s\u2019am\u00e9liorer. Malheureusement, Nous n\u2019avons jamais eu l\u2019occasion de voir comment cela aurait pu se terminer. Maintenant, j\u2019ai h\u00e2te d\u2019\u00eatre \u00e0 la journ\u00e9e d\u2019essais de demain. Nous allons essayer diff\u00e9rentes choses sur ce qu\u2019on pourrait appeler une piste \u00ab normale \u00bb \u2013 avec une adh\u00e9rence, des temp\u00e9ratures et un trac\u00e9 plus classiques \u2013 alors j\u2019ai h\u00e2te de jouer un peu et de continuer \u00e0 progresser.\u201c, conclut le pilote Pramac-Yamaha, impatient de rouler au Mans, un circuit qui lui convient plut\u00f4t bien, g\u00e9n\u00e9ralement.<\/p>\n<p>De son c\u00f4t\u00e9, Gino Borsoi, le Team Principal de Pramac MotoGP, f\u00e9licite Fabio Quartararo pour sa performance brillante, tout au long du week-end Espagnol. Mais l\u2019Italien reste amer, apr\u00e8s la belle occasion manqu\u00e9e pour Jack Miller : \u201cCe n\u2019est pas facile de commenter une course qui laisse un go\u00fbt aussi amer, surtout apr\u00e8s avoir vu ce que les premiers tours promettaient. C\u2019est vraiment dommage, car Jack a r\u00e9alis\u00e9 une course fantastique, agressif d\u00e8s le d\u00e9part, remontant rapidement dans le groupe en qu\u00eate du podium. <\/p>\n<blockquote class=\"twitter-tweet\">\n<p dir=\"ltr\" lang=\"en\">Tough Luck for Prima <a href=\"https:\/\/twitter.com\/pramacracing?ref_src=twsrc%5Etfw\" target=\"_blank\" rel=\"noopener\">@pramacracing<\/a> Yamaha MotoGP at the <a href=\"https:\/\/twitter.com\/hashtag\/SpanishGP?src=hash&amp;ref_src=twsrc%5Etfw\" target=\"_blank\" rel=\"noopener\">#SpanishGP<\/a> after <a href=\"https:\/\/twitter.com\/jackmilleraus?ref_src=twsrc%5Etfw\" target=\"_blank\" rel=\"noopener\">@jackmilleraus<\/a> was forced to retire from the race with a technical issue and <a href=\"https:\/\/twitter.com\/Afernandez37?ref_src=twsrc%5Etfw\" target=\"_blank\" rel=\"noopener\">@Afernandez37<\/a> missing out on the points-paying positions in 16th.<a href=\"https:\/\/twitter.com\/hashtag\/YamahaRacing?src=hash&amp;ref_src=twsrc%5Etfw\" target=\"_blank\" rel=\"noopener\">#YamahaRacing<\/a> | <a href=\"https:\/\/twitter.com\/hashtag\/PramacRacing?src=hash&amp;ref_src=twsrc%5Etfw\" target=\"_blank\" rel=\"noopener\">#PramacRacing<\/a> | <a href=\"https:\/\/twitter.com\/hashtag\/MotoGP?src=hash&amp;ref_src=twsrc%5Etfw\" target=\"_blank\" rel=\"noopener\">#MotoGP<\/a><\/p>\n<p>\u2014 Yamaha Racing (@yamaharacingcom) <a href=\"https:\/\/twitter.com\/yamaharacingcom\/status\/1916539087546155080?ref_src=twsrc%5Etfw\" target=\"_blank\" rel=\"noopener\">April 27, 2025<\/a><\/p>\n<\/blockquote>\n<p>C\u2019\u00e9tait une journ\u00e9e o\u00f9 un top 10 \u00e9tait \u00e0 port\u00e9e de main, et c\u2019est sur cet aspect que je pr\u00e9f\u00e8re me concentrer, malgr\u00e9 l\u2019abandon. Yamaha, comme l\u2019a montr\u00e9 la course exceptionnelle de Fabio Quartararo, fait de r\u00e9els progr\u00e8s, et sur les bons circuits et dans de bonnes conditions, nous pouvons viser les premi\u00e8res places. Des courses comme celle-ci sont un excellent boost pour le moral de tous, et c\u2019est cet \u00e9tat d\u2019esprit que nous devons conserver. Maintenant, nous nous tournons vers Le Mans, en esp\u00e9rant que Miguel Oliveira soit compl\u00e8tement r\u00e9tabli et de retour parmi nous.\u201d, conclut l\u2019int\u00e9ress\u00e9, qui croit visiblement au retour de Miguel Oliveira, pour le Grand-Prix de France.<\/p>\n<p>Enfin, Augusto Fernandez, en sa qualit\u00e9 de pilote d\u2019essais, ne vise \u00e9videmment pas de grands r\u00e9sultats. Son r\u00f4le \u00e9tant plut\u00f4t de travailler, essayer des pi\u00e8ces et faire progresser son Team. Toutefois, il n\u2019oublie pas de saluer la grande performance sign\u00e9e par FB20 : \u00ab Fabio a fait un travail incroyable aujourd\u2019hui, comme tout au long du week-end. Il conna\u00eet la moto par c\u0153ur et est capable de la pousser \u00e0 ses limites, voire au-del\u00e0, tout en minimisant ses faiblesses. Cela me rend vraiment heureux car, alors que tout le monde parle du projet V4 de Yamaha, nous avons continu\u00e9 \u00e0 am\u00e9liorer cette moto, en apportant de petites am\u00e9liorations et en travaillant sur les d\u00e9tails pour offrir \u00e0 tous les pilotes un meilleur feeling\u201d. <\/p>\n<p>\u201cNous l\u2019avons \u00e9galement constat\u00e9 avec Jack, qui, malgr\u00e9 un peu de malchance aujourd\u2019hui, a montr\u00e9 qu\u2019il avait le rythme pour une belle course. Nous devons continuer \u00e0 travailler dans cette direction. Quant \u00e0 moi, j\u2019ai le sentiment d\u2019avoir beaucoup progress\u00e9 ces derni\u00e8res courses. Mais maintenant, gagner cette derni\u00e8re seconde est le plus difficile, surtout en raison de mon r\u00f4le cette ann\u00e9e, o\u00f9 tester de nouvelles pi\u00e8ces rend difficile de se concentrer uniquement sur la vitesse. Malgr\u00e9 tout, je suis satisfait des progr\u00e8s que nous r\u00e9alisons. \u00bb finit par conclure le pilote Espagnol.<\/p>\n<p>Les sentiments de Pramac, apr\u00e8s le test de Jerez<\/p>\n<p>Et ce vent positif, qui souffle sur les \u00e9curies Yamaha, en particulier depuis le week-end dernier, continue de contaminer Pramac. Qui, apr\u00e8s le test de Jerez, se r\u00e9v\u00e8le tr\u00e8s positive, les pi\u00e8ces essay\u00e9es ayant visiblement donn\u00e9 satisfaction. Et en particulier le nouveau moteur, dont le petit plus de puissance apport\u00e9 rend Gino Borsoi particuli\u00e8rement optimiste, \u00e0 court terme. C\u2019est \u00e0 dire, \u00e0 l\u2019aube du Grand-Prix de France 2025.<\/p>\n<p>\u201cCe fut une excellente journ\u00e9e d\u2019essais, car nous avons pu tester de nombreuses nouveaut\u00e9s Yamaha : un nouveau moteur, des pi\u00e8ces de suspension\u201c, confirme Gino Borsoi, dans la foul\u00e9e de la journ\u00e9e d\u2019essais en question. \u201cLes retours des pilotes \u00e9taient positifs et satisfaisants. Les r\u00e9sultats des deux autres pilotes Yamaha confirment que nous sommes sur la bonne voie. Le moteur est tr\u00e8s similaire \u00e0 celui que nous avons utilis\u00e9 jusqu\u2019\u00e0 pr\u00e9sent, mais il offre plus de puissance et pourrait nous aider \u00e0 obtenir de meilleurs r\u00e9sultats prochainement. L\u2019ensemble du package test\u00e9 aujourd\u2019hui fonctionne bien et semble nous mettre sur la bonne voie. Depuis le d\u00e9but de la saison, nous avons progress\u00e9 sans cesse, et les r\u00e9sultats de Quartararo ce week-end le confirment\u201c, analyse-t-il, s\u2019appuyant \u00e0 nouveau sur le r\u00e9sultat de Fabio Quartararo, \u00e0 Jerez.<\/p>\n<p>Reste donc, maintenant, \u00e0 transformer toutes ces bonnes ondes pour esp\u00e9rer d\u00e9crocher enfin ce r\u00e9sultat \u201cr\u00e9f\u00e9rence\u201d, qui lancerait d\u00e9finitivement la saison de l\u2019\u00e9quipe B de Yamaha, cette ann\u00e9e. Sachant qu\u2019au Mans, il pourrait tr\u00e8s bien pleuvoir, comme cela se produit assez r\u00e9guli\u00e8rement. Des conditions qui donneraient un s\u00e9rieux coup de pouce \u00e0 l\u2019\u00e9curie concern\u00e9e, Jack Miller excellant toujours dans ces circonstances\u2026<\/p>\n<\/p>\n<p>Article publi\u00e9 le 01\/05\/2025 \u00e0 9h03<\/p>\n<p>                                                            <script async src=\"https:\/\/platform.twitter.com\/widgets.js\" charset=\"utf-8\"><\/script><\/p>\n","protected":false},"excerpt":{"rendered":"C\u2019est \u00e0 croire qu\u2019il est impossible qu\u2019un Grand-Prix MotoGP se passe \u00e0 merveille pour les deux \u00e9quipes Yamaha,&hellip;\n","protected":false},"author":2,"featured_media":66412,"comment_status":"","ping_status":"","sticky":false,"template":"","format":"standard","meta":{"footnotes":""},"categories":[1413],"tags":[1011,27,12836,1457,1456,1458,13381,60],"class_list":{"0":"post-66411","1":"post","2":"type-post","3":"status-publish","4":"format-standard","5":"has-post-thumbnail","7":"category-moto","8":"tag-fr","9":"tag-france","10":"tag-jack-miller","11":"tag-moto","12":"tag-motocycle","13":"tag-motogp","14":"tag-pramac","15":"tag-sports"},"share_on_mastodon":{"url":"https:\/\/pubeurope.com\/@fr\/114431518622418692","error":""},"_links":{"self":[{"href":"https:\/\/www.europesays.com\/fr\/wp-json\/wp\/v2\/posts\/66411","targetHints":{"allow":["GET"]}}],"collection":[{"href":"https:\/\/www.europesays.com\/fr\/wp-json\/wp\/v2\/posts"}],"about":[{"href":"https:\/\/www.europesays.com\/fr\/wp-json\/wp\/v2\/types\/post"}],"author":[{"embeddable":true,"href":"https:\/\/www.europesays.com\/fr\/wp-json\/wp\/v2\/users\/2"}],"replies":[{"embeddable":true,"href":"https:\/\/www.europesays.com\/fr\/wp-json\/wp\/v2\/comments?post=66411"}],"version-history":[{"count":0,"href":"https:\/\/www.europesays.com\/fr\/wp-json\/wp\/v2\/posts\/66411\/revisions"}],"wp:featuredmedia":[{"embeddable":true,"href":"https:\/\/www.europesays.com\/fr\/wp-json\/wp\/v2\/media\/66412"}],"wp:attachment":[{"href":"https:\/\/www.europesays.com\/fr\/wp-json\/wp\/v2\/media?parent=66411"}],"wp:term":[{"taxonomy":"category","embeddable":true,"href":"https:\/\/www.europesays.com\/fr\/wp-json\/wp\/v2\/categories?post=66411"},{"taxonomy":"post_tag","embeddable":true,"href":"https:\/\/www.europesays.com\/fr\/wp-json\/wp\/v2\/tags?post=66411"}],"curies":[{"name":"wp","href":"https:\/\/api.w.org\/{rel}","templated":true}]}}