{"id":664128,"date":"2026-01-15T00:25:15","date_gmt":"2026-01-15T00:25:15","guid":{"rendered":"https:\/\/www.europesays.com\/fr\/664128\/"},"modified":"2026-01-15T00:25:15","modified_gmt":"2026-01-15T00:25:15","slug":"derek-gee-west-rassure-par-sa-signature-chez-lidl-trek-dont-il-sera-le-leader-pour-le-classement-general-au-giro-il-y-avait-beaucoup-dincertitude-lequipe","status":"publish","type":"post","link":"https:\/\/www.europesays.com\/fr\/664128\/","title":{"rendered":"Derek Gee-West rassur\u00e9 par sa signature chez Lidl-Trek, dont il sera le leader pour le classement g\u00e9n\u00e9ral au Giro : \u00ab Il y avait beaucoup d&#039;incertitude \u00bb &#8211; L&#039;\u00c9quipe"},"content":{"rendered":"<ol>\n<li><a href=\"https:\/\/news.google.com\/rss\/articles\/CBMisAJBVV95cUxQMEl2MWxCWmpaNVYtcG1QdXp5bVFhLVdrZFpna3BFOUJWSkpyTDVoUDJfWWUzT25kUmlvZ2lIOGhYR2ZiTWVSRzFhRnc2R3BXSGV5N1l2YnpjQnl2UzlvS0laNnRXQXJkc2lxRENzdnZITFhsa3pXTl9lUXBKRVB6ajBuTXJvcXFCd1gwZ0ZpR3dFTFZRbWNzeDRpOGRPeU5CSllOUUpMNmNzcF9VUFNJWmRzdUFaT3BqVmNyRHpaRno5ZkRnb3Jxa25RUDRoWTlVYzJBV2RSSHk1bzhtMTlaNTlISG5nRU9MZWtZVmtKdC0yWkU4czhpbWRMVWU5NUFiX0dURDNWUEpla2RsLVBXei1vRmJJM2dFdlZqVWtTTEhaRGtVRDVqVFVvWnA1ZVZO?oc=5\" target=\"_blank\" rel=\"noopener\">Derek Gee-West rassur\u00e9 par sa signature chez Lidl-Trek, dont il sera le leader pour le classement g\u00e9n\u00e9ral au Giro : \u00ab Il y avait beaucoup d&rsquo;incertitude \u00bb<\/a>&nbsp;&nbsp;L&rsquo;\u00c9quipe<\/li>\n<li><a href=\"https:\/\/news.google.com\/rss\/articles\/CBMiuwFBVV95cUxQVzlGLWN2WVFNZzBaN3RTNzF0aFZKSENUTng4SFgtMlpJWThzN3NNbktWbEFmV3VyWkdUbFNtSnZMQV9RNEJOdmZNMzVEa2h5YWhuVjR0N21tMmU0eEhFWVV1NDRVSFNzWlltWXktUm53UXhKSFRmWG40eF83M3UwN3FCbzBiclRKUFhYbG5HYnVvYkZ5R0hBRmxfbDQwWFdRSVJFdGRWXzRMZ1d4N3M2WExQUm10Y1U1WTBZ?oc=5\" target=\"_blank\" rel=\"noopener\">\u00ab\u00a0J\u2019adore le Giro, depuis que je suis enfant\u00a0\u00bb indique un ambitieux Derek Gee<\/a>&nbsp;&nbsp;Ski-nordique<\/li>\n<li><a href=\"https:\/\/news.google.com\/rss\/articles\/CBMinwFBVV95cUxOY2dOZEVXUnl3VDJkQlZRQzNXMXpNQ3hWR0lFWElsaFNOczd6WjJTQnZ5VFBSSkUzOVJDVjNpS1VIQ3VCTXdTdlNvT21RWXc5M1Q5R19naUU5WUxBY3BqUTAxN0VMcEI0SjFHMUh4d0NRVXMtS0x3ZU9mV0lIRjhkWTU5TzI2eXQxYk1JNlF2eEFqS3Z5X3hrdWlwNWYtbzA?oc=5\" target=\"_blank\" rel=\"noopener\">Les ambitions renouvel\u00e9es de Derek Gee-West<\/a>&nbsp;&nbsp;Radio-Canada<\/li>\n<li><a href=\"https:\/\/news.google.com\/rss\/articles\/CBMifkFVX3lxTE52Y0Q4M05lREJvb041OEltdDdLV3N0djhpYWZRUU9RVFdoZ0JHaDNvMkprYmszVWhQaW5xQ05EY2dORmFMdzVyTzRjN081eWRkWjd4SVc3djg2MncyR3BfR0lIS0xCTDRuWnZ3ZGI3RnhGc1hONUt5dmVYaXRHQQ?oc=5\" target=\"_blank\" rel=\"noopener\">Preview 2026 : de grosses ambitions pour Lidl-Trek<\/a>&nbsp;&nbsp;Velo-Club<\/li>\n<li><a href=\"https:\/\/news.google.com\/rss\/articles\/CBMifkFVX3lxTE9oaVRKbHRGTV9hSFdualJheEpoX0pxVjFCa1RyZFJ2QmRzTm1aTEV2ZjhpT3V6TFhHZmZNYzQyVlNrWEJBX1VxcWtlb0xqTEJxbjk0Um0yRmx4ZWdydGl6SlBpcndqbjVmNlFmNk1uSTRrQVZEQjl4U3J0ZXNKdw?oc=5\" target=\"_blank\" rel=\"noopener\">Le programme de Derek Gee pour la saison 2026<\/a>&nbsp;&nbsp;TotalVelo<\/li>\n<\/ol>\n","protected":false},"excerpt":{"rendered":"Derek Gee-West rassur\u00e9 par sa signature chez Lidl-Trek, dont il sera le leader pour le classement g\u00e9n\u00e9ral au&hellip;\n","protected":false},"author":2,"featured_media":664129,"comment_status":"","ping_status":"","sticky":false,"template":"","format":"standard","meta":{"footnotes":""},"categories":[1411],"tags":[1154,207,1011,27,60],"class_list":{"0":"post-664128","1":"post","2":"type-post","3":"status-publish","4":"format-standard","5":"has-post-thumbnail","7":"category-cyclisme","8":"tag-cycling","9":"tag-cyclisme","10":"tag-fr","11":"tag-france","12":"tag-sports"},"share_on_mastodon":{"url":"https:\/\/pubeurope.com\/@fr\/115896275656798047","error":""},"_links":{"self":[{"href":"https:\/\/www.europesays.com\/fr\/wp-json\/wp\/v2\/posts\/664128","targetHints":{"allow":["GET"]}}],"collection":[{"href":"https:\/\/www.europesays.com\/fr\/wp-json\/wp\/v2\/posts"}],"about":[{"href":"https:\/\/www.europesays.com\/fr\/wp-json\/wp\/v2\/types\/post"}],"author":[{"embeddable":true,"href":"https:\/\/www.europesays.com\/fr\/wp-json\/wp\/v2\/users\/2"}],"replies":[{"embeddable":true,"href":"https:\/\/www.europesays.com\/fr\/wp-json\/wp\/v2\/comments?post=664128"}],"version-history":[{"count":0,"href":"https:\/\/www.europesays.com\/fr\/wp-json\/wp\/v2\/posts\/664128\/revisions"}],"wp:featuredmedia":[{"embeddable":true,"href":"https:\/\/www.europesays.com\/fr\/wp-json\/wp\/v2\/media\/664129"}],"wp:attachment":[{"href":"https:\/\/www.europesays.com\/fr\/wp-json\/wp\/v2\/media?parent=664128"}],"wp:term":[{"taxonomy":"category","embeddable":true,"href":"https:\/\/www.europesays.com\/fr\/wp-json\/wp\/v2\/categories?post=664128"},{"taxonomy":"post_tag","embeddable":true,"href":"https:\/\/www.europesays.com\/fr\/wp-json\/wp\/v2\/tags?post=664128"}],"curies":[{"name":"wp","href":"https:\/\/api.w.org\/{rel}","templated":true}]}}