{"id":664130,"date":"2026-01-15T00:26:13","date_gmt":"2026-01-15T00:26:13","guid":{"rendered":"https:\/\/www.europesays.com\/fr\/664130\/"},"modified":"2026-01-15T00:26:13","modified_gmt":"2026-01-15T00:26:13","slug":"angers-va-boucler-la-vente-record-de-cherif-en-angleterre-sage-lens-lance-deja-pour-la-bataille-des-leaders","status":"publish","type":"post","link":"https:\/\/www.europesays.com\/fr\/664130\/","title":{"rendered":"Angers va boucler la vente record de Cherif en Angleterre, Sage (Lens) lance d\u00e9j\u00e0 pour la bataille des leaders"},"content":{"rendered":"<p class=\"p1\">Tout va tr\u00e8s (trop ?) vite dans le football ! En d\u00e9but de saison, Sidiki Ch\u00e9rif \u00e9tait inconnu au bataillon ou presque. Auteur de sept apparitions en Ligue 1 la saison derni\u00e8re, l&rsquo;attaquant de 19 ans se pr\u00e9sentait comme un joueur de rotation avec l&rsquo;Angers SCO. Mais en l&rsquo;espace de quelques mois, tout a rapidement chang\u00e9.<\/p>\n<p class=\"p1\">En effet, il s&rsquo;est impos\u00e9 comme un titulaire quasiment indiscutable sous les ordres d&rsquo;Alexandre Dujeux. 17 apparitions tranchantes en Ligue 1 pour quatre buts, suffisant pour attirer les regards des nombreux clubs. Et alors que le Paris FC a tent\u00e9 sa chance en d\u00e9but de mercato, c&rsquo;est vers l&rsquo;Angleterre que son avenir semble s&rsquo;\u00e9crire.<\/p>\n<p>25 millions pour Cherif, \u00e7a br\u00fble<\/p>\n<p class=\"p1\">En effet, comme le d\u00e9voile\u00a0RMC Sport, la direction angevine serait proche de trouver un accord avec Crystal Palace pour la vente de son joueur encore sous contrat jusqu&rsquo;en 2028 avec son \u00e9curie formatrice. On parle d&rsquo;un transfert estim\u00e9 \u00e0 25 millions d&rsquo;euros, ce qui repr\u00e9senterait tout simplement la plus grosse vente de l&rsquo;histoire du SCO.<\/p>\n<blockquote class=\"twitter-tweet\">\n<p dir=\"ltr\" lang=\"fr\">\ud83d\udea8 Exclusif Crystal Palace et Sidiki Ch\u00e9rif ont trouv\u00e9 un accord.<br \/>Angers et le club anglais poursuivent les n\u00e9gociations pour l\u2019attaquant de 19 ans. Les dirigeants de Crystal Palace sont confiants. Sidiki Ch\u00e9rif peut devenir le joueur le plus cher de l\u2019histoire du SCO <a href=\"https:\/\/twitter.com\/RMCsport?ref_src=twsrc%5Etfw\" target=\"_blank\" rel=\"noopener\">@RMCsport<\/a> <a href=\"https:\/\/t.co\/r1I30NwN7d\">pic.twitter.com\/r1I30NwN7d<\/a><\/p>\n<p>\u2014 Fabrice Hawkins (@FabriceHawkins) <a href=\"https:\/\/twitter.com\/FabriceHawkins\/status\/2011407778339029430?ref_src=twsrc%5Etfw\" target=\"_blank\" rel=\"noopener\">January 14, 2026<\/a><\/p>\n<\/blockquote>\n<p class=\"p1\">Dans le m\u00eame temps, le tirage au sort de la Coupe de France nous a offert une affiche all\u00e9chante entre le leader du championnat de Ligue 1, le RC Lens, et de Ligue 2, Troyes. Un choc sur la pelouse du stade de l&rsquo;Aube que Pierre Sage, le patron des Sang et Or, ne compte pas prendre \u00e0 la l\u00e9g\u00e8re, comme il l&rsquo;a expliqu\u00e9 en conf\u00e9rence de presse.<\/p>\n<p class=\"p1\">\u00ab\u00a0Premier de Ligue 1 contre premier de Ligue 2 avec le fait de se d\u00e9placer l\u00e0-bas, ce sera un match \u00e9videmment compliqu\u00e9, mais on ira avec l\u2019id\u00e9e de nous qualifier pour les quarts de finale\u00a0\u00bb, a-t-il d&rsquo;abord expliqu\u00e9, avant de poursuivre. \u00ab\u00a0On va tout mettre en \u0153uvre pour gagner ce match. On est d\u00e9\u00e7u de ne pas jouer \u00e0 domicile, on aurait bien aim\u00e9 que notre public puisse assister \u00e0 un tour suppl\u00e9mentaire. On va se satisfaire du fait que ce soit Troyes, ce sera peut-\u00eatre moins loin que Sochaux pour nos supporters qu\u2019on attend nombreux\u00a0\u00bb. Le message est clair, les Troyes sont pr\u00e9venus.<\/p>\n<p>   Partagez cette info avec vos amis et vos proches en cliquant ici<br \/> Pour r\u00e9sumer<\/p>\n<p>Sidiki Ch\u00e9rif, 19 ans, r\u00e9v\u00e9lation d\u2019Angers (4 buts en 17 matchs), pourrait rejoindre Crystal Palace pour 25 M\u20ac, record pour le SCO. En Coupe de France, Lens (1er de Ligue 1) affronte Troyes (1er de Ligue 2) : Pierre Sage promet un match engag\u00e9 pour les quarts.<\/p>\n<p>R\u00e9dacteur<\/p>\n<p><img decoding=\"async\" width=\"76\" height=\"76\" loading=\"lazy\" src=\"https:\/\/www.europesays.com\/fr\/wp-content\/uploads\/2025\/04\/avatar-onze.webp.webp\" alt=\"Axel Decuigniere\"\/><script async src=\"https:\/\/platform.twitter.com\/widgets.js\" charset=\"utf-8\"><\/script><\/p>\n","protected":false},"excerpt":{"rendered":"Tout va tr\u00e8s (trop ?) vite dans le football ! En d\u00e9but de saison, Sidiki Ch\u00e9rif \u00e9tait inconnu&hellip;\n","protected":false},"author":2,"featured_media":664131,"comment_status":"","ping_status":"","sticky":false,"template":"","format":"standard","meta":{"footnotes":""},"categories":[1410],"tags":[60264,83,63,1011,27,66,60,10662],"class_list":{"0":"post-664130","1":"post","2":"type-post","3":"status-publish","4":"format-standard","5":"has-post-thumbnail","7":"category-football","8":"tag-angleterre-premier-league","9":"tag-coupe-de-france","10":"tag-football","11":"tag-fr","12":"tag-france","13":"tag-ligue-1","14":"tag-sports","15":"tag-transferts"},"share_on_mastodon":{"url":"https:\/\/pubeurope.com\/@fr\/115896279663615751","error":""},"_links":{"self":[{"href":"https:\/\/www.europesays.com\/fr\/wp-json\/wp\/v2\/posts\/664130","targetHints":{"allow":["GET"]}}],"collection":[{"href":"https:\/\/www.europesays.com\/fr\/wp-json\/wp\/v2\/posts"}],"about":[{"href":"https:\/\/www.europesays.com\/fr\/wp-json\/wp\/v2\/types\/post"}],"author":[{"embeddable":true,"href":"https:\/\/www.europesays.com\/fr\/wp-json\/wp\/v2\/users\/2"}],"replies":[{"embeddable":true,"href":"https:\/\/www.europesays.com\/fr\/wp-json\/wp\/v2\/comments?post=664130"}],"version-history":[{"count":0,"href":"https:\/\/www.europesays.com\/fr\/wp-json\/wp\/v2\/posts\/664130\/revisions"}],"wp:featuredmedia":[{"embeddable":true,"href":"https:\/\/www.europesays.com\/fr\/wp-json\/wp\/v2\/media\/664131"}],"wp:attachment":[{"href":"https:\/\/www.europesays.com\/fr\/wp-json\/wp\/v2\/media?parent=664130"}],"wp:term":[{"taxonomy":"category","embeddable":true,"href":"https:\/\/www.europesays.com\/fr\/wp-json\/wp\/v2\/categories?post=664130"},{"taxonomy":"post_tag","embeddable":true,"href":"https:\/\/www.europesays.com\/fr\/wp-json\/wp\/v2\/tags?post=664130"}],"curies":[{"name":"wp","href":"https:\/\/api.w.org\/{rel}","templated":true}]}}