{"id":664132,"date":"2026-01-15T00:27:10","date_gmt":"2026-01-15T00:27:10","guid":{"rendered":"https:\/\/www.europesays.com\/fr\/664132\/"},"modified":"2026-01-15T00:27:10","modified_gmt":"2026-01-15T00:27:10","slug":"raymond-en-kiffe-sur-polska-elle-balance-tout-il-me-regarde-quand-je-me-change","status":"publish","type":"post","link":"https:\/\/www.europesays.com\/fr\/664132\/","title":{"rendered":"Raymond en kiffe sur Polska ? Elle balance tout, \u00ab\u00a0Il me regarde quand je me change\u00a0\u00bb"},"content":{"rendered":"<p>Ce mercredi 14 janvier 2026 juste apr\u00e8s Tout beau, tout neuf,<br \/>\n<a href=\"https:\/\/www.melty.fr\/tele\/tbt9-cyril-hanouna-surprend-et-annonce-le-retour-dun-ou-dune-chroniqueuse-sur-w9-2288889.html\" target=\"_blank\" rel=\"noopener\"><br \/>\nCyril Hanouna sera aux commandes du prime des v\u00e9rit\u00e9s et un<br \/>\nchroniqueur va faire son grand retour.<\/a> <strong>\u00ab\u00a0C\u00a0\u00bbest le<br \/>\nprime qui me fait le plus peur.<\/strong> Je vous le dis, je serais<br \/>\nle seul \u00e0 le faire, on a eu les autorisations. C&rsquo;est vraiment un<br \/>\nprime \u00e0 ne pas rater. \u00c7a sera en direct, donc on va<br \/>\nencha\u00eener\u00a0\u00bb, a -t-il d\u00e9clar\u00e9 il y a quelques jours.<\/p>\n<p>Un prime qui s&rsquo;annonce tendu<\/p>\n<p>Plus r\u00e9cemment, l&rsquo;animateur a fait savoir qu&rsquo;il allait \u00e9galement<br \/>\ndire des v\u00e9rit\u00e9s : <strong>\u00ab\u00a0Il y aura un d\u00e9tecteur de mensonges<br \/>\nauquel je me soumettrais.<\/strong> Vous allez pouvoir poser toutes<br \/>\nvos questions en direct aux chroniqueurs et \u00e0 moi-m\u00eame. Il y aura<br \/>\n\u00e9galement des questions de stars pour vous. On m&rsquo;a parl\u00e9 de<br \/>\nquestions en vid\u00e9o de Didier Deschamps, de Carla Bruni&#8230; \u00c7a va<br \/>\n\u00eatre tr\u00e8s lourd. Il y aura un avant et un apr\u00e8s ce prime, c&rsquo;est s\u00fbr<br \/>\net certain. Vous allez tous y passer.\u00a0\u00bb<\/p>\n<p>\u00ab\u00a0B\u00e9naim tu vas chialer. Polska, tu vas chialer. Gilles<br \/>\nVerdez, tu vas payer. Jordan De Luxe, tu vas chialer. Fabien<br \/>\nLecoeuvre, tu vas te rappetisser. M\u00eame Michel Marie aura sa<br \/>\nlarmichette. J&rsquo;ai h\u00e2te. La seule chose que je peux vous dire, c&rsquo;est<br \/>\nque vous ne serez plus les m\u00eames apr\u00e8s le 14 janvier 2026\u00a0\u00bb,<br \/>\na-t-il ajout\u00e9.<\/p>\n<p>Polska met Raymond mal \u00e0 l&rsquo;aise<\/p>\n<p>Juste avant le prime des v\u00e9rit\u00e9s, Michel Mary est venu pour<br \/>\nd\u00e9crypter quelques enqu\u00eates et poser des questions aux<br \/>\nchroniqueurs. Au moment du tour de Polska, il lui a demand\u00e9 combien<br \/>\nde relations elle a eu. Ce \u00e0 quoi la chroniqueuse a r\u00e9pondu :<br \/>\n\u00ab\u00a0En quelle ann\u00e9e ?\u00a0\u00bb De quoi bien faire rire Cyril Hanouna<br \/>\nqui a ajout\u00e9 : \u00ab\u00a0Merci, rideau. On aura pas mieux.\u00a0\u00bb Polska<br \/>\na ensuite d\u00e9clar\u00e9 : <strong>\u00ab\u00a0En 2025, six. Par contre, si je<br \/>\npeux me permettre&#8230; Je pense qu&rsquo;il y aura une septi\u00e8me personne,<br \/>\npeut-\u00eatre, je ne sais pas, parce qu&rsquo;il y en a un ici que je trouve<br \/>\nlouche. N&rsquo;est-ce pas Raymond ?\u00a0\u00bb<\/strong><\/p>\n<p>Face \u00e0 une telle r\u00e9v\u00e9lation, G\u00e9raldine Maillet s&rsquo;est lev\u00e9e,<br \/>\nCyril Hanouna s&rsquo;est tenu la poitrine et tous les autres<br \/>\nchroniqueurs sont rest\u00e9s bouche b\u00e9e. \u00ab\u00a0\u00c7a va trop vite, \u00e7a va<br \/>\ntrop loin\u00a0\u00bb, a l\u00e2ch\u00e9 l&rsquo;animateur avant de pr\u00e9ciser :<br \/>\n\u00ab\u00a0Polska, vous nous direz tout, tout \u00e0 l&rsquo;heure.\u00a0\u00bb De son<br \/>\nc\u00f4t\u00e9, Raymond \u00e9tait tr\u00e8s surpris par la r\u00e9v\u00e9lation de Polska. Il<br \/>\ns&rsquo;est m\u00eame demand\u00e9 s&rsquo;il allait rester jusqu&rsquo;au prime, si \u00e7a<br \/>\ncommen\u00e7ait comme \u00e7a.<\/p>\n<p>\u00ab\u00a0Polska, \u00e7a pourrait \u00eatre ma<br \/>\nfille\u00a0\u00bb<\/p>\n<p>Face \u00e0 son camarade, <a href=\"https:\/\/www.melty.fr\/tele\/tbt9-matthieu-delormeau-insulte-polska-raymond-lui-repond-cash-jai-mis-les-deux-t-connard-2276367.html\" target=\"_blank\" rel=\"noopener\"><br \/>\ncelle qui a \u00e9t\u00e9 insult\u00e9e par Matthieu Delormeau<\/a> ne s&rsquo;est pas<br \/>\nd\u00e9mont\u00e9e et lui a balanc\u00e9 : <strong>\u00ab\u00a0Dis la v\u00e9rit\u00e9 s&rsquo;il te<br \/>\nplait. Dans les loges, tu fais quoi ? Je peux vous dire qu&rsquo;en ce<br \/>\nmoment, quand je me change, il r\u00f4de.\u00a0\u00bb<\/strong> Raymond a donc<br \/>\ntenu \u00e0 s&rsquo;expliquer et il a affirm\u00e9 qu&rsquo;il n&rsquo;y avait absolument<br \/>\nrien.<\/p>\n<p>\u00ab\u00a0<strong>Mais non, il y a rien du tout.<\/strong> Je vous dis<br \/>\ntout, je suis transparent, on voit \u00e0 travers. On se chambre avec<br \/>\nPolska parce que je lui dis &lsquo;c&rsquo;est bien aujourd&rsquo;hui, tu as dit<br \/>\nbonjour et au revoir&rsquo;, elle me r\u00e9pond que c&rsquo;est du harc\u00e8lement<br \/>\nmoral. L\u00e0, elle est en train de me farcir. Je ne regarde pas les<br \/>\nfilles qui se changent, ni Polska, ni G\u00e9raldine, ni personne.<br \/>\n<strong>Polska, \u00e7a pourrait \u00eatre ma fille<\/strong>\u00ab\u00a0, a-t-il<br \/>\ndit.<\/p>\n","protected":false},"excerpt":{"rendered":"Ce mercredi 14 janvier 2026 juste apr\u00e8s Tout beau, tout neuf, Cyril Hanouna sera aux commandes du prime&hellip;\n","protected":false},"author":2,"featured_media":664133,"comment_status":"","ping_status":"","sticky":false,"template":"","format":"standard","meta":{"footnotes":""},"categories":[1359],"tags":[58,59,1011,27,973],"class_list":{"0":"post-664132","1":"post","2":"type-post","3":"status-publish","4":"format-standard","5":"has-post-thumbnail","7":"category-people","8":"tag-divertissement","9":"tag-entertainment","10":"tag-fr","11":"tag-france","12":"tag-people"},"share_on_mastodon":{"url":"https:\/\/pubeurope.com\/@fr\/115896283552864890","error":""},"_links":{"self":[{"href":"https:\/\/www.europesays.com\/fr\/wp-json\/wp\/v2\/posts\/664132","targetHints":{"allow":["GET"]}}],"collection":[{"href":"https:\/\/www.europesays.com\/fr\/wp-json\/wp\/v2\/posts"}],"about":[{"href":"https:\/\/www.europesays.com\/fr\/wp-json\/wp\/v2\/types\/post"}],"author":[{"embeddable":true,"href":"https:\/\/www.europesays.com\/fr\/wp-json\/wp\/v2\/users\/2"}],"replies":[{"embeddable":true,"href":"https:\/\/www.europesays.com\/fr\/wp-json\/wp\/v2\/comments?post=664132"}],"version-history":[{"count":0,"href":"https:\/\/www.europesays.com\/fr\/wp-json\/wp\/v2\/posts\/664132\/revisions"}],"wp:featuredmedia":[{"embeddable":true,"href":"https:\/\/www.europesays.com\/fr\/wp-json\/wp\/v2\/media\/664133"}],"wp:attachment":[{"href":"https:\/\/www.europesays.com\/fr\/wp-json\/wp\/v2\/media?parent=664132"}],"wp:term":[{"taxonomy":"category","embeddable":true,"href":"https:\/\/www.europesays.com\/fr\/wp-json\/wp\/v2\/categories?post=664132"},{"taxonomy":"post_tag","embeddable":true,"href":"https:\/\/www.europesays.com\/fr\/wp-json\/wp\/v2\/tags?post=664132"}],"curies":[{"name":"wp","href":"https:\/\/api.w.org\/{rel}","templated":true}]}}