{"id":664134,"date":"2026-01-15T00:28:10","date_gmt":"2026-01-15T00:28:10","guid":{"rendered":"https:\/\/www.europesays.com\/fr\/664134\/"},"modified":"2026-01-15T00:28:10","modified_gmt":"2026-01-15T00:28:10","slug":"dou-vient-cette-statue-geante-installee-a-lentree-de-ce-petit-village-des-cotes-darmor","status":"publish","type":"post","link":"https:\/\/www.europesays.com\/fr\/664134\/","title":{"rendered":"d\u2019o\u00f9 vient cette statue g\u00e9ante install\u00e9e \u00e0 l\u2019entr\u00e9e de ce petit village des C\u00f4tes-d\u2019Armor\u00a0?"},"content":{"rendered":"<p>                    Par<br \/>\n        <strong><br \/>\n            <a href=\"https:\/\/actu.fr\/auteur\/journaliste-lpa\" title=\"Consulter tous les articles de R\u00e9daction Paimpol\" target=\"_blank\" rel=\"noopener\">R\u00e9daction Paimpol<\/a><br \/>\n                    <\/strong><\/p>\n<p>        Publi\u00e9 le<\/p>\n<p>            14 janv. 2026 \u00e0 17h14<br \/>\n        ; mis \u00e0 jour le 14 janv. 2026 \u00e0 17h15    <\/p>\n<p>Il ne passe pas inaper\u00e7u \u00e0 l\u2019entr\u00e9e de la petite commune de<b> Quemper-Gu\u00e9zennec <\/b>(C\u00f4tes-d\u2019Armor).<\/p>\n<p class=\" wall-content\">Ce<b> Moa\u00ef g\u00e9ant<\/b>, haut de 6\u00a0m\u00e8tres et pesant environ 22\u00a0tonnes, a \u00e9t\u00e9 install\u00e9 en ce d\u00e9but d\u2019ann\u00e9e 2026 devant l\u2019\u00e9glise du village, pr\u00e8s de la st\u00e8le du<a href=\"https:\/\/actu.fr\/bretagne\/quemper-guezennec_22256\/expedition-la-perouse-le-commandant-fleuriot-de-langle-oublie-de-l-histoire_39054438.html\" target=\"_blank\" rel=\"noopener\"> c\u00e9l\u00e8bre navigateur Paul-Antoine Fleuriot de Langle<\/a>, n\u00e9 dans la commune en 1786.<\/p>\n<p class=\" wall-content\">Ce Moa\u00ef de la Fraternit\u00e9 a \u00e9t\u00e9 sculpt\u00e9 dans le granit breton par quatre artistes de talent. Alberto Ika Araki et Jos\u00e9 Ika Sanchez qui sont chiliens et issus de Rapa Nui (\u00eele de P\u00e2ques). Leurs deux compagnons d\u2019\u0153uvre, <a href=\"https:\/\/actu.fr\/bretagne\/plouezec_22214\/cotes-darmor-haute-de-460-metres-cette-oeuvre-du-sculpteur-kito-a-trouve-sa-place-pres-de-paimpol_62606571.html\" target=\"_blank\" rel=\"noopener\">Kito<\/a>, sculpteur reconnu dans la r\u00e9gion, et Vincent Lema\u00e7on, artiste globe-trotteur bas\u00e9 \u00e0 Crozon, tous deux sculpteurs officiels de <a href=\"https:\/\/actu.fr\/bretagne\/carnoet_22031\/carnoet-la-vallee-des-saints-un-site-touristique-incontournable-en-bretagne_60935655.html\" target=\"_blank\" rel=\"noopener\">la Vall\u00e9e des Saints<\/a>.<\/p>\n<p>Des yeux en marbre<\/p>\n<p class=\" wall-content\">Sculpt\u00e9e en un mois au cours d\u2019un chantier collaboratif du 15\u00a0septembre au 15\u00a0octobre, la statue monumentale, inspir\u00e9e par les Moa\u00ef de l\u2019\u00eele de P\u00e2ques, elle est r\u00e9alis\u00e9e dans deux granits diff\u00e9rents, un pour le corps et un pour le chapeau. Les yeux sont sculpt\u00e9s dans un marbre blanc.<\/p>\n<p class=\" wall-content\">Un partenariat nou\u00e9 il y a huit ans entre la <b>Bretagne<\/b> et<b> l\u2019\u00eele de Rapa Nui<\/b> a permis d\u2019aboutir \u00e0 cette cr\u00e9ation \u00e0 huit mains sur le site de la Vall\u00e9e des Saints.<\/p>\n<p class=\" wall-content\">Depuis sa cr\u00e9ation, Le Moa\u00ef effectue <b>un voyage inaugural <\/b>en <a href=\"https:\/\/actu.fr\/bretagne\/\" target=\"_blank\" rel=\"noopener\">Bretagne<\/a>. Apr\u00e8s un s\u00e9jour dans le Finist\u00e8re, \u00e0 Brest, chacun peut l\u2019admirer aujourd\u2019hui dans les C\u00f4tes-d\u2019Armor, au c\u0153ur du bourg de Quemper-Gu\u00e9zennec o\u00f9 il restera jusqu\u2019au mois de mars.<\/p>\n<p>Vid\u00e9os : en ce moment sur Actu<\/p>\n<p class=\" wall-content\">En avril, la statue monumentale rejoindra <b>le ch\u00e2teau des P\u00e8res en Ille-et-Vilaine <\/b>et en mai <a href=\"https:\/\/actu.fr\/bretagne\/lorient_56121\" target=\"_blank\" rel=\"noopener\">la ville de Lorient<\/a> dans le Morbihan, avant de retrouver Carno\u00ebt, son lieu de naissance, \u00e0 l\u2019entr\u00e9e de La Vall\u00e9e des Saints, dans un espace m\u00e9moriel d\u00e9di\u00e9 \u00e0 Paul-Antoine Fleuriot de Langle, commandant en second de l\u2019exp\u00e9dition scientifique dirig\u00e9e par La P\u00e9rouse (1785-1788).<\/p>\n<p class=\" wall-content\">Personnalisez votre actualit\u00e9 en ajoutant vos villes et m\u00e9dias en favori avec <a href=\"https:\/\/moncompte.actu.fr\" title=\"D\u00e9couvez Mon Actu\" rel=\"nofollow noopener\" data-trk=\"{&quot;cta&quot;:{&quot;action&quot;:&quot;https:\\\/\\\/moncompte.actu.fr&quot;,&quot;category&quot;:&quot;mon compte&quot;,&quot;from&quot;:&quot;article footer&quot;,&quot;name&quot;:&quot;Mon actu&quot;,&quot;type&quot;:&quot;cta&quot;}}\" target=\"_blank\">Mon Actu<\/a>.<\/p>\n","protected":false},"excerpt":{"rendered":"Par R\u00e9daction Paimpol Publi\u00e9 le 14 janv. 2026 \u00e0 17h14 ; mis \u00e0 jour le 14 janv. 2026&hellip;\n","protected":false},"author":2,"featured_media":664135,"comment_status":"","ping_status":"","sticky":false,"template":"","format":"standard","meta":{"footnotes":""},"categories":[1358],"tags":[1348,1384,1385,9439,1386,58,59,1011,27,1757,104],"class_list":{"0":"post-664134","1":"post","2":"type-post","3":"status-publish","4":"format-standard","5":"has-post-thumbnail","7":"category-arts-et-design","8":"tag-arts","9":"tag-arts-and-design","10":"tag-arts-et-design","11":"tag-bretagne-nord","12":"tag-design","13":"tag-divertissement","14":"tag-entertainment","15":"tag-fr","16":"tag-france","17":"tag-insolite","18":"tag-societe"},"share_on_mastodon":{"url":"https:\/\/pubeurope.com\/@fr\/115896287393975015","error":""},"_links":{"self":[{"href":"https:\/\/www.europesays.com\/fr\/wp-json\/wp\/v2\/posts\/664134","targetHints":{"allow":["GET"]}}],"collection":[{"href":"https:\/\/www.europesays.com\/fr\/wp-json\/wp\/v2\/posts"}],"about":[{"href":"https:\/\/www.europesays.com\/fr\/wp-json\/wp\/v2\/types\/post"}],"author":[{"embeddable":true,"href":"https:\/\/www.europesays.com\/fr\/wp-json\/wp\/v2\/users\/2"}],"replies":[{"embeddable":true,"href":"https:\/\/www.europesays.com\/fr\/wp-json\/wp\/v2\/comments?post=664134"}],"version-history":[{"count":0,"href":"https:\/\/www.europesays.com\/fr\/wp-json\/wp\/v2\/posts\/664134\/revisions"}],"wp:featuredmedia":[{"embeddable":true,"href":"https:\/\/www.europesays.com\/fr\/wp-json\/wp\/v2\/media\/664135"}],"wp:attachment":[{"href":"https:\/\/www.europesays.com\/fr\/wp-json\/wp\/v2\/media?parent=664134"}],"wp:term":[{"taxonomy":"category","embeddable":true,"href":"https:\/\/www.europesays.com\/fr\/wp-json\/wp\/v2\/categories?post=664134"},{"taxonomy":"post_tag","embeddable":true,"href":"https:\/\/www.europesays.com\/fr\/wp-json\/wp\/v2\/tags?post=664134"}],"curies":[{"name":"wp","href":"https:\/\/api.w.org\/{rel}","templated":true}]}}