{"id":664138,"date":"2026-01-15T00:31:12","date_gmt":"2026-01-15T00:31:12","guid":{"rendered":"https:\/\/www.europesays.com\/fr\/664138\/"},"modified":"2026-01-15T00:31:12","modified_gmt":"2026-01-15T00:31:12","slug":"etienne-daho-a-70-ans-les-confidences-du-chanteur-sur-son-fils-cache-il-est-ne-quand-javais-17-ans","status":"publish","type":"post","link":"https:\/\/www.europesays.com\/fr\/664138\/","title":{"rendered":"\u00c9tienne Daho a 70 ans\u00a0&#8211; Les confidences du chanteur sur son fils cach\u00e9: \u00ab\u00a0Il est n\u00e9 quand j&rsquo;avais 17 ans\u00a0\u00bb"},"content":{"rendered":"<p class=\"ap-StoryElement ap-StoryElement--mb ap-StoryText\">\u00ab\u00a0Je suis le p\u00e8re d&rsquo;un gar\u00e7on\u00a0\u00bb, a r\u00e9v\u00e9l\u00e9 \u00c9tienne Daho dans \u00ab\u00a0Next\u00a0\u00bb, le suppl\u00e9ment pop culture de \u00ab\u00a0Lib\u00e9ration\u00a0\u00bb, en 2014. \u00ab\u00a0Il est n\u00e9 quand j&rsquo;avais dix-sept ans, \u00e0 Rennes. Je m&rsquo;en suis souci\u00e9, oui, sur injonction de ma m\u00e8re\u00a0\u00bb. Mais il n&rsquo;a jamais \u00e9t\u00e9 un p\u00e8re pour son enfant, juste un g\u00e9niteur. \u00c9tienne Daho \u00e9tait encore au lyc\u00e9e, il r\u00eavait de musique, d&rsquo;Angleterre, pas de couches et de b\u00e9b\u00e9. Il d\u00e9couvrait les exc\u00e8s, aussi : \u00ab\u00a0J&rsquo;ai commenc\u00e9 \u00e0 faire des b\u00eatises\u00a0\u00bb, a-t-il gliss\u00e9. \u00ab\u00a0J&rsquo;ai un terrible besoin d&rsquo;intensit\u00e9, ce qui m&rsquo;a fait me retrouver dans des situations dangereuses. Les cigarettes, l&rsquo;alcool \u00e0 haute dose, les drogues, le sexe, les rencontres. Je pratiquais \u00e9norm\u00e9ment le m\u00e9lange d&rsquo;alcool et de cachets\u00a0\u00bb. Pas des conditions id\u00e9ales pour un enfant.<\/p>\n<p><a href=\"https:\/\/www.parismatch.be\/actualites\/people\/2025\/12\/29\/deces-de-brigitte-bardot-serge-gainsbourg-jean-louis-trintignant-ces-hommes-celebres-avec-lesquels-elle-a-entretenu-des-relations-passionnees-E5CJTEUHORCPTGNONETRKKI6OM\/\" target=\"_self\" class=\"ap-StoryInterstitialLink ap-StoryElement ap-StoryElement--mb\" rel=\"noopener\">D\u00e9c\u00e8s de Brigitte Bardot \u2013 Serge Gainsbourg, Jean-Louis Trintignant\u2026 Ces hommes c\u00e9l\u00e8bres avec lesquels elle a entretenu des relations passionn\u00e9es<\/a>\u00ab\u00a0Peut-\u00eatre qu&rsquo;ensuite, il y a eu d&rsquo;autres enfants\u00a0\u00bb<\/p>\n<p class=\"ap-StoryElement ap-StoryElement--mb ap-StoryText\">Il a fui les responsabilit\u00e9s, ce qu&rsquo;admet le chanteur, lui-m\u00eame abandonn\u00e9 par son p\u00e8re quand il \u00e9tait enfant, \u00e9lev\u00e9 par sa m\u00e8re, seule, avec ses s\u0153urs. \u00ab\u00a0On r\u00e9alise parfois qu&rsquo;on reproduit les m\u00eames erreurs que ses parents\u00a0\u00bb. \u00c9tienne Daho se souvient encore de la derni\u00e8re fois qu&rsquo;il a vu son p\u00e8re, en Alg\u00e9rie : \u00ab\u00a0J&rsquo;avais quatre-cinq ans. Il \u00e9tait venu au Cap Falcon en Jeep avec des amis, il m&rsquo;a serr\u00e9 tr\u00e8s fort dans ses bras, ne m&rsquo;a rien dit et il est parti. Ma m\u00e8re, mes deux s\u0153urs et moi ne l&rsquo;avons jamais revu et n&rsquo;en avons jamais parl\u00e9\u00a0\u00bb, a-t-il racont\u00e9 \u00e0 \u00ab\u00a0L&rsquo;Obs\u00a0\u00bb, en 2017. En 1986, son p\u00e8re s&rsquo;est pr\u00e9sent\u00e9 \u00e0 son concert \u00e0 l&rsquo;Olympia. Mais \u00c9tienne Daho a refus\u00e9 de leur voir. Il est mort quatre ans plus tard.<\/p>\n<p><a href=\"https:\/\/www.parismatch.be\/i-like-belgium\/2023\/06\/17\/etienne-daho-fan-de-bd-belges-tintin-est-mon-heros-WQLWOPMSEZB3HAQZC2AAIDKKVY\/\" target=\"_self\" class=\"ap-StoryInterstitialLink ap-StoryElement ap-StoryElement--mb\" rel=\"noopener\">Etienne Daho fan de BD belges : \u00ab\u00a0Tintin est mon h\u00e9ros\u00a0\u00bb<\/a><\/p>\n<p class=\"ap-StoryElement ap-StoryElement--mb ap-StoryText\">\u00ab\u00a0Je me sentais coupable pour le soir o\u00f9 mon p\u00e8re s&rsquo;est pr\u00e9sent\u00e9 \u00e0 l&rsquo;Olympia. Comme si j&rsquo;avais voulu lui faire payer son abandon en l&rsquo;abandonnant \u00e0 son tour\u00a0\u00bb, a ajout\u00e9 \u00c9tienne Daho, qui a plus tard retrouv\u00e9 \u00ab\u00a0un paquet de lettres non ouvertes\u00a0\u00bb, dans lesquelles son p\u00e8re demandait pardon. C&rsquo;est peut-\u00eatre pour \u00e7a qu&rsquo;il n&rsquo;a jamais essay\u00e9 de renouer avec son propre fils. Interrog\u00e9 par \u00ab\u00a0Next\u00a0\u00bb sur des retrouvailles, il balayait : \u00ab\u00a0Trop compliqu\u00e9 pour lui\u00a0\u00bb. D&rsquo;ailleurs, de sa vie d\u00e9brid\u00e9e et sa sexualit\u00e9 lib\u00e9r\u00e9e, \u00c9tienne Daho n&rsquo;exclut pas d&rsquo;avoir d&rsquo;autres enfants cach\u00e9s. Mais il n&rsquo;ira pas les chercher : \u00ab\u00a0Peut-\u00eatre qu&rsquo;ensuite, il y en a eu d&rsquo;autres, vu la vie que j&rsquo;ai men\u00e9e\u00a0\u00bb.<\/p>\n","protected":false},"excerpt":{"rendered":"\u00ab\u00a0Je suis le p\u00e8re d&rsquo;un gar\u00e7on\u00a0\u00bb, a r\u00e9v\u00e9l\u00e9 \u00c9tienne Daho dans \u00ab\u00a0Next\u00a0\u00bb, le suppl\u00e9ment pop culture de \u00ab\u00a0Lib\u00e9ration\u00a0\u00bb,&hellip;\n","protected":false},"author":2,"featured_media":664139,"comment_status":"","ping_status":"","sticky":false,"template":"","format":"standard","meta":{"footnotes":""},"categories":[1355],"tags":[76513,15207,6629,15549,650,58,59,849,6631,1011,27,3751,1227,1361,873,45350,76514,26399],"class_list":{"0":"post-664138","1":"post","2":"type-post","3":"status-publish","4":"format-standard","5":"has-post-thumbnail","7":"category-musique","8":"tag-actress","9":"tag-art-and-culture","10":"tag-cannes-film-festival","11":"tag-celebrity","12":"tag-cinema","13":"tag-divertissement","14":"tag-entertainment","15":"tag-festival","16":"tag-film-festival","17":"tag-fr","18":"tag-france","19":"tag-headshot","20":"tag-horizontal","21":"tag-music","22":"tag-musique","23":"tag-photocall","24":"tag-portrait-close-up","25":"tag-smiling"},"share_on_mastodon":{"url":"https:\/\/pubeurope.com\/@fr\/115896299259036016","error":""},"_links":{"self":[{"href":"https:\/\/www.europesays.com\/fr\/wp-json\/wp\/v2\/posts\/664138","targetHints":{"allow":["GET"]}}],"collection":[{"href":"https:\/\/www.europesays.com\/fr\/wp-json\/wp\/v2\/posts"}],"about":[{"href":"https:\/\/www.europesays.com\/fr\/wp-json\/wp\/v2\/types\/post"}],"author":[{"embeddable":true,"href":"https:\/\/www.europesays.com\/fr\/wp-json\/wp\/v2\/users\/2"}],"replies":[{"embeddable":true,"href":"https:\/\/www.europesays.com\/fr\/wp-json\/wp\/v2\/comments?post=664138"}],"version-history":[{"count":0,"href":"https:\/\/www.europesays.com\/fr\/wp-json\/wp\/v2\/posts\/664138\/revisions"}],"wp:featuredmedia":[{"embeddable":true,"href":"https:\/\/www.europesays.com\/fr\/wp-json\/wp\/v2\/media\/664139"}],"wp:attachment":[{"href":"https:\/\/www.europesays.com\/fr\/wp-json\/wp\/v2\/media?parent=664138"}],"wp:term":[{"taxonomy":"category","embeddable":true,"href":"https:\/\/www.europesays.com\/fr\/wp-json\/wp\/v2\/categories?post=664138"},{"taxonomy":"post_tag","embeddable":true,"href":"https:\/\/www.europesays.com\/fr\/wp-json\/wp\/v2\/tags?post=664138"}],"curies":[{"name":"wp","href":"https:\/\/api.w.org\/{rel}","templated":true}]}}