{"id":664140,"date":"2026-01-15T00:32:11","date_gmt":"2026-01-15T00:32:11","guid":{"rendered":"https:\/\/www.europesays.com\/fr\/664140\/"},"modified":"2026-01-15T00:32:11","modified_gmt":"2026-01-15T00:32:11","slug":"le-film-sur-le-drame-du-heysel-presente-en-premiere-mondiale-a-la-berlinale","status":"publish","type":"post","link":"https:\/\/www.europesays.com\/fr\/664140\/","title":{"rendered":"Le film sur le drame du Heysel pr\u00e9sent\u00e9 en premi\u00e8re mondiale \u00e0 la Berlinale"},"content":{"rendered":"<p><a href=\"https:\/\/www.dhnet.be\/medias\/television\/2025\/05\/23\/arsene-vaillant-lors-du-drame-du-heysel-je-veux-bien-etre-commentateur-sportif-mais-pas-correspondant-de-guerre-QBIPQHTILNCJZKVTKUIFZBUUCQ\/\" target=\"_self\" class=\"ap-StoryInterstitialLink ap-StoryElement ap-StoryElement--mb\" rel=\"noopener\">Ars\u00e8ne Vaillant lors du drame du Heysel : \u00ab\u00a0Je veux bien \u00eatre commentateur sportif mais pas correspondant de guerre\u00a0\u00bb<\/a><\/p>\n<p class=\"ap-StoryElement ap-StoryElement--mb ap-StoryText\">Le film se concentre sur Marie, fille et attach\u00e9e de presse du bourgmestre de Bruxelles jou\u00e9e par Violet Braeckman, et sur Luca Rossi, un journaliste d&rsquo;origine italienne, interpr\u00e9t\u00e9 par Matteo Simoni. Alors que le chaos se r\u00e9pand dans le stade, tous deux sont confront\u00e9s \u00e0 un dilemme complexe entre leur devoir professionnel, leurs liens familiaux et les trag\u00e9dies humaines qui se d\u00e9roulent sous leurs yeux.<\/p>\n<p class=\"ap-StoryElement ap-StoryElement--mb ap-StoryText\">Violet Braeckman fait par ailleurs partie des European Shooting Star 2026, une s\u00e9lection de dix acteurs europ\u00e9ens \u00e9mergents qui seront pr\u00e9sent\u00e9s \u00e0 la presse internationale et \u00e0 l&rsquo;industrie cin\u00e9matographique pendant le festival.<\/p>\n<p><a href=\"https:\/\/www.dhnet.be\/medias\/television\/2025\/05\/28\/drame-du-heysel-apres-ce-que-jai-vu-a-anderlecht-bruges-cest-termine-je-nirai-plus-au-stade-la-violence-imbecile-brutale-est-toujours-la-SXHNAXG2QRA4LPEDXDBHWZ2AUA\/\" target=\"_self\" class=\"ap-StoryInterstitialLink ap-StoryElement ap-StoryElement--mb\" rel=\"noopener\">Drame du Heysel : \u00ab\u00a0Apr\u00e8s ce que j&rsquo;ai vu \u00e0 Anderlecht-Bruges, c&rsquo;est termin\u00e9, je n&rsquo;irai plus au stade. La violence imb\u00e9cile, brutale, est toujours l\u00e0\u00a0\u00bb<\/a><\/p>\n<p class=\"ap-StoryElement ap-StoryElement--mb ap-StoryText\">La Flandre sera bien repr\u00e9sent\u00e9e \u00e0 la 76e Berlinale, se r\u00e9jouit le VAF. La coproduction &lsquo;The Other Side of the Sun&rsquo; de Tawfik Sabouni sera pr\u00e9sent\u00e9e dans la section Panorama. &lsquo;A Family&rsquo; de Mees Peijnenburg, autre coproduction, a quant \u00e0 elle \u00e9t\u00e9 retenue pour la section Generation 14plus, ax\u00e9e sur les adolescents. Le court m\u00e9trage documentaire &lsquo;Henry is a Girl Who Likes to Sleep&rsquo; de Marthe Peters a pour sa part \u00e9t\u00e9 s\u00e9lectionn\u00e9 pour la section Berlinale Shorts. Enfin, le film &lsquo;Tegenwoordig heet iedereen Sorry&rsquo; r\u00e9alis\u00e9 par Frederike Migom sera \u00e9galement projet\u00e9 en premi\u00e8re mondiale \u00e0 Berlin, dans le cadre de la comp\u00e9tition Generation Kplus d\u00e9di\u00e9e aux enfants. Il s&rsquo;agit d&rsquo;une adaptation cin\u00e9matographique du livre de Bart Moeyaert.<\/p>\n","protected":false},"excerpt":{"rendered":"Ars\u00e8ne Vaillant lors du drame du Heysel : \u00ab\u00a0Je veux bien \u00eatre commentateur sportif mais pas correspondant de&hellip;\n","protected":false},"author":2,"featured_media":664141,"comment_status":"","ping_status":"","sticky":false,"template":"","format":"standard","meta":{"footnotes":""},"categories":[1354],"tags":[4763,672,1348,650,251,58,59,1346,1011,27,1360],"class_list":{"0":"post-664140","1":"post","2":"type-post","3":"status-publish","4":"format-standard","5":"has-post-thumbnail","7":"category-films","8":"tag-agenda","9":"tag-allemagne","10":"tag-arts","11":"tag-cinema","12":"tag-culture","13":"tag-divertissement","14":"tag-entertainment","15":"tag-films","16":"tag-fr","17":"tag-france","18":"tag-movies"},"share_on_mastodon":{"url":"https:\/\/pubeurope.com\/@fr\/115896303294918788","error":""},"_links":{"self":[{"href":"https:\/\/www.europesays.com\/fr\/wp-json\/wp\/v2\/posts\/664140","targetHints":{"allow":["GET"]}}],"collection":[{"href":"https:\/\/www.europesays.com\/fr\/wp-json\/wp\/v2\/posts"}],"about":[{"href":"https:\/\/www.europesays.com\/fr\/wp-json\/wp\/v2\/types\/post"}],"author":[{"embeddable":true,"href":"https:\/\/www.europesays.com\/fr\/wp-json\/wp\/v2\/users\/2"}],"replies":[{"embeddable":true,"href":"https:\/\/www.europesays.com\/fr\/wp-json\/wp\/v2\/comments?post=664140"}],"version-history":[{"count":0,"href":"https:\/\/www.europesays.com\/fr\/wp-json\/wp\/v2\/posts\/664140\/revisions"}],"wp:featuredmedia":[{"embeddable":true,"href":"https:\/\/www.europesays.com\/fr\/wp-json\/wp\/v2\/media\/664141"}],"wp:attachment":[{"href":"https:\/\/www.europesays.com\/fr\/wp-json\/wp\/v2\/media?parent=664140"}],"wp:term":[{"taxonomy":"category","embeddable":true,"href":"https:\/\/www.europesays.com\/fr\/wp-json\/wp\/v2\/categories?post=664140"},{"taxonomy":"post_tag","embeddable":true,"href":"https:\/\/www.europesays.com\/fr\/wp-json\/wp\/v2\/tags?post=664140"}],"curies":[{"name":"wp","href":"https:\/\/api.w.org\/{rel}","templated":true}]}}