{"id":664144,"date":"2026-01-15T00:34:11","date_gmt":"2026-01-15T00:34:11","guid":{"rendered":"https:\/\/www.europesays.com\/fr\/664144\/"},"modified":"2026-01-15T00:34:11","modified_gmt":"2026-01-15T00:34:11","slug":"une-soiree-cauchemar-pour-la-premiere-darbeloa-le-real-madrid-elimine-a-la-derniere-minute-en-coupe-du-roi-par-albacete-pensionnaire-de-d2-lequipe","status":"publish","type":"post","link":"https:\/\/www.europesays.com\/fr\/664144\/","title":{"rendered":"Une soir\u00e9e cauchemar pour la premi\u00e8re d&#039;Arbeloa : le Real Madrid \u00e9limin\u00e9 \u00e0 la derni\u00e8re minute en Coupe du Roi par Albacete, pensionnaire de D2 &#8211; L&#039;\u00c9quipe"},"content":{"rendered":"<ol>\n<li><a href=\"https:\/\/news.google.com\/rss\/articles\/CBMimgJBVV95cUxPa1NCQ2FoOE1xbUtCRm5lcGhId04yMVcyQ1JGLTVKbzRWWW9lQ2JzdEpZMWJKZ3VxV2R3ZGc3ak9Wb3ppaExCWER1LVQ1OWF5TjMteTU0T3NYMG13ZGNRZnl4V3IzSGVGVWxXZTVsWld2YjZremg5aFRaWlNwb0FhSHNBQy1yVVg4UDNTLTQtT2JJMmxzQzRkaS03NVE1VDdpMktfOGdHb2JxV1NFekJWZFNHdGUwcTYwY2ZZN2dtX1N6R0pxS0VfenA2Ykx5bXBTZFR0RTZOYmpEbUdSdlBWWnVkd1BaWjVyWDVuU3dQMTFfMWV1YkhSZVRreTAySWJISlczQ2R4blFBZkc3bkxWQW1iUmVqZVVWcEE?oc=5\" target=\"_blank\" rel=\"noopener\">Une soir\u00e9e cauchemar pour la premi\u00e8re d&rsquo;Arbeloa : le Real Madrid \u00e9limin\u00e9 \u00e0 la derni\u00e8re minute en Coupe du Roi par Albacete, pensionnaire de D2<\/a>&nbsp;&nbsp;L&rsquo;\u00c9quipe<\/li>\n<li><a href=\"https:\/\/news.google.com\/rss\/articles\/CBMiswFBVV95cUxQTGhBQUJpOEY4Q3JzUHduVUxENEk1OVpyenIxb1Y3ellmdWVGMm00ZzRZTUJiTzhkUk9mcGxMYXA0dXd3cnR6WHFhWkxFeld3QU1TUEZHRkRvUGtja3FGYlNSdjJWcS1SM3FraGlaemZzVXlSRWxxTWxRcXJaOWl6ZlVyY2lGR2U5WEdueHJRTzBJOUpPUUFGNThPVXFxalozaC1vWjk5d2xwNlRaRWlTN2p3UQ?oc=5\" target=\"_blank\" rel=\"noopener\">Sans Mbapp\u00e9 et pour la premi\u00e8re d\u2019Arbeloa, le Real humili\u00e9 en Coupe du Roi<\/a>&nbsp;&nbsp;20 Minutes<\/li>\n<li><a href=\"https:\/\/news.google.com\/rss\/articles\/CBMiwgFBVV95cUxNTk1rM3V6MEVHcUE4QmVfLXg0UFdScHpxT2NCdlhCYjZTM1lzQ1VQU1ctZ3dCT1huQktzVElTeVFKMTdXcXY2SXZuMHR2TFcwMk13bEZnUFFpV3FfNXctY0xzSzZkYmhxR3ZPbkRpbnkxZXBCY2QyYnU3UmpCUExYa09LNVR2cFB1OExKNk11Wlp3clE2R1pYRkQyR1podnlVcFpZYXF0cUpJNTFlYlFXMU1JUzVpekl5bTRLYTBrQy1aZw?oc=5\" target=\"_blank\" rel=\"noopener\">Real Madrid : Alvaro Arbeloa r\u00e9agit apr\u00e8s sa premi\u00e8re d\u00e9sastreuse sur le banc !<\/a>&nbsp;&nbsp;Foot Mercato<\/li>\n<li><a href=\"https:\/\/news.google.com\/rss\/articles\/CBMi0AFBVV95cUxPV0V0aWRiVDZ2T0xKOTEtWVpSTkd2Q182WDZvRjB6elkyTGdqRjhGSzBIbXZxV0dmNXY0SXFFM3FBb1NWRWZIRGFTY0tUSTlEbFlWOVhnLXBnSkRzZXNScm81eGZXTmxacnNiQ1JwYlJYT1hqQ2F0bjQtQUJxRTJqempTcFdwTFg5LWF2RHhrNWgycl9aQTZsVXhhNVdDTk9OcVQ5TzM2STlTY0FNdmFqNExWTUR3d21YWXVFNWxzelNnZlZXaFpaM1pSTm1ld0VK0gHPAUFVX3lxTE9JaTV4OGhjN0hzQjlKU1FIQV9INWpKM1ZMVnhLREQ5V2NWOGRSdjlVMmxyMkNsYlUxczFXdk9SLTJwbEJsVkZudHN3NFV2VG44cUVvSHBsd1RGa1dUNV8tdFlCNmxUSldfQlBsamZ0QUtNUTQxb19GQVNEYTJoYzR2Q2JuZkJFSTh0azNNZUc3eVBaVW84cTJ1ZU83MXpHNWZ4TFZnVzhPUFRPUUVGMUlJMXY5X09pV3NwV20yQnEwWU1mOXoyaHlKczVvNWZWMA?oc=5\" target=\"_blank\" rel=\"noopener\">Coupe du Roi : Albacete renverse le Real Madrid au bout du suspense : Sports &#8211; Orange<\/a>&nbsp;&nbsp;Sports &#8211; Orange<\/li>\n<li><a href=\"https:\/\/news.google.com\/rss\/articles\/CBMigwJBVV95cUxOTVVidWRUXzlmY0VLcnlOSUJ6OWxNU2ZpWjNSMTAyTU1oTHFJVTkwaW5tZTBZYldyT3ZQNElJMGlYZ2xxWjBLRS15Sk05NWRmMWVsQlJLbGlsRkFCdmZ3R3RZY05Ca0FmWXRNS2d4TXMzbzBSSWJFeGlSdDhHUDUwTG5JWnRCU3hVZGJRV19oRWtsLXVIcmpvUm1rbGZXd3hXaHBkOEpkREh5SGdEbHduYWJkc1JmcVlpUFQ1NUk5Z3RMR1NLUFkyR3haUVBrSVFoaUM4WkFFQ0lLVGVxLW5HTjI1WTJnRWJiTE5tWC1LY3FRN1FOVk5xYlFpbk1zeWZQdkVN?oc=5\" target=\"_blank\" rel=\"noopener\">Coupe du Roi &#8211; Kylian Mbapp\u00e9 forfait pour le premier match d&rsquo;Alvaro Arbeloa avec le Real Madrid<\/a>&nbsp;&nbsp;Eurosport<\/li>\n<\/ol>\n","protected":false},"excerpt":{"rendered":"Une soir\u00e9e cauchemar pour la premi\u00e8re d&rsquo;Arbeloa : le Real Madrid \u00e9limin\u00e9 \u00e0 la derni\u00e8re minute en Coupe&hellip;\n","protected":false},"author":2,"featured_media":664145,"comment_status":"","ping_status":"","sticky":false,"template":"","format":"standard","meta":{"footnotes":""},"categories":[9],"tags":[1011,27,60],"class_list":{"0":"post-664144","1":"post","2":"type-post","3":"status-publish","4":"format-standard","5":"has-post-thumbnail","7":"category-sports","8":"tag-fr","9":"tag-france","10":"tag-sports"},"share_on_mastodon":{"url":"https:\/\/pubeurope.com\/@fr\/115896311083556978","error":""},"_links":{"self":[{"href":"https:\/\/www.europesays.com\/fr\/wp-json\/wp\/v2\/posts\/664144","targetHints":{"allow":["GET"]}}],"collection":[{"href":"https:\/\/www.europesays.com\/fr\/wp-json\/wp\/v2\/posts"}],"about":[{"href":"https:\/\/www.europesays.com\/fr\/wp-json\/wp\/v2\/types\/post"}],"author":[{"embeddable":true,"href":"https:\/\/www.europesays.com\/fr\/wp-json\/wp\/v2\/users\/2"}],"replies":[{"embeddable":true,"href":"https:\/\/www.europesays.com\/fr\/wp-json\/wp\/v2\/comments?post=664144"}],"version-history":[{"count":0,"href":"https:\/\/www.europesays.com\/fr\/wp-json\/wp\/v2\/posts\/664144\/revisions"}],"wp:featuredmedia":[{"embeddable":true,"href":"https:\/\/www.europesays.com\/fr\/wp-json\/wp\/v2\/media\/664145"}],"wp:attachment":[{"href":"https:\/\/www.europesays.com\/fr\/wp-json\/wp\/v2\/media?parent=664144"}],"wp:term":[{"taxonomy":"category","embeddable":true,"href":"https:\/\/www.europesays.com\/fr\/wp-json\/wp\/v2\/categories?post=664144"},{"taxonomy":"post_tag","embeddable":true,"href":"https:\/\/www.europesays.com\/fr\/wp-json\/wp\/v2\/tags?post=664144"}],"curies":[{"name":"wp","href":"https:\/\/api.w.org\/{rel}","templated":true}]}}