{"id":664146,"date":"2026-01-15T00:35:18","date_gmt":"2026-01-15T00:35:18","guid":{"rendered":"https:\/\/www.europesays.com\/fr\/664146\/"},"modified":"2026-01-15T00:35:18","modified_gmt":"2026-01-15T00:35:18","slug":"que-faire-de-ses-bijoux-quand-ses-enfants-ne-sont-pas-interesses","status":"publish","type":"post","link":"https:\/\/www.europesays.com\/fr\/664146\/","title":{"rendered":"que faire de ses bijoux quand ses enfants ne sont pas int\u00e9ress\u00e9s\u00a0?"},"content":{"rendered":"<p>\n    Vendre aux ench\u00e8res, fondre le m\u00e9tal, dessertir une pierre\u2026 Que faire si l\u2019on ne souhaite pas laisser bagues et colliers dormir au coffre et qu\u2019on veut \u00e9viter \u00e0 ses h\u00e9ritiers de g\u00e9rer le moment venu ce legs pas toujours bienvenu\u00a0?<\/p>\n<p class=\"fig-paragraph\">C\u2019est \u00e0 la faveur d\u2019un d\u00e9m\u00e9nagement et d\u2019une grande op\u00e9ration tri que Sylvie, Parisienne de 69\u00a0ans, a franchi le pas\u00a0: vendre quelques bijoux qu\u2019elle-m\u00eame ne portait plus et dont ses deux\u00a0<a href=\"http:\/\/www.lefigaro.fr\/style\/des-bijoux-pour-les-femmes-qui-n-aiment-pas-les-bijoux-20250212\" data-fig-type=\"Article\" data-gtm-custom-categorie=\"navigation\" data-gtm-custom-action=\"crossclick\" data-gtm-custom-label=\"Contextuel\" data-gtm-event=\"customEventSPE\" data-fig-domain=\"LEFIGARO\" target=\"_blank\" rel=\"noopener\">enfants ne voulaient pas<\/a>. \u00ab\u00a0J\u2019ai d\u00e9m\u00e9nag\u00e9 apr\u00e8s avoir pass\u00e9 plus de trente ans dans le m\u00eame appartement.\u00a0<a href=\"https:\/\/www.lefigaro.fr\/industrie-mode\/faut-il-vraiment-s-attacher-aux-objets-de-famille-20210829\" data-fig-type=\"Article\" data-gtm-custom-categorie=\"navigation\" data-gtm-custom-action=\"crossclick\" data-gtm-custom-label=\"Contextuel\" data-gtm-event=\"customEventSPE\" data-fig-domain=\"LEFIGARO\" target=\"_blank\" rel=\"noopener\">\u00c7a a \u00e9t\u00e9 tr\u00e8s dur<\/a> , il fallait que j\u2019en profite pour me d\u00e9tacher de certains objets, se souvient-elle. D\u2019autant que je ne voulais pas infliger \u00e0 mes enfants ce que j\u2019avais v\u00e9cu \u00e0 la disparition de mes propres parents, il y a plusieurs ann\u00e9es, quand j\u2019avais d\u00fb g\u00e9rer la r\u00e9partition et la vente d\u2019un certain nombre de leurs effets personnels\u2026\u00a0\u00bb<\/p>\n<p class=\"fig-paragraph\">Accompagn\u00e9e de son fils trentenaire, Sylvie s\u2019est donc rendue avec ses trois montres en or, ses trois bijoux dont une bague sertie d\u2019un beau diamant, et des pi\u00e8ces d\u2019argent, \u00e0\u00a0<a href=\"http:\/\/www.lefigaro.fr\/culture\/encheres\/le-tout-est-estime-autour-de-2-millions-d-euros-un-tresor-de-pieces-d-or-decouvert-dans-un-debarras-20250527\" data-fig-type=\"Article\" data-gtm-custom-categorie=\"navigation\" data-gtm-custom-action=\"crossclick\" data-gtm-custom-label=\"Contextuel\" data-gtm-event=\"customEventSPE\" data-fig-domain=\"LEFIGARO\" target=\"_blank\" rel=\"noopener\">l\u2019h\u00f4tel des ventes de Drouot, o\u00f9 des<\/a>\u00a0<a href=\"http:\/\/www.lefigaro.fr\/style\/un-sac-birkin-ayant-appartenu-a-jane-birkin-peut-valoir-huit-millions-deux-millions-ou-rien-du-tout-la-vente-ratee-d-un-hermes-expliquee-par-son-commissaire-priseur-20251222\" data-fig-type=\"Article\" data-gtm-custom-categorie=\"navigation\" data-gtm-custom-action=\"crossclick\" data-gtm-custom-label=\"Contextuel\" data-gtm-event=\"customEventSPE\" data-fig-domain=\"LEFIGARO\" target=\"_blank\" rel=\"noopener\">commissaires-priseurs<\/a>\u00a0effectuent des estimations tous les jours (sauf le dimanche), sans rendez-vous. \u00ab\u00a0L\u00e0, une experte a \u00e9valu\u00e9 mon p\u00e9cule dans\u2026<\/p>\n<p class=\"fig-premium-paywall__infos\">\n        Cet article est r\u00e9serv\u00e9 aux abonn\u00e9s.        Il vous reste 84% \u00e0 d\u00e9couvrir.\n    <\/p>\n<p>                <img  data- alt=\"Le Figaro\" class=\"fig-img--complete fig-img\"\/><\/p>\n<p class=\"fig-premium-paywall__title\">Le Figaro c\u00e9l\u00e8bre ses 200 ans<\/p>\n<p class=\"fig-premium-paywall__subtitle\">Offre anniversaire : 2\u20ac\/mois pendant 200 semaines<\/p>\n<p class=\"fig-premium-paywall__connect\">\n                D\u00e9j\u00e0 abonn\u00e9\u00a0?                <a class=\"fig-premium-paywall__connect-link\" href=\"https:\/\/connect.lefigaro.fr\/login?client=horizon_web&amp;type=main&amp;redirect_uri=https%3A%2F%2Fwww.lefigaro.fr%2Fstyle%2Fj-ai-70-ans-et-ma-fille-ne-veut-pas-de-mon-diamant-que-faire-de-ses-bijoux-quand-ses-enfants-ne-sont-pas-interesses-20260114\" data-js-gtm=\"{&quot;customCategorie&quot;: &quot;conversion&quot;, &quot;customAction&quot;: &quot;before_Landing_Connexion_paywall_auto&quot;, &quot;customLabel&quot;: &quot;bGVmaWdhcm8uZnJfXzFmMGYwOGE1LTg2YmItNjAxNC1hN2JmLTIxYTVmYzI0NGVjZl9fQXJ0aWNsZQ==_\u00ab\u00a0J\u2019ai 70\u00a0ans et ma fille ne veut pas de mon diamant\u00a0\u00bb\u00a0: que faire de ses bijoux quand ses enfants ne sont pas int\u00e9ress\u00e9s\u00a0?_355&quot;, &quot;customIDSPE&quot;: &quot;bGVmaWdhcm8uZnJfXzFmMGYwOGE1LTg2YmItNjAxNC1hN2JmLTIxYTVmYzI0NGVjZl9fQXJ0aWNsZQ==&quot;, &quot;event&quot;: &quot;customEventSPE&quot;}\" target=\"_blank\" rel=\"noopener\"><br \/>\n                    Connectez-vous<br \/>\n                <\/a>\n            <\/p>\n","protected":false},"excerpt":{"rendered":"Vendre aux ench\u00e8res, fondre le m\u00e9tal, dessertir une pierre\u2026 Que faire si l\u2019on ne souhaite pas laisser bagues&hellip;\n","protected":false},"author":2,"featured_media":664147,"comment_status":"","ping_status":"","sticky":false,"template":"","format":"standard","meta":{"footnotes":""},"categories":[8],"tags":[7291,58,59,1011,27,76515,7458],"class_list":{"0":"post-664146","1":"post","2":"type-post","3":"status-publish","4":"format-standard","5":"has-post-thumbnail","7":"category-divertissement","8":"tag-diamants","9":"tag-divertissement","10":"tag-entertainment","11":"tag-fr","12":"tag-france","13":"tag-pierre-preciseuse","14":"tag-vente-aux-encheres"},"share_on_mastodon":{"url":"https:\/\/pubeurope.com\/@fr\/115896315104552730","error":""},"_links":{"self":[{"href":"https:\/\/www.europesays.com\/fr\/wp-json\/wp\/v2\/posts\/664146","targetHints":{"allow":["GET"]}}],"collection":[{"href":"https:\/\/www.europesays.com\/fr\/wp-json\/wp\/v2\/posts"}],"about":[{"href":"https:\/\/www.europesays.com\/fr\/wp-json\/wp\/v2\/types\/post"}],"author":[{"embeddable":true,"href":"https:\/\/www.europesays.com\/fr\/wp-json\/wp\/v2\/users\/2"}],"replies":[{"embeddable":true,"href":"https:\/\/www.europesays.com\/fr\/wp-json\/wp\/v2\/comments?post=664146"}],"version-history":[{"count":0,"href":"https:\/\/www.europesays.com\/fr\/wp-json\/wp\/v2\/posts\/664146\/revisions"}],"wp:featuredmedia":[{"embeddable":true,"href":"https:\/\/www.europesays.com\/fr\/wp-json\/wp\/v2\/media\/664147"}],"wp:attachment":[{"href":"https:\/\/www.europesays.com\/fr\/wp-json\/wp\/v2\/media?parent=664146"}],"wp:term":[{"taxonomy":"category","embeddable":true,"href":"https:\/\/www.europesays.com\/fr\/wp-json\/wp\/v2\/categories?post=664146"},{"taxonomy":"post_tag","embeddable":true,"href":"https:\/\/www.europesays.com\/fr\/wp-json\/wp\/v2\/tags?post=664146"}],"curies":[{"name":"wp","href":"https:\/\/api.w.org\/{rel}","templated":true}]}}