{"id":664148,"date":"2026-01-15T00:36:11","date_gmt":"2026-01-15T00:36:11","guid":{"rendered":"https:\/\/www.europesays.com\/fr\/664148\/"},"modified":"2026-01-15T00:36:11","modified_gmt":"2026-01-15T00:36:11","slug":"apres-des-annees-a-chercher-au-mauvais-endroit-les-scientifiques-ont-enfin-compris-ou-pourrait-se-cacher-la-vie-sur-mars","status":"publish","type":"post","link":"https:\/\/www.europesays.com\/fr\/664148\/","title":{"rendered":"Apr\u00e8s des ann\u00e9es \u00e0 chercher au mauvais endroit, les scientifiques ont enfin compris o\u00f9 pourrait se cacher la vie sur Mars"},"content":{"rendered":"<p><strong>Depuis plusieurs ann\u00e9es, la plan\u00e8te Mars suscite l\u2019int\u00e9r\u00eat des scientifiques du monde entier, notamment en raison de la pr\u00e9sence de m\u00e9thane dans son atmosph\u00e8re. Cette mol\u00e9cule, bien que banale sur Terre, intrigue sur la plan\u00e8te rouge car elle pourrait \u00eatre le signe de l\u2019activit\u00e9 biologique. Les fluctuations saisonni\u00e8res du m\u00e9thane observ\u00e9es par les rovers martiens ont sugg\u00e9r\u00e9 que des processus biologiques pourraient en \u00eatre \u00e0 l\u2019origine, mais les recherches men\u00e9es jusqu\u2019ici n\u2019ont pas permis de trancher. D\u2019un autre c\u00f4t\u00e9, l\u2019id\u00e9e d\u2019une vie sur Mars reste difficile \u00e0 imaginer, \u00e9tant donn\u00e9 les conditions extr\u00eames de la surface de la plan\u00e8te. Plus r\u00e9cemment, des scientifiques ont finalement identifi\u00e9 un endroit sp\u00e9cifique o\u00f9 les conditions sont plus propices \u00e0 la vie.<\/strong><\/p>\n<p>Le myst\u00e8re du m\u00e9thane martien : Un indice cl\u00e9<\/p>\n<p>Le <strong>m\u00e9thane<\/strong> a \u00e9t\u00e9 <a href=\"https:\/\/sciencepost.fr\/que-se-cache-t-il-derriere-methane-martien\/\" target=\"_blank\" rel=\"noopener\">d\u00e9tect\u00e9 dans l\u2019atmosph\u00e8re<\/a> de Mars pour la premi\u00e8re fois en 2003, ce qui a suscit\u00e9 une vive curiosit\u00e9 scientifique. Sur Terre, cette mol\u00e9cule est en effet souvent associ\u00e9e \u00e0 des processus biologiques, notamment la production de m\u00e9thane par des micro-organismes appel\u00e9s <strong>m\u00e9thanog\u00e8nes<\/strong>, qui prosp\u00e8rent dans des environnements anoxiques. D\u00e8s lors, la d\u00e9tection de m\u00e9thane sur Mars a imm\u00e9diatement aliment\u00e9 l\u2019hypoth\u00e8se selon laquelle des formes de vie microscopiques pourraient exister ou avoir exist\u00e9 sur la plan\u00e8te rouge. En effet, les m\u00e9thanog\u00e8nes terrestres, qui produisent du m\u00e9thane comme sous-produit de leur m\u00e9tabolisme, pourraient \u00eatre une source plausible de ce gaz sur Mars.<\/p>\n<p>Cependant, cette interpr\u00e9tation biologique n\u2019est pas la seule explication possible. Le m\u00e9thane peut \u00e9galement <strong>r\u00e9sulter de ph\u00e9nom\u00e8nes g\u00e9ologiques<\/strong>, comme des r\u00e9actions chimiques entre l\u2019eau et des min\u00e9raux, un processus connu sous le nom de <strong>serpentinisation<\/strong>. Cette r\u00e9action g\u00e9n\u00e8re du m\u00e9thane, mais elle ne n\u00e9cessite pas la pr\u00e9sence de vie. De plus, des ph\u00e9nom\u00e8nes d\u2019activit\u00e9 volcanique ou d\u2019autres processus g\u00e9ochimiques pourraient \u00e9galement expliquer la pr\u00e9sence de m\u00e9thane dans l\u2019atmosph\u00e8re martienne.<\/p>\n<p>Le <strong>caract\u00e8re saisonnier<\/strong> de ces fluctuations de m\u00e9thane, observ\u00e9es par les rovers martiens et les satellites en orbite, ajoute encore au myst\u00e8re. Si ces variations sont li\u00e9es \u00e0 des processus biologiques, elles pourraient correspondre \u00e0 des cycles d\u2019activit\u00e9 biologique. Toutefois, aucune r\u00e9ponse d\u00e9finitive n\u2019a encore \u00e9t\u00e9 apport\u00e9e, et ce dilemme continue d\u2019alimenter les recherches sur Mars.<\/p>\n<p>L\u2019analogie avec la Terre : Chercher la vie dans des environnements extr\u00eames<\/p>\n<p>Face \u00e0 cette incertitude, les scientifiques ont orient\u00e9 leurs \u00e9tudes vers les environnements extr\u00eames de la plan\u00e8te, cherchant des analogues sur Terre dans des lieux o\u00f9 la vie pourrait se manifester dans des conditions similaires, et o\u00f9 l\u2019eau et l\u2019\u00e9nergie pourraient \u00eatre pr\u00e9sentes. Ces environnements impliquent les fonds marins profonds, les d\u00e9serts glac\u00e9s ou encore les grottes souterraines. Dans ces endroits inhospitaliers, la vie a trouv\u00e9 des moyens cr\u00e9atifs de survivre, notamment par la production de m\u00e9thane dans des conditions o\u00f9 l\u2019oxyg\u00e8ne est absent.<\/p>\n<p>En \u00e9tudiant ces habitats extr\u00eames sur Terre, les scientifiques ont commenc\u00e9 \u00e0 \u00e9tablir des parall\u00e8les avec Mars, en cherchant des lieux similaires o\u00f9 la vie pourrait prosp\u00e9rer sous la surface de la plan\u00e8te rouge. L\u2019un des plus int\u00e9ressants de ces analogues sur Terre est l\u2019habitat des m\u00e9thanog\u00e8nes, qui ont \u00e9t\u00e9 trouv\u00e9s dans des <strong>fissures profondes dans la cro\u00fbte terrestre, des lacs subglaciaires et des bassins salins priv\u00e9s d\u2019oxyg\u00e8ne<\/strong>. Ces habitats sont similaires \u00e0 certains endroits de Mars, et la recherche de m\u00e9thanog\u00e8nes dans ces conditions extr\u00eames est devenue un objectif majeur.<\/p>\n<p>Acidalia Planitia : Le site id\u00e9al pour chercher la vie<\/p>\n<p>Apr\u00e8s des ann\u00e9es de recherches et d\u2019analyses, un <a href=\"https:\/\/arxiv.org\/abs\/2411.15064\" target=\"_blank\" rel=\"noopener\">endroit sp\u00e9cifique<\/a> sur Mars a \u00e9merg\u00e9 comme le meilleur candidat pour abriter la vie : <strong>Acidalia Planitia<\/strong>, une vaste plaine situ\u00e9e dans l\u2019h\u00e9misph\u00e8re nord de la plan\u00e8te. Cette r\u00e9gion pr\u00e9sente en effet des caract\u00e9ristiques g\u00e9ologiques particuli\u00e8rement int\u00e9ressantes, notamment des zones o\u00f9 de l\u2019eau liquide pourrait exister \u00e0 des <strong>profondeurs allant de 4,3 \u00e0 8,8 kilom\u00e8tres sous la surface<\/strong>. La temp\u00e9rature dans ces profondeurs est notamment suffisamment \u00e9lev\u00e9e pour permettre la pr\u00e9sence d\u2019eau, et les chercheurs ont estim\u00e9 que la salinit\u00e9, le pH et la disponibilit\u00e9 de l\u2019hydrog\u00e8ne dans cette r\u00e9gion en font un endroit id\u00e9al pour abriter des m\u00e9thanog\u00e8nes, des micro-organismes producteurs de m\u00e9thane.<\/p>\n<p>La combinaison de ces facteurs en fait donc l\u2019endroit le plus prometteur pour d\u00e9tecter de la vie, m\u00eame sous forme de micro-organismes primitifs.<\/p>\n<p><img loading=\"lazy\" data-lazyloaded=\"1\" decoding=\"async\" class=\"size-full wp-image-301901\" src=\"https:\/\/www.europesays.com\/fr\/wp-content\/uploads\/2026\/01\/Acidalia_Planitia_and_Tempe_Terra_transition_pillars-scaled.jpg\" alt=\"Mars eau vie\" width=\"2048\" height=\"987\"  data-\/>Source: DRLa transition entre les r\u00e9gions de Acidalia Planitia et Tempe Terra sur Mars. On peut y voir des canaux dendritiques que l\u2019on trouve couramment sur Terre. Il s\u2019agit d\u2019une preuve solide de l\u2019existence de l\u2019eau dans le pass\u00e9 de la plan\u00e8te rouge. Cr\u00e9dits : ESA\/DLR\/FU Berlin (G. Neukum)Les prochaines \u00e9tapes<\/p>\n<p>Bien que les conditions sur Acidalia Planitia semblent id\u00e9ales pour la vie, il reste encore beaucoup \u00e0 faire avant de pouvoir confirmer sa pr\u00e9sence. Actuellement, les rovers ne peuvent pas sonder la profondeur n\u00e9cessaire pour atteindre les environnements propices \u00e0 la vie souterraine. Les chercheurs misent donc sur de futures missions qui permettront de forer plus profond\u00e9ment sous la surface de Mars. Les scientifiques esp\u00e8rent que les futures missions martiennes, dont certaines incluent la possibilit\u00e9 de ramener des \u00e9chantillons sur Terre, offriront des r\u00e9ponses plus concr\u00e8tes.<\/p>\n<p>En attendant, l\u2019\u00e9tude des conditions martiennes, coupl\u00e9e \u00e0 des connaissances acquises sur les environnements extr\u00eames de la Terre, offre un cadre solide pour orienter la recherche. Cette avanc\u00e9e est une \u00e9tape cl\u00e9 dans la qu\u00eate de la vie extraterrestre, et l\u2019espoir de d\u00e9couvrir des signes de vie sur Mars reste plus fort que jamais.<\/p>\n","protected":false},"excerpt":{"rendered":"Depuis plusieurs ann\u00e9es, la plan\u00e8te Mars suscite l\u2019int\u00e9r\u00eat des scientifiques du monde entier, notamment en raison de la&hellip;\n","protected":false},"author":2,"featured_media":664149,"comment_status":"","ping_status":"","sticky":false,"template":"","format":"standard","meta":{"footnotes":""},"categories":[7],"tags":[1011,27,56,43,40,41,39,1650,42,44],"class_list":{"0":"post-664148","1":"post","2":"type-post","3":"status-publish","4":"format-standard","5":"has-post-thumbnail","7":"category-sciences-et-technologies","8":"tag-fr","9":"tag-france","10":"tag-push","11":"tag-science","12":"tag-science-and-technology","13":"tag-sciences","14":"tag-sciences-et-technologies","15":"tag-selection","16":"tag-technologies","17":"tag-technology"},"share_on_mastodon":{"url":"https:\/\/pubeurope.com\/@fr\/115896318974711661","error":""},"_links":{"self":[{"href":"https:\/\/www.europesays.com\/fr\/wp-json\/wp\/v2\/posts\/664148","targetHints":{"allow":["GET"]}}],"collection":[{"href":"https:\/\/www.europesays.com\/fr\/wp-json\/wp\/v2\/posts"}],"about":[{"href":"https:\/\/www.europesays.com\/fr\/wp-json\/wp\/v2\/types\/post"}],"author":[{"embeddable":true,"href":"https:\/\/www.europesays.com\/fr\/wp-json\/wp\/v2\/users\/2"}],"replies":[{"embeddable":true,"href":"https:\/\/www.europesays.com\/fr\/wp-json\/wp\/v2\/comments?post=664148"}],"version-history":[{"count":0,"href":"https:\/\/www.europesays.com\/fr\/wp-json\/wp\/v2\/posts\/664148\/revisions"}],"wp:featuredmedia":[{"embeddable":true,"href":"https:\/\/www.europesays.com\/fr\/wp-json\/wp\/v2\/media\/664149"}],"wp:attachment":[{"href":"https:\/\/www.europesays.com\/fr\/wp-json\/wp\/v2\/media?parent=664148"}],"wp:term":[{"taxonomy":"category","embeddable":true,"href":"https:\/\/www.europesays.com\/fr\/wp-json\/wp\/v2\/categories?post=664148"},{"taxonomy":"post_tag","embeddable":true,"href":"https:\/\/www.europesays.com\/fr\/wp-json\/wp\/v2\/tags?post=664148"}],"curies":[{"name":"wp","href":"https:\/\/api.w.org\/{rel}","templated":true}]}}