{"id":664150,"date":"2026-01-15T00:37:12","date_gmt":"2026-01-15T00:37:12","guid":{"rendered":"https:\/\/www.europesays.com\/fr\/664150\/"},"modified":"2026-01-15T00:37:12","modified_gmt":"2026-01-15T00:37:12","slug":"comment-la-chine-submerge-la-planete-de-ses-produits-malgre-la-guerre-commerciale-de-donald-trump","status":"publish","type":"post","link":"https:\/\/www.europesays.com\/fr\/664150\/","title":{"rendered":"Comment la Chine submerge la plan\u00e8te de ses produits malgr\u00e9 la guerre commerciale de Donald Trump"},"content":{"rendered":"<p>\n    <strong>D\u00c9CRYPTAGE<\/strong> &#8211; P\u00e9kin affiche un exc\u00e9dent commercial record pour l\u2019ann\u00e9e 2025 m\u00eame si les exportations vers les \u00c9tats-Unis ont nettement recul\u00e9 l\u2019an dernier.<\/p>\n<p class=\"fig-paragraph\">Si affaiblir la Chine est un objectif essentiel pour Donald Trump, le pr\u00e9sident am\u00e9ricain doit revoir sa copie en urgence. Apr\u00e8s\u00a0<a href=\"http:\/\/www.lefigaro.fr\/conjoncture\/droits-de-douane-pourquoi-les-200-milliards-de-dollars-de-recettes-de-trump-restent-sous-une-epee-de-damocles-20251007\" data-fig-type=\"Article\" data-gtm-custom-categorie=\"navigation\" data-gtm-custom-action=\"crossclick\" data-gtm-custom-label=\"Contextuel\" data-gtm-event=\"customEventSPE\" data-fig-domain=\"LEFIGARO\" target=\"_blank\" rel=\"noopener\">un an d\u2019une guerre commerciale \u00e2pre<\/a>\u00a0et mouvement\u00e9e qui visait largement le g\u00e9ant asiatique, celui-ci s\u2019en sort bien. Et triomphe m\u00eame.<\/p>\n<p class=\"fig-paragraph\">L\u2019exc\u00e9dent commercial chinois vole de record en record. En 2025, il approche de 1\u00a0200\u00a0milliards de dollars (1\u00a0029\u00a0milliards d\u2019euros) selon l\u2019administration g\u00e9n\u00e9rale des douanes \u00e0 P\u00e9kin. Les exportations, en yuans, ont progress\u00e9 de 6,1\u00a0% par rapport \u00e0 2024, tandis que les importations sont rest\u00e9es stables (+\u00a00,5\u00a0%). La dynamique est plus forte encore en d\u00e9cembre (+\u00a06,6\u00a0% pour l\u2019export).<\/p>\n<p class=\"fig-body-link\">\n            \u00c0 lire aussi<br \/>\n        <a class=\"fig-body-link__link fig-premium-mark\" href=\"http:\/\/www.lefigaro.fr\/conjoncture\/croissance-mondiale-apres-le-choc-evite-de-la-guerre-commerciale-en-2025-le-risque-d-un-freinage-en-2026-20260104\" data-fig-type=\"Article\" data-gtm-custom-categorie=\"navigation\" data-gtm-custom-action=\"crossclick\" data-gtm-custom-label=\"Contextuel\" data-gtm-event=\"customEventSPE\" data-fig-domain=\"LEFIGARO\" target=\"_blank\" rel=\"noopener\"><\/p>\n<p>        Croissance mondiale: apr\u00e8s le choc \u00e9vit\u00e9 de la guerre commerciale en 2025, le risque d\u2019un freinage en 2026<br \/>\n    <\/a>\n<\/p>\n<p class=\"fig-paragraph\">La Chine, qui affiche une augmentation globale de son commerce ext\u00e9rieur de pr\u00e8s de 4\u00a0%, \u00ab\u00a0conserve ainsi sa place de premier exportateur mondial de marchandises\u00a0\u00bb, se f\u00e9licite le Global Times. Le site officiel d\u2019information du Parti en anglais pr\u00e9cise que P\u00e9kin a \u00e9tabli \u00ab\u00a0des relations commerciales avec plus de 240\u00a0pays et r\u00e9gions et que ses\u2026<\/p>\n<p class=\"fig-premium-paywall__infos\">\n        Cet article est r\u00e9serv\u00e9 aux abonn\u00e9s.        Il vous reste 83% \u00e0 d\u00e9couvrir.\n    <\/p>\n<p>                <img  data- alt=\"Le Figaro\" class=\"fig-img--complete fig-img\"\/><\/p>\n<p class=\"fig-premium-paywall__title\">Le Figaro c\u00e9l\u00e8bre ses 200 ans<\/p>\n<p class=\"fig-premium-paywall__subtitle\">Offre anniversaire : 2\u20ac\/mois pendant 200 semaines<\/p>\n<p class=\"fig-premium-paywall__connect\">\n                D\u00e9j\u00e0 abonn\u00e9\u00a0?                <a class=\"fig-premium-paywall__connect-link\" href=\"https:\/\/connect.lefigaro.fr\/login?client=horizon_web&amp;type=main&amp;redirect_uri=https%3A%2F%2Fwww.lefigaro.fr%2Fconjoncture%2Fcomment-la-chine-submerge-la-planete-de-ses-produits-malgre-la-guerre-commerciale-de-donald-trump-20260114\" data-js-gtm=\"{&quot;customCategorie&quot;: &quot;conversion&quot;, &quot;customAction&quot;: &quot;before_Landing_Connexion_paywall_auto&quot;, &quot;customLabel&quot;: &quot;bGVmaWdhcm8uZnJfXzFmMGYxMjU5LTMzODgtNjk2MC1hZDY3LWQ5YzIxNzFmOWRmMF9fQXJ0aWNsZQ==_Comment la Chine submerge la plan\u00e8te de ses produits malgr\u00e9 la guerre commerciale de Donald Trump_349&quot;, &quot;customIDSPE&quot;: &quot;bGVmaWdhcm8uZnJfXzFmMGYxMjU5LTMzODgtNjk2MC1hZDY3LWQ5YzIxNzFmOWRmMF9fQXJ0aWNsZQ==&quot;, &quot;event&quot;: &quot;customEventSPE&quot;}\" target=\"_blank\" rel=\"noopener\"><br \/>\n                    Connectez-vous<br \/>\n                <\/a>\n            <\/p>\n","protected":false},"excerpt":{"rendered":"D\u00c9CRYPTAGE &#8211; P\u00e9kin affiche un exc\u00e9dent commercial record pour l\u2019ann\u00e9e 2025 m\u00eame si les exportations vers les \u00c9tats-Unis&hellip;\n","protected":false},"author":2,"featured_media":664151,"comment_status":"","ping_status":"","sticky":false,"template":"","format":"standard","meta":{"footnotes":""},"categories":[6],"tags":[35,309,215,33,34,76516,1011,27],"class_list":{"0":"post-664150","1":"post","2":"type-post","3":"status-publish","4":"format-standard","5":"has-post-thumbnail","7":"category-economie","8":"tag-business","9":"tag-chine","10":"tag-commerce","11":"tag-economie","12":"tag-economy","13":"tag-excedent-commercial","14":"tag-fr","15":"tag-france"},"share_on_mastodon":{"url":"https:\/\/pubeurope.com\/@fr\/115896322930866275","error":""},"_links":{"self":[{"href":"https:\/\/www.europesays.com\/fr\/wp-json\/wp\/v2\/posts\/664150","targetHints":{"allow":["GET"]}}],"collection":[{"href":"https:\/\/www.europesays.com\/fr\/wp-json\/wp\/v2\/posts"}],"about":[{"href":"https:\/\/www.europesays.com\/fr\/wp-json\/wp\/v2\/types\/post"}],"author":[{"embeddable":true,"href":"https:\/\/www.europesays.com\/fr\/wp-json\/wp\/v2\/users\/2"}],"replies":[{"embeddable":true,"href":"https:\/\/www.europesays.com\/fr\/wp-json\/wp\/v2\/comments?post=664150"}],"version-history":[{"count":0,"href":"https:\/\/www.europesays.com\/fr\/wp-json\/wp\/v2\/posts\/664150\/revisions"}],"wp:featuredmedia":[{"embeddable":true,"href":"https:\/\/www.europesays.com\/fr\/wp-json\/wp\/v2\/media\/664151"}],"wp:attachment":[{"href":"https:\/\/www.europesays.com\/fr\/wp-json\/wp\/v2\/media?parent=664150"}],"wp:term":[{"taxonomy":"category","embeddable":true,"href":"https:\/\/www.europesays.com\/fr\/wp-json\/wp\/v2\/categories?post=664150"},{"taxonomy":"post_tag","embeddable":true,"href":"https:\/\/www.europesays.com\/fr\/wp-json\/wp\/v2\/tags?post=664150"}],"curies":[{"name":"wp","href":"https:\/\/api.w.org\/{rel}","templated":true}]}}