{"id":664154,"date":"2026-01-15T00:39:14","date_gmt":"2026-01-15T00:39:14","guid":{"rendered":"https:\/\/www.europesays.com\/fr\/664154\/"},"modified":"2026-01-15T00:39:14","modified_gmt":"2026-01-15T00:39:14","slug":"cette-entreprise-emblematique-du-cotentin-prend-feu-huit-salaries-evacues-et-de-nombreux-pompiers-engages","status":"publish","type":"post","link":"https:\/\/www.europesays.com\/fr\/664154\/","title":{"rendered":"Cette entreprise embl\u00e9matique du Cotentin prend feu, huit salari\u00e9s \u00e9vacu\u00e9s et de nombreux pompiers engag\u00e9s"},"content":{"rendered":"<p>                    Par<br \/>\n        <strong><br \/>\n            <a href=\"https:\/\/actu.fr\/auteur\/redaction-pressemanche\" title=\"Consulter tous les articles de R\u00e9daction La Presse de la Manche\" target=\"_blank\" rel=\"noopener\">R\u00e9daction La Presse de la Manche<\/a><br \/>\n                    <\/strong><\/p>\n<p>        Publi\u00e9 le<\/p>\n<p>            14 janv. 2026 \u00e0 19h35        <\/p>\n<p>Un <b>incendie <\/b>s\u2019est d\u00e9clar\u00e9 ce mercredi 14 janvier 2026 en fin de journ\u00e9e dans <b>l\u2019entreprise de Jean-Marie Le Marchand,<\/b> \u00e0 Grosville (<a href=\"https:\/\/actu.fr\/normandie\/manche_50\" target=\"_blank\" rel=\"noopener\">Manche<\/a>).<\/p>\n<p class=\" wall-content\">Parti d\u2019un moteur d\u2019extracteur de sciure, le feu a mobilis\u00e9 <b>pr\u00e8s de trente pompiers pendant plusieurs heures.<\/b><\/p>\n<p class=\" wall-content\"><b>Aucun bless\u00e9 <\/b>mais une soir\u00e9e sous tension pour les salari\u00e9s et un chef d\u2019entreprise qui mesure surtout la chance d\u2019avoir <b>\u00e9vit\u00e9 <\/b>le pire.<\/p>\n<p class=\" wall-content\">Ce mercredi, en fin d\u2019apr\u00e8s-midi, l\u2019activit\u00e9 suivait son cours normalement chez le fournisseur d\u2019\u00e9quipements industriels. Dans l\u2019atelier de Jean-Marie Le Marchand, les machines tournaient, les \u00e9quipes travaillaient, <b>rien <\/b>ne laissait pr\u00e9sager que la soir\u00e9e allait basculer.<\/p>\n<p>Un petit moteur \u00e9lectrique en cause<\/p>\n<p class=\" wall-content\">Et puis, presque banalement, <b>un petit moteur \u00e9lectrique<\/b> a d\u00e9cid\u00e9 de rappeler \u00e0 tout le monde qu\u2019un incident minuscule peut parfois d\u00e9clencher de tr\u00e8s grandes choses.<\/p>\n<p class=\" wall-content\">Le moteur en cause alimente un <b>extracteur de sciure de bois<\/b>. En surchauffant, il a pris feu. Autour, <b>la sciure a suivi.<\/b> Une mati\u00e8re s\u00e8che, l\u00e9g\u00e8re, qui ne demande qu\u2019une \u00e9tincelle pour s\u2019embraser.<\/p>\n<p class=\" wall-content\">Tr\u00e8s vite, <b>la fum\u00e9e a envahi le b\u00e2timent. <\/b>La sciure, volatile, s\u2019est gliss\u00e9e partout. \u00c0 proximit\u00e9 imm\u00e9diate, un silo contenant un volume important de ce r\u00e9sidu de bois, parfaitement sec. Un voisinage qui a compliqu\u00e9 s\u00e9rieusement la situation.<\/p>\n<p>Les salari\u00e9s \u00e9vacu\u00e9s, aucun bless\u00e9<\/p>\n<p class=\" wall-content\">Les salari\u00e9s \u00e9taient pr\u00e9sents au moment du d\u00e9part de feu. L\u2019alerte a \u00e9t\u00e9 donn\u00e9e <b>imm\u00e9diatement.<\/b> <b>Huit <\/b>personnes ont \u00e9t\u00e9 <b>\u00e9vacu\u00e9es <\/b>sans attendre. <b>Personne n\u2019a \u00e9t\u00e9 bless\u00e9. <\/b><\/p>\n<p>Votre r\u00e9gion, votre actu !<\/p>\n<p>Recevez chaque jour les infos qui comptent pour vous.<\/p>\n<p>\t<a href=\"https:\/\/actu.fr\/newsletter\" class=\"ac-btn ac-btn--corner ac-btn--medium ac-btn--blue800\" target=\"_blank\" rel=\"noopener\">S&rsquo;incrire<\/a><\/p>\n<p class=\" wall-content\">\u00ab\u2009C\u2019est un <b>concours de circonstances malheureux.<\/b> \u00c7a pourrait arriver chez n\u2019importe quel particulier\u2009\u00bb, confie le maire,<b> Laurent Hay\u00e9<\/b>, venu apporter son soutien aux \u00e9quipes et au chef d\u2019entreprise, et suivre l\u2019\u00e9volution de la situation aux c\u00f4t\u00e9s des secours.<\/p>\n<p>    <img   decoding=\"async\" loading=\"lazy\" class=\"size-large\" src=\"https:\/\/www.europesays.com\/fr\/wp-content\/uploads\/2026\/01\/6cfe270cd7696c00f270cd769a40f2v-960x640.jpg\" alt=\"incendie Grosville\" width=\"960\" height=\"640\"\/><br \/>\n    \u00c0 Grosville, un incendie parti d\u2019un moteur d\u2019extracteur de sciure a provoqu\u00e9 une grosse frayeur dans l\u2019entreprise de Jean-Marie Le Marchand ce mercredi 14 janvier. \u00a9Laure GHANNAMPlusieurs heures pour s\u00e9curiser totalement le site<\/p>\n<p class=\" wall-content\">Le dispositif engag\u00e9 est <b>cons\u00e9quent.<\/b> Seize v\u00e9hicules, pr\u00e8s de trente sapeurs-pompiers venus de <a href=\"https:\/\/actu.fr\/normandie\/cherbourg-en-cotentin_50129\" target=\"_blank\" rel=\"noopener\">Cherbourg<\/a>, Barneville, Sainte-M\u00e8re-\u00c9glise, Portbail, Lessay, Bricquebec, Tourlaville, des Pieux, de Canisy et de La Hague.<\/p>\n<p class=\" wall-content\">Une forte mobilisation pour un feu <b>difficile \u00e0 cerner,<\/b> cach\u00e9 dans la poussi\u00e8re et les recoins. Sur place, un officier du SDIS expliquait que la difficult\u00e9 n\u2019\u00e9tait pas tant de combattre de grandes flammes visibles que de traquer les points chauds diss\u00e9min\u00e9s dans la sciure.<\/p>\n<p>    <img   decoding=\"async\" loading=\"lazy\" class=\"size-large\" src=\"https:\/\/www.europesays.com\/fr\/wp-content\/uploads\/2026\/01\/12d0770cd7696f5d0770cd769b9d07v-768x640.jpg\" alt=\"incendie Grosville\" width=\"768\" height=\"640\"\/><br \/>\n    Les sapeurs-pompiers, venus de plusieurs centres du Cotentin, en pleine intervention dans l\u2019atelier de Grosville, o\u00f9 le feu \u00e9tait cach\u00e9 dans la sciure. \u00a9Laure GHANNAM<\/p>\n<p class=\" wall-content\"><b>Deux lances \u00e0 eau <\/b>ont \u00e9t\u00e9 mises en action. L\u2019objectif, d\u2019abord, \u00e9tait de localiser pr\u00e9cis\u00e9ment l\u2019origine du sinistre, emp\u00eacher toute propagation, et surtout de prot\u00e9ger l\u2019outil de travail.<\/p>\n<p class=\" wall-content\">Le travail est long et minutieux. <b>Trois \u00e0 quatre heures de v\u00e9rifications <\/b>pour s\u2019assurer qu\u2019aucun foyer ne couve encore sous une machine, dans un conduit, au fond d\u2019un amas de poussi\u00e8re de bois. \u00ab\u2009Ce sont des feux qui peuvent repartir <b>pour un rien<\/b>\u2009\u00bb, confie-t-il pendant que ses \u00e9quipes poursuivent l\u2019inspection.<\/p>\n<p>La situation sous contr\u00f4le<\/p>\n<p class=\" wall-content\"><b>\u00c0 19\u2009h,<\/b> la situation \u00e9tait <b>sous contr\u00f4le,<\/b> mais la vigilance restait de mise. Les pompiers pr\u00e9voyaient <b>encore plusieurs heures<\/b> sur place pour s\u00e9curiser totalement les lieux.<\/p>\n<p class=\" wall-content\">Priorit\u00e9 absolue, pr\u00e9server ce qui peut l\u2019\u00eatre et \u00e9viter que l\u2019incendie ne compromette durablement l\u2019activit\u00e9 de l\u2019entreprise. Les machines, parfois co\u00fbteuses, ont \u00e9t\u00e9 <b>en grande partie \u00e9pargn\u00e9es.<\/b><\/p>\n<p class=\" wall-content\">Dans l\u2019atelier d\u00e9sormais silencieux, une fum\u00e9e flotte encore.<\/p>\n<p class=\" wall-content\">L\u2019histoire se termine sans bless\u00e9 et sans catastrophe majeure. Mais elle rappelle que dans un atelier comme ailleurs, il suffit parfois de presque rien pour que tout s\u2019embrase.<\/p>\n<p class=\" wall-content\"><b>De notre correspondante Laure GHANNAM<\/b><\/p>\n<p class=\" wall-content\">Personnalisez votre actualit\u00e9 en ajoutant vos villes et m\u00e9dias en favori avec <a href=\"https:\/\/moncompte.actu.fr\" title=\"D\u00e9couvez Mon Actu\" rel=\"nofollow noopener\" data-trk=\"{&quot;cta&quot;:{&quot;action&quot;:&quot;https:\\\/\\\/moncompte.actu.fr&quot;,&quot;category&quot;:&quot;mon compte&quot;,&quot;from&quot;:&quot;article footer&quot;,&quot;name&quot;:&quot;Mon actu&quot;,&quot;type&quot;:&quot;cta&quot;}}\" target=\"_blank\">Mon Actu<\/a>.<\/p>\n","protected":false},"excerpt":{"rendered":"Par R\u00e9daction La Presse de la Manche Publi\u00e9 le 14 janv. 2026 \u00e0 19h35 Un incendie s\u2019est d\u00e9clar\u00e9&hellip;\n","protected":false},"author":2,"featured_media":664155,"comment_status":"","ping_status":"","sticky":false,"template":"","format":"standard","meta":{"footnotes":""},"categories":[4],"tags":[11,3168,118,1011,27,1310,12,1311,25],"class_list":{"0":"post-664154","1":"post","2":"type-post","3":"status-publish","4":"format-standard","5":"has-post-thumbnail","7":"category-france","8":"tag-actualites","9":"tag-cotentin","10":"tag-faits-divers","11":"tag-fr","12":"tag-france","13":"tag-incendie","14":"tag-news","15":"tag-pompiers","16":"tag-republique-francaise"},"share_on_mastodon":{"url":"https:\/\/pubeurope.com\/@fr\/115896330896945504","error":""},"_links":{"self":[{"href":"https:\/\/www.europesays.com\/fr\/wp-json\/wp\/v2\/posts\/664154","targetHints":{"allow":["GET"]}}],"collection":[{"href":"https:\/\/www.europesays.com\/fr\/wp-json\/wp\/v2\/posts"}],"about":[{"href":"https:\/\/www.europesays.com\/fr\/wp-json\/wp\/v2\/types\/post"}],"author":[{"embeddable":true,"href":"https:\/\/www.europesays.com\/fr\/wp-json\/wp\/v2\/users\/2"}],"replies":[{"embeddable":true,"href":"https:\/\/www.europesays.com\/fr\/wp-json\/wp\/v2\/comments?post=664154"}],"version-history":[{"count":0,"href":"https:\/\/www.europesays.com\/fr\/wp-json\/wp\/v2\/posts\/664154\/revisions"}],"wp:featuredmedia":[{"embeddable":true,"href":"https:\/\/www.europesays.com\/fr\/wp-json\/wp\/v2\/media\/664155"}],"wp:attachment":[{"href":"https:\/\/www.europesays.com\/fr\/wp-json\/wp\/v2\/media?parent=664154"}],"wp:term":[{"taxonomy":"category","embeddable":true,"href":"https:\/\/www.europesays.com\/fr\/wp-json\/wp\/v2\/categories?post=664154"},{"taxonomy":"post_tag","embeddable":true,"href":"https:\/\/www.europesays.com\/fr\/wp-json\/wp\/v2\/tags?post=664154"}],"curies":[{"name":"wp","href":"https:\/\/api.w.org\/{rel}","templated":true}]}}