{"id":664156,"date":"2026-01-15T00:40:14","date_gmt":"2026-01-15T00:40:14","guid":{"rendered":"https:\/\/www.europesays.com\/fr\/664156\/"},"modified":"2026-01-15T00:40:14","modified_gmt":"2026-01-15T00:40:14","slug":"loccident-existe-t-il-france-culture","status":"publish","type":"post","link":"https:\/\/www.europesays.com\/fr\/664156\/","title":{"rendered":"L\u2019Occident existe-t-il\u00a0? | France Culture"},"content":{"rendered":"<p class=\"PopSlotParagraph qg-tx2 qg-xtra-lh svelte-1r0pyek\">L\u2019Occident est une notion prot\u00e9iforme, mouvante et omnipr\u00e9sente dans les d\u00e9bats actuels et sur la sc\u00e8ne internationale. C\u2019est aussi une notion contradictoire, \u00e0 l\u2019histoire longue et vide de substance, selon qu\u2019elle est mobilis\u00e9e par Donald Trump, qui entend b\u00e2tir, du moins circonscrire, \u00ab\u00a0un h\u00e9misph\u00e8re occidental\u00a0\u00bb, o\u00f9 asseoir la domination am\u00e9ricaine, ou par Georgia\u00a0Meloni, qui pr\u00e9f\u00e8re \u00e9voquer l\u2019Occident plut\u00f4t que l\u2019Europe et dit d\u00e9fendre son unit\u00e9.\u00a0Sans oublier\u00a0Emmanuel Macron, pour qui \u00ab\u00a0nous sommes sans doute en train de vivre la fin de l&rsquo;h\u00e9g\u00e9monie occidentale sur le monde\u00a0\u00bb\u00a0tandis que Vladimir Poutine\u00a0accuse l\u2019Occident de satanisme.\u00a0L\u2019Occident, en crise ou non, existe-t-il\u00a0? Est-il en train de se d\u00e9centrer\u00a0? Contraint de le faire par d\u2019autres,\u00a0victime de ses contradictions internes\u00a0?<\/p>\n<p> <strong>Pour aller plus loin\u00a0:<\/strong><\/p>\n<p class=\"PopSlotParagraph qg-tx2 qg-xtra-lh svelte-1r0pyek\">Sophie Bessis, \u00ab\u00a0<a href=\"https:\/\/www.editionsladecouverte.fr\/l_occident_et_les_autres-9782707142559\" target=\"_blank\" rel=\"noopener noreferrer\" class=\"\" data-testid=\"link\">L&rsquo;Occident et les autres\u00a0: histoire d&rsquo;une supr\u00e9matie<\/a>\u00ab\u00a0, La d\u00e9couverte, 2001<\/p>\n<p class=\"PopSlotParagraph qg-tx2 qg-xtra-lh svelte-1r0pyek\">Gilles Kepel, \u00ab\u00a0<a href=\"https:\/\/www.lisez.com\/livres\/le-bouleversement-du-monde\/9782266347112\" target=\"_blank\" rel=\"noopener noreferrer\" class=\"\" data-testid=\"link\">Le bouleversement du monde\u00a0: du 7 octobre au retour de Donald Trump<\/a>\u00ab\u00a0, Pocket, 2025<\/p>\n","protected":false},"excerpt":{"rendered":"L\u2019Occident est une notion prot\u00e9iforme, mouvante et omnipr\u00e9sente dans les d\u00e9bats actuels et sur la sc\u00e8ne internationale. C\u2019est&hellip;\n","protected":false},"author":2,"featured_media":664157,"comment_status":"","ping_status":"","sticky":false,"template":"","format":"standard","meta":{"footnotes":""},"categories":[2],"tags":[11,1011,27,12],"class_list":{"0":"post-664156","1":"post","2":"type-post","3":"status-publish","4":"format-standard","5":"has-post-thumbnail","7":"category-actualites","8":"tag-actualites","9":"tag-fr","10":"tag-france","11":"tag-news"},"share_on_mastodon":{"url":"https:\/\/pubeurope.com\/@fr\/115896334619841099","error":""},"_links":{"self":[{"href":"https:\/\/www.europesays.com\/fr\/wp-json\/wp\/v2\/posts\/664156","targetHints":{"allow":["GET"]}}],"collection":[{"href":"https:\/\/www.europesays.com\/fr\/wp-json\/wp\/v2\/posts"}],"about":[{"href":"https:\/\/www.europesays.com\/fr\/wp-json\/wp\/v2\/types\/post"}],"author":[{"embeddable":true,"href":"https:\/\/www.europesays.com\/fr\/wp-json\/wp\/v2\/users\/2"}],"replies":[{"embeddable":true,"href":"https:\/\/www.europesays.com\/fr\/wp-json\/wp\/v2\/comments?post=664156"}],"version-history":[{"count":0,"href":"https:\/\/www.europesays.com\/fr\/wp-json\/wp\/v2\/posts\/664156\/revisions"}],"wp:featuredmedia":[{"embeddable":true,"href":"https:\/\/www.europesays.com\/fr\/wp-json\/wp\/v2\/media\/664157"}],"wp:attachment":[{"href":"https:\/\/www.europesays.com\/fr\/wp-json\/wp\/v2\/media?parent=664156"}],"wp:term":[{"taxonomy":"category","embeddable":true,"href":"https:\/\/www.europesays.com\/fr\/wp-json\/wp\/v2\/categories?post=664156"},{"taxonomy":"post_tag","embeddable":true,"href":"https:\/\/www.europesays.com\/fr\/wp-json\/wp\/v2\/tags?post=664156"}],"curies":[{"name":"wp","href":"https:\/\/api.w.org\/{rel}","templated":true}]}}