{"id":664158,"date":"2026-01-15T00:41:32","date_gmt":"2026-01-15T00:41:32","guid":{"rendered":"https:\/\/www.europesays.com\/fr\/664158\/"},"modified":"2026-01-15T00:41:32","modified_gmt":"2026-01-15T00:41:32","slug":"magistrats-et-greffiers-la-loire-voit-ses-effectifs-grimper","status":"publish","type":"post","link":"https:\/\/www.europesays.com\/fr\/664158\/","title":{"rendered":"Magistrats et greffiers : La Loire voit ses effectifs grimper"},"content":{"rendered":"<p>Le minist\u00e8re de la Justice annonce une augmentation significative des effectifs au tribunal de Saint-\u00c9tienne, une mesure jug\u00e9e \u00ab\u202fin\u00e9dite\u202f\u00bb pour la capitale lig\u00e9rienne. Le plan, qui concernera \u00e9galement d\u2019autres juridictions comme Roanne, s\u2019\u00e9talera progressivement jusqu\u2019en 2027.<\/p>\n<p>Le tribunal de Saint-\u00c9tienne b\u00e9n\u00e9ficie d\u2019un renfort exceptionnel de ses \u00e9quipes, avec l\u2019arriv\u00e9e pr\u00e9vue de 13 nouveaux magistrats et 12 greffiers. Selon le minist\u00e8re de la Justice, cette hausse repr\u00e9sente une augmentation de 33\u202f% pour les magistrats et de 19\u202f% pour les greffiers, des chiffres jug\u00e9s \u00ab\u202fin\u00e9dits\u202f\u00bb.\u00a0<\/p>\n<p>Une dynamique similaire est annonc\u00e9e pour le tribunal de Roanne, o\u00f9 les effectifs vont \u00e9galement \u00eatre renforc\u00e9s dans le cadre de ce plan national de recrutement.<\/p>\n<p>Le minist\u00e8re pr\u00e9cise que ce dispositif sera d\u00e9ploy\u00e9 de mani\u00e8re progressive jusqu\u2019en 2027, avec pour objectif de r\u00e9duire les d\u00e9lais de traitement des dossiers et de renforcer l\u2019efficacit\u00e9 des tribunaux.<\/p>\n<p>Ces annonces s\u2019inscrivent dans le cadre d\u2019un plan global visant \u00e0 moderniser et renforcer la justice partout en France, alors que les tribunaux font face depuis plusieurs ann\u00e9es \u00e0 une charge de travail croissante.<\/p>\n<p>AC<\/p>\n","protected":false},"excerpt":{"rendered":"Le minist\u00e8re de la Justice annonce une augmentation significative des effectifs au tribunal de Saint-\u00c9tienne, une mesure jug\u00e9e&hellip;\n","protected":false},"author":2,"featured_media":664159,"comment_status":"","ping_status":"","sticky":false,"template":"","format":"standard","meta":{"footnotes":""},"categories":[9653],"tags":[1111,11,2430,1777,674,1011,27,12,25,4001],"class_list":{"0":"post-664158","1":"post","2":"type-post","3":"status-publish","4":"format-standard","5":"has-post-thumbnail","7":"category-saint-etienne","8":"tag-actu","9":"tag-actualites","10":"tag-auvergne-rhone-alpes","11":"tag-eu","12":"tag-europe","13":"tag-fr","14":"tag-france","15":"tag-news","16":"tag-republique-francaise","17":"tag-saint-etienne"},"share_on_mastodon":{"url":"https:\/\/pubeurope.com\/@fr\/115896338550504404","error":""},"_links":{"self":[{"href":"https:\/\/www.europesays.com\/fr\/wp-json\/wp\/v2\/posts\/664158","targetHints":{"allow":["GET"]}}],"collection":[{"href":"https:\/\/www.europesays.com\/fr\/wp-json\/wp\/v2\/posts"}],"about":[{"href":"https:\/\/www.europesays.com\/fr\/wp-json\/wp\/v2\/types\/post"}],"author":[{"embeddable":true,"href":"https:\/\/www.europesays.com\/fr\/wp-json\/wp\/v2\/users\/2"}],"replies":[{"embeddable":true,"href":"https:\/\/www.europesays.com\/fr\/wp-json\/wp\/v2\/comments?post=664158"}],"version-history":[{"count":0,"href":"https:\/\/www.europesays.com\/fr\/wp-json\/wp\/v2\/posts\/664158\/revisions"}],"wp:featuredmedia":[{"embeddable":true,"href":"https:\/\/www.europesays.com\/fr\/wp-json\/wp\/v2\/media\/664159"}],"wp:attachment":[{"href":"https:\/\/www.europesays.com\/fr\/wp-json\/wp\/v2\/media?parent=664158"}],"wp:term":[{"taxonomy":"category","embeddable":true,"href":"https:\/\/www.europesays.com\/fr\/wp-json\/wp\/v2\/categories?post=664158"},{"taxonomy":"post_tag","embeddable":true,"href":"https:\/\/www.europesays.com\/fr\/wp-json\/wp\/v2\/tags?post=664158"}],"curies":[{"name":"wp","href":"https:\/\/api.w.org\/{rel}","templated":true}]}}