{"id":664160,"date":"2026-01-15T00:42:11","date_gmt":"2026-01-15T00:42:11","guid":{"rendered":"https:\/\/www.europesays.com\/fr\/664160\/"},"modified":"2026-01-15T00:42:11","modified_gmt":"2026-01-15T00:42:11","slug":"isere-nouvelle-manifestation-des-agriculteurs-a-saint-etienne-de-saint-geoirs","status":"publish","type":"post","link":"https:\/\/www.europesays.com\/fr\/664160\/","title":{"rendered":"Is\u00e8re. Nouvelle manifestation des agriculteurs \u00e0 Saint-\u00c9tienne-de-Saint-Geoirs"},"content":{"rendered":"<p>Ce mercredi 14 janvier, pr\u00e8s de 70 agriculteurs se sont rassembl\u00e9s avec une quinzaine de tracteurs, aux abords de l&rsquo;a\u00e9roport Grenoble Alpes Is\u00e8re \u00e0 Saint-\u00c9tienne-de-Saint-Geoirs o\u00f9 se tenait en soir\u00e9e la c\u00e9r\u00e9monie des voeux de Bi\u00e8vre Is\u00e8re Communaut\u00e9. \u00ab\u00a0On souhaite se faire voir et se faire entendre des \u00e9lus\u00a0\u00bb, a justifi\u00e9 l&rsquo;un des organisateurs de ce mouvement non syndical auquel se sont joints des \u00e9l\u00e8ves du lyc\u00e9e agricole de La C\u00f4te Saint Andr\u00e9, ainsi que des membres du collectif Agris du Dauphin\u00e9 et des Ultras de l&rsquo;A51.\u00a0<\/p>\n<p>Ce contenu est bloqu\u00e9 car vous n&rsquo;avez pas accept\u00e9 les cookies et autres traceurs.<\/p>\n<p>En cliquant sur \u00ab J\u2019accepte \u00bb, les cookies et autres traceurs seront d\u00e9pos\u00e9s et vous pourrez visualiser les contenus  (<a href=\"\" class=\"consentModule_policy\" target=\"_blank\" title=\"Consulter la politique de protection des donn\u00e9es du fournisseur\">plus d&rsquo;informations<\/a>).<\/p>\n<p>En cliquant sur \u00ab J\u2019accepte tous les cookies \u00bb, vous autorisez des d\u00e9p\u00f4ts de cookies et autres traceurs pour le stockage de vos donn\u00e9es sur nos sites et applications \u00e0 des fins de personnalisation et de ciblage publicitaire.<\/p>\n<p class=\"consentModule_secondaryText\">Vous gardez la possibilit\u00e9 de retirer votre consentement \u00e0 tout moment en consultant notre <a href=\"https:\/\/www.ledauphine.com\/protection-des-donnees\" target=\"_blank\" title=\"Consulter notre politique de protection des donn\u00e9es\" rel=\"noopener\">politique de protection des donn\u00e9es<\/a>. <br \/>&#13;<br \/>\n            <a href=\"https:\/\/www.ledauphine.com\/economie\/2026\/01\/14\/javascript:Didomi.notice.show()\" class=\"consentModule_cmp\" target=\"_blank\" rel=\"noopener\">G\u00e9rer mes choix<\/a>&#13;\n        <\/p>\n<p>&#13;<br \/>\n                        J&rsquo;accepte&#13;<br \/>\n            J&rsquo;accepte tous les cookies&#13;\n        <\/p>\n<p>Dans l&rsquo;apr\u00e8s-midi, Jo\u00ebl Gullon, president de la communaut\u00e9 de communes, le d\u00e9put\u00e9 Yannick Neuder et Jean Pierre Barbier, pr\u00e9sident du D\u00e9partement, sont all\u00e9s aux devants des manifestants. Des tracts ont \u00e9t\u00e9 distribu\u00e9s aux automobilistes, fustigeant la politique agricole europ\u00e9enne. Sous la surveillance des gendarmes, le mouvement s&rsquo;est prolong\u00e9 une partie de la soir\u00e9e, au son des coups de klaxon.\u00a0<\/p>\n<p>Les manifestants promettent de mener une nouvelle action d\u00e8s la semaine prochaine.\u00a0<\/p>\n","protected":false},"excerpt":{"rendered":"Ce mercredi 14 janvier, pr\u00e8s de 70 agriculteurs se sont rassembl\u00e9s avec une quinzaine de tracteurs, aux abords&hellip;\n","protected":false},"author":2,"featured_media":664161,"comment_status":"","ping_status":"","sticky":false,"template":"","format":"standard","meta":{"footnotes":""},"categories":[9653],"tags":[1111,11,327,2430,33,114,1777,674,1011,27,108,12,25,4001,44850],"class_list":{"0":"post-664160","1":"post","2":"type-post","3":"status-publish","4":"format-standard","5":"has-post-thumbnail","7":"category-saint-etienne","8":"tag-actu","9":"tag-actualites","10":"tag-agriculture","11":"tag-auvergne-rhone-alpes","12":"tag-economie","13":"tag-edition-voiron-saint-marcellin","14":"tag-eu","15":"tag-europe","16":"tag-fr","17":"tag-france","18":"tag-isere","19":"tag-news","20":"tag-republique-francaise","21":"tag-saint-etienne","22":"tag-saint-etienne-de-saint-geoirs"},"share_on_mastodon":{"url":"https:\/\/pubeurope.com\/@fr\/115896342725778006","error":""},"_links":{"self":[{"href":"https:\/\/www.europesays.com\/fr\/wp-json\/wp\/v2\/posts\/664160","targetHints":{"allow":["GET"]}}],"collection":[{"href":"https:\/\/www.europesays.com\/fr\/wp-json\/wp\/v2\/posts"}],"about":[{"href":"https:\/\/www.europesays.com\/fr\/wp-json\/wp\/v2\/types\/post"}],"author":[{"embeddable":true,"href":"https:\/\/www.europesays.com\/fr\/wp-json\/wp\/v2\/users\/2"}],"replies":[{"embeddable":true,"href":"https:\/\/www.europesays.com\/fr\/wp-json\/wp\/v2\/comments?post=664160"}],"version-history":[{"count":0,"href":"https:\/\/www.europesays.com\/fr\/wp-json\/wp\/v2\/posts\/664160\/revisions"}],"wp:featuredmedia":[{"embeddable":true,"href":"https:\/\/www.europesays.com\/fr\/wp-json\/wp\/v2\/media\/664161"}],"wp:attachment":[{"href":"https:\/\/www.europesays.com\/fr\/wp-json\/wp\/v2\/media?parent=664160"}],"wp:term":[{"taxonomy":"category","embeddable":true,"href":"https:\/\/www.europesays.com\/fr\/wp-json\/wp\/v2\/categories?post=664160"},{"taxonomy":"post_tag","embeddable":true,"href":"https:\/\/www.europesays.com\/fr\/wp-json\/wp\/v2\/tags?post=664160"}],"curies":[{"name":"wp","href":"https:\/\/api.w.org\/{rel}","templated":true}]}}