{"id":664162,"date":"2026-01-15T00:43:13","date_gmt":"2026-01-15T00:43:13","guid":{"rendered":"https:\/\/www.europesays.com\/fr\/664162\/"},"modified":"2026-01-15T00:43:13","modified_gmt":"2026-01-15T00:43:13","slug":"le-prefet-de-meurthe-et-moselle-trace-les-priorites-de-letat-lors-des-voeux-a-la-presse","status":"publish","type":"post","link":"https:\/\/www.europesays.com\/fr\/664162\/","title":{"rendered":"le pr\u00e9fet de Meurthe-et-Moselle trace les priorit\u00e9s de l\u2019\u00c9tat lors des v\u0153ux \u00e0 la presse"},"content":{"rendered":"<p>        <strong>Yves S\u00e9guy, pr\u00e9fet de Meurthe-et-Moselle, a convi\u00e9 ce mercredi la presse locale pour lui adresser ses v\u0153ux. Un temps d\u2019\u00e9change au cours duquel le repr\u00e9sentant de l\u2019\u00c9tat est revenu sur les actions men\u00e9es en 2025 et les grands axes de travail pour 2026.<\/strong><\/p>\n<p>Ce mercredi 14 janvier, le pr\u00e9fet de Meurthe-et-Moselle, Yves S\u00e9guy, a re\u00e7u la presse locale dans les salons de la pr\u00e9fecture \u00e0 Nancy, \u00e0 l\u2019occasion de la c\u00e9r\u00e9monie des v\u0153ux. Entour\u00e9 de son directeur de cabinet Christophe Antoni, de Fr\u00e9d\u00e9ric Clowez, secr\u00e9taire g\u00e9n\u00e9ral, des services de communication et des sous-pr\u00e9fets de Lun\u00e9ville, Val de Briey, Toul, le repr\u00e9sentant de l\u2019\u00c9tat s\u2019est montr\u00e9 \u00e0 l\u2019aise dans un exercice m\u00ealant bilan, p\u00e9dagogie et annonces.<\/p>\n<p>Arriv\u00e9 dans le d\u00e9partement il y a cinq mois, le pr\u00e9fet revendique une m\u00e9thode fond\u00e9e sur la notion de proximit\u00e9. \u00abUne proximit\u00e9 humaine\u00a0tourn\u00e9e vers les personnes plut\u00f4t que vers les organigrammes\u00bb, a-t-il insist\u00e9. Une proximit\u00e9 qui, selon lui, passe par le terrain, l\u2019\u00e9coute, la compr\u00e9hension et le temps accord\u00e9 aux acteurs locaux. \u00abLa proximit\u00e9, c\u2019est donner du temps&#8230; C&rsquo;est rester \u00e0 l\u2019\u00e9coute, tendre la main\u00bb, a-t-il r\u00e9sum\u00e9.\u00a0<\/p>\n<p>Le pr\u00e9fet est \u00e9galement revenu sur plusieurs \u00e9v\u00e9nements marquants, parmi lesquels <a href=\"https:\/\/www.ici-c-nancy.fr\/nancy\/17172-video-emmanuel-macron-et-donald-tusk-reunis-pour-la-signature-du-traite-de-nancy.html\" target=\"_blank\" rel=\"noopener\">le trait\u00e9 d\u2019amiti\u00e9 franco-polonais<\/a> sign\u00e9 \u00e0 Nancy par le pr\u00e9sident de la R\u00e9publique, Emmanuel Macron et Donald Tusk, Premier ministre de la Pologne, mais aussi des incendies de l&rsquo;Ehpad des Saint-Joseph \u00e0 Nancy et de Neuves-Maisons, rappelant l\u2019importance de la coordination des services de l\u2019\u00c9tat lors de situations de crise.<\/p>\n<p><strong>S\u00e9curit\u00e9 publique et du quotidien<\/strong><\/p>\n<p>Durant pr\u00e8s d\u2019une heure trente, Yves S\u00e9guy a pass\u00e9 en revue les dossiers majeurs de l\u2019ann\u00e9e \u00e9coul\u00e9e et d\u00e9taill\u00e9 les priorit\u00e9s de l\u2019\u00c9tat pour 2026, \u00e0 commencer par le renforcement de la s\u00e9curit\u00e9 publique et la s\u00e9curit\u00e9 du quotidien. S\u00e9curit\u00e9 dans les transports, pr\u00e9vention des occupations illicites, continuum de s\u00e9curit\u00e9, pr\u00e9vention&#8230; Certains chiffres ont \u00e9t\u00e9 \u00e9voqu\u00e9s comme le nombre de fermetures administratives qui a fortement progress\u00e9 en 2025, avec 26 d\u00e9cisions prononc\u00e9es, contre 9 en 2024. Par ailleurs, les contr\u00f4les ont \u00e9galement \u00e9t\u00e9 intensifi\u00e9s, notamment dans les transports en commun, o\u00f9 pr\u00e8s de 14 000 personnes ont \u00e9t\u00e9 contr\u00f4l\u00e9es. \u00ab L\u2019objectif est d\u2019agir plus vite et de fa\u00e7on cibl\u00e9e sur les lieux \u00e0 risque \u00bb, a soulign\u00e9 le pr\u00e9fet, annon\u00e7ant une accentuation de cette strat\u00e9gie en 2026.<\/p>\n<p>La lutte contre le narcotrafic reste une priorit\u00e9 pour les services de l&rsquo;\u00c9tat, combinant op\u00e9rations nationales d\u2019ampleur \u00e0 l&rsquo;image des saisies de\u00a0l\u2019Office antistup\u00e9fiants (OFAST) avec pas moins de <a href=\"https:\/\/www.ici-c-nancy.fr\/faits-divers\/17761-pont-a-mousson-saisie-de-207-kilos-de-methamphetamine-trois-personnes-mises-en-examen.html\" target=\"_blank\" rel=\"noopener\">207 kilos de m\u00e9thamph\u00e9tamine<\/a> \u00e0 Pont-\u00e0-Mousson et actions locales de terrain visant \u00e0 \u00ab ass\u00e9cher durablement \u00bb les points de deal.\u00a0<\/p>\n<p>S\u2019appuyant sur la loi du 13 juin 2025 relative \u00e0 la lutte contre le narco-trafic, le repr\u00e9sentant de l\u2019\u00c9tat a rappel\u00e9 l\u2019activation de nouveaux leviers de police administrative, en \u00e9troite coordination avec l\u2019autorit\u00e9 judiciaire : interdictions de para\u00eetre sur les points de deal, expulsions de logements sociaux occup\u00e9s par des personnes impliqu\u00e9es dans les trafics, ou encore fermetures administratives de commerces pour une dur\u00e9e pouvant aller jusqu\u2019\u00e0 six mois. \u00ab Il s\u2019agit de personnes qui transforment leur logement en point de trafic et rendent la vie de tout un immeuble insupportable \u00bb, a expliqu\u00e9 le pr\u00e9fet.<\/p>\n<p>En 2025, 129 trafics de stup\u00e9fiants ont \u00e9t\u00e9 d\u00e9mantel\u00e9s en Meurthe-et-Moselle.\u00a0<\/p>\n<p>Enfin, Yves S\u00e9guy a rappel\u00e9 que la vigilance reste totale en mati\u00e8re de radicalisation et de d\u00e9rives sectaires. En 2025, 47 r\u00e9unions du groupe d\u2019\u00e9valuation d\u00e9partemental (GED) ont permis d\u2019examiner des situations sensibles, en lien avec la justice, la sant\u00e9, l\u2019\u00c9ducation nationale et les forces de s\u00e9curit\u00e9. Le d\u00e9partement suit actuellement une quarantaine de profils, dont certains incarc\u00e9r\u00e9s.<\/p>\n<p><img loading=\"lazy\" decoding=\"async\" src=\"https:\/\/www.europesays.com\/fr\/wp-content\/uploads\/2026\/01\/policeHDL2.jpg\" alt=\"\" width=\"900\" height=\"500\" data-alt=\"policeHDL2\"\/>Des saisies de stup\u00e9fiants en novembre dernier dans le quartier du Haut-du-Li\u00e8vre \u00e0 Nancy \/ cr\u00e9dit archives Ici C Nancy<\/p>\n<p><strong>S\u00e9curit\u00e9 routi\u00e8re en Meurthe-et-Moselle \u00ab On se tue trop sur les routes \u00bb<\/strong><\/p>\n<p>Autre sujet majeur, la s\u00e9curit\u00e9 routi\u00e8re. \u00ab On se tue trop sur les routes \u00bb, a martel\u00e9 le pr\u00e9fet . Chaque ann\u00e9e, pr\u00e8s de 3 000 suspensions administratives de permis de conduire sont prononc\u00e9es dans le d\u00e9partement : 50 % pour usage de stup\u00e9fiants, 25 % pour alcool\u00e9mie et 25 % pour vitesse excessive.<\/p>\n<p>Un arr\u00eat\u00e9 pr\u00e9fectoral interdisant l\u2019usage d\u00e9tourn\u00e9 du protoxyde d\u2019azote est d\u00e9sormais pleinement appliqu\u00e9. \u00ab Quand on voit les d\u00e9g\u00e2ts sur l\u2019organisme de jeunes consommateurs, il y a de quoi s\u2019insurger \u00bb, a d\u00e9nonc\u00e9 le pr\u00e9fet \u00e9voquant des saisies de bonbonnes effectu\u00e9es lors de contr\u00f4les routiers.\u00a0<\/p>\n<p>Christophe Antoni, directeur de cabinet, a rappel\u00e9 un chiffre pr\u00e9occupant : 39 personnes ont perdu la vie sur les routes du d\u00e9partement en 2025, un niveau comparable \u00e0 celui observ\u00e9 il y a une dizaine d\u2019ann\u00e9es. \u00abLa vitesse est en cause dans 40 % des accidents mortels. Ce n\u2019est pas acceptable\u00bb, a-t-il soulign\u00e9.<\/p>\n<p><img loading=\"lazy\" decoding=\"async\" src=\"https:\/\/www.europesays.com\/fr\/wp-content\/uploads\/2026\/01\/autoroute-nuit.jpg\" alt=\"\" width=\"900\" height=\"500\" data-alt=\"autoroute nuit\"\/><\/p>\n<p><strong>39 personnes personnes sont d\u00e9c\u00e9d\u00e9es sur les routes de Meurthe-et-Moselle en 2025 \/ illustration cr\u00e9dit ici-c-nancy.fr<\/strong><\/p>\n<p><strong>Incendies et \u00e9tablissements festifs, une vigilance renforc\u00e9e<\/strong><\/p>\n<p>La question de la s\u00e9curit\u00e9 incendie a \u00e9galement occup\u00e9 une place centrale dans les \u00e9changes, dans le contexte du dramatique incendie survenu lors de la nuit du Nouvel An dans un bar d\u2019une station de ski suisse, qui a fait 40 morts et des centaines de bless\u00e9s.<\/p>\n<p>\u00c0 la suite de ce drame, le ministre de l\u2019Int\u00e9rieur, Laurent Nu\u00f1ez, a adress\u00e9 le 8 janvier un t\u00e9l\u00e9gramme aux pr\u00e9fets leur demandant d\u2019apporter \u00ab\u00a0une vigilance particuli\u00e8re \u00bb aux \u00e9tablissements accueillant des soir\u00e9es dansantes, notamment les bars exer\u00e7ant une double activit\u00e9.<\/p>\n<p>Lors des v\u0153ux \u00e0 la presse, Yves S\u00e9guy est revenu sur ce sujet sensible. \u00ab La s\u00e9curit\u00e9 incendie est un sujet de grande attention, et ce n\u2019est pas uniquement depuis le malheureux incendie survenu en Suisse. Nous avons un d\u00e9partement avec des immeubles complexes, des immeubles de grande hauteur, des secteurs tr\u00e8s urbanis\u00e9s. C\u2019est un sujet de vie quotidienne, de loisirs, d\u2019amusement, mais aussi de responsabilit\u00e9 \u00bb, a-t-il insist\u00e9.<\/p>\n<p>Christophe Antoni a rappel\u00e9 que la s\u00e9curit\u00e9 incendie repose sur un travail collectif. \u00ab Nous menons un travail d\u00e9termin\u00e9 et structur\u00e9 de suivi des avis d\u00e9favorables afin de les lever. Nous sommes pass\u00e9s de 118 \u00e0 82 \u00e9tablissements en situation d\u00e9favorable en deux ans, et nous ne nous arr\u00eatons pas l\u00e0 \u00bb, a-t-il expliqu\u00e9. L\u2019exemple du centre commercial des Nations, \u00e0 Vand\u0153uvre-l\u00e8s-Nancy, illustre cette d\u00e9marche. \u00ab Chaque cellule commerciale a \u00e9t\u00e9 reprise une par une, en lien avec les pompiers et la ville, pour v\u00e9rifier le respect des obligations r\u00e9glementaires : alarmes, dispositifs d\u2019extinction, mat\u00e9riel de s\u00e9curit\u00e9 \u00bb, a d\u00e9taill\u00e9 le directeur de cabinet. Lorsque les exploitants ne sont pas en r\u00e8gle et ne montrent pas de dynamique, des arr\u00eat\u00e9s de fermeture peuvent \u00eatre pris, soit par le maire, soit par le pr\u00e9fet.<\/p>\n<p>\u00ab En cas de sinistre dans un ERP, la premi\u00e8re responsabilit\u00e9 p\u00e9nale est celle de l\u2019exploitant. Ensuite, on examine l\u2019action de l\u2019autorit\u00e9 de police administrative \u00bb, a-t-il rappel\u00e9, soulignant que l\u2019exigence restera \u00e9lev\u00e9e, notamment pour les locaux \u00e0 sommeil et les bars dansants.<\/p>\n<p>\u00ab Il n\u2019y a pas de bienveillance particuli\u00e8re, mais un niveau d\u2019exigence, de compr\u00e9hension et d\u2019accompagnement lorsque les exploitants sont de bonne foi et engag\u00e9s dans les travaux \u00bb, a conclu le pr\u00e9fet.\u00a0<\/p>\n<p><strong>Le d\u00e9veloppement \u00e9conomique\u00a0<\/strong><\/p>\n<p>En mati\u00e8re de d\u00e9veloppement \u00e9conomique, la Meurthe-et-Moselle se distingue au niveau r\u00e9gional, se classant au 2\u1d49 rang des d\u00e9partements b\u00e9n\u00e9ficiaires du programme France 2030 dans le Grand Est. Quatre-vingt-seize projets ont \u00e9t\u00e9 accompagn\u00e9s, pour un montant total de 309 millions d\u2019euros d\u2019aides mobilis\u00e9es.<\/p>\n<p>Pour lever les freins administratifs et acc\u00e9l\u00e9rer les projets structurants, le pr\u00e9fet a annonc\u00e9 le lancement de la PAP, une plateforme destin\u00e9e \u00e0 accompagner les porteurs de projets sur les volets r\u00e9glementaire, administratif et financier. Un second outil, le SIDEX, d\u00e9di\u00e9 \u00e0 la simplification administrative et \u00e0 l\u2019exp\u00e9rimentation, doit \u00e9galement voir le jour prochainement.<\/p>\n<blockquote class=\"twitter-tweet\"><p>&#13;<\/p>\n<p dir=\"ltr\" lang=\"fr\">Ce matin Yves S\u00c9GUY, pr\u00e9fet de Meurthe-et-Moselle, a re\u00e7u les repr\u00e9sentants de la presse locale pour leur pr\u00e9senter ses v\u0153ux, dresser le bilan des actions de l\u2019\u00c9tat dans le d\u00e9partement en 2025 et annoncer les grands objectifs de 2026.<\/p>\n<p>Dans un contexte de r\u00e9forme de l\u2019\u00c9tat\u2026 <a href=\"https:\/\/t.co\/EV6Dg8fVNt\">pic.twitter.com\/EV6Dg8fVNt<\/a><\/p>\n<p>&#13;<br \/>\n\u2014 Pr\u00e9fet de Meurthe-et-Moselle (@Prefet54) <a href=\"https:\/\/twitter.com\/Prefet54\/status\/2011463876823462019?ref_src=twsrc%5Etfw\" target=\"_blank\" rel=\"noopener\">January 14, 2026<\/a><\/p><\/blockquote>\n<p>\t\t\t\t\t\t<a href=\"https:\/\/www.pinterest.com\/pin\/create\/button\/\" data-pin-do=\"buttonBookmark\" data-pin-color=\"red\" target=\"_blank\" rel=\"noopener\"><img decoding=\"async\" src=\"https:\/\/www.europesays.com\/fr\/wp-content\/uploads\/2025\/04\/pinit_fg_en_rect_red_20.png\" alt=\"Pin It\"\/><\/a><\/p>\n<p>\t\t\t\t\t\t    <script async src=\"https:\/\/platform.twitter.com\/widgets.js\" charset=\"utf-8\"><\/script><\/p>\n","protected":false},"excerpt":{"rendered":"Yves S\u00e9guy, pr\u00e9fet de Meurthe-et-Moselle, a convi\u00e9 ce mercredi la presse locale pour lui adresser ses v\u0153ux. Un&hellip;\n","protected":false},"author":2,"featured_media":664163,"comment_status":"","ping_status":"","sticky":false,"template":"","format":"standard","meta":{"footnotes":""},"categories":[9635],"tags":[1111,11,1777,674,1011,27,775,1702,12,25],"class_list":{"0":"post-664162","1":"post","2":"type-post","3":"status-publish","4":"format-standard","5":"has-post-thumbnail","7":"category-nancy","8":"tag-actu","9":"tag-actualites","10":"tag-eu","11":"tag-europe","12":"tag-fr","13":"tag-france","14":"tag-grand-est","15":"tag-nancy","16":"tag-news","17":"tag-republique-francaise"},"share_on_mastodon":{"url":"https:\/\/pubeurope.com\/@fr\/115896346701952440","error":""},"_links":{"self":[{"href":"https:\/\/www.europesays.com\/fr\/wp-json\/wp\/v2\/posts\/664162","targetHints":{"allow":["GET"]}}],"collection":[{"href":"https:\/\/www.europesays.com\/fr\/wp-json\/wp\/v2\/posts"}],"about":[{"href":"https:\/\/www.europesays.com\/fr\/wp-json\/wp\/v2\/types\/post"}],"author":[{"embeddable":true,"href":"https:\/\/www.europesays.com\/fr\/wp-json\/wp\/v2\/users\/2"}],"replies":[{"embeddable":true,"href":"https:\/\/www.europesays.com\/fr\/wp-json\/wp\/v2\/comments?post=664162"}],"version-history":[{"count":0,"href":"https:\/\/www.europesays.com\/fr\/wp-json\/wp\/v2\/posts\/664162\/revisions"}],"wp:featuredmedia":[{"embeddable":true,"href":"https:\/\/www.europesays.com\/fr\/wp-json\/wp\/v2\/media\/664163"}],"wp:attachment":[{"href":"https:\/\/www.europesays.com\/fr\/wp-json\/wp\/v2\/media?parent=664162"}],"wp:term":[{"taxonomy":"category","embeddable":true,"href":"https:\/\/www.europesays.com\/fr\/wp-json\/wp\/v2\/categories?post=664162"},{"taxonomy":"post_tag","embeddable":true,"href":"https:\/\/www.europesays.com\/fr\/wp-json\/wp\/v2\/tags?post=664162"}],"curies":[{"name":"wp","href":"https:\/\/api.w.org\/{rel}","templated":true}]}}