{"id":66419,"date":"2025-05-01T08:02:09","date_gmt":"2025-05-01T08:02:09","guid":{"rendered":"https:\/\/www.europesays.com\/fr\/66419\/"},"modified":"2025-05-01T08:02:09","modified_gmt":"2025-05-01T08:02:09","slug":"marc-lavoine-en-couple-avec-adriana-karembeu-sa-fille-yasmine-partage-son-veritable-avis","status":"publish","type":"post","link":"https:\/\/www.europesays.com\/fr\/66419\/","title":{"rendered":"Marc Lavoine en couple avec Adriana Karembeu, sa fille Yasmine partage son v\u00e9ritable avis"},"content":{"rendered":"<p>Marc Lavoine n\u2019est pas seulement l\u2019immense artiste que l\u2019on<br \/>\nconna\u00eet tous. Outre son talent ind\u00e9niable pour la musique, ce<br \/>\ndernier est \u00e9galement un grand amoureux des femmes. \u00ab\u00a0C\u00a0\u00bbest vrai<br \/>\nque quand je m&rsquo;engage, c&rsquo;est totalement, alors bon, c&rsquo;est parfois<br \/>\nun peu compliqu\u00e9. Mais, c&rsquo;est ma fa\u00e7on de faire\u00a0\u00bb, d\u00e9voilait-il<br \/>\nd\u2019ailleurs en toute transparence lors de son passage dans 50\u2019<br \/>\nInside sur TF1. Des relations sentimentales importantes, Marc<br \/>\nLavoine en a connu plusieurs dont celle avec Sarah Poniatowski, la<br \/>\nm\u00e8re de trois de ses enfants.<\/p>\n<p>Marc Lavoine \u00e9voque sans complexe son divorce avec Sarah<br \/>\nPoniatowski<\/p>\n<p>C\u2019est <strong>en 1995<\/strong> que le chanteur, qui s\u2019est par<br \/>\nailleurs livr\u00e9 sur <a href=\"https:\/\/www.melty.fr\/people\/marc-lavoine-livre-un-tendre-souvenir-de-son-enfance-jai-longtemps-cru-que-mon-pere-etait-agent-secret-2230676.html\" target=\"_blank\" rel=\"noopener\"><br \/>\nce tendre souvenir d\u2019enfance<\/a>, <strong>officialise sa relation<br \/>\navec Sarah en l\u2019\u00e9pousant<\/strong>. Une belle histoire d\u2019amour qui<br \/>\ndurera plus de vingt ans jusqu\u2019\u00e0 leur rupture en 2018. Malgr\u00e9 tout,<br \/>\nces derniers ne <strong>cesseront jamais d\u2019entretenir de bonnes<br \/>\nrelations<\/strong> pour le bien de leurs enfants.<\/p>\n<p>\u00ab\u00a0Je peux vous dire que quand on a aim\u00e9 quelqu&rsquo;un pendant<br \/>\nvingt-quatre ans et qu&rsquo;on a trois enfants, <strong>l&rsquo;amour se<br \/>\nd\u00e9place\u00a0\u00bb<\/strong>, d\u00e9voilait ainsi Marc Lavoine au d\u00e9tour d\u2019un<br \/>\nentretien accord\u00e9 \u00e0 T\u00e9l\u00e9 Star avant d\u2019expliquer : \u00ab\u00a0Il n&rsquo;est pas<br \/>\nau m\u00eame endroit, mais <strong>il est toujours l\u00e0<\/strong>.<br \/>\n<strong>Ce qui serait horrible, c&rsquo;est de se f\u00e2cher<\/strong>. Une<br \/>\nvraie d\u00e9faite. Notre responsabilit\u00e9, c&rsquo;est de rester une famille<br \/>\nquoiqu&rsquo;il arrive\u00a0\u00bb. Une vision des choses que partage Sarah<br \/>\nPoniatowski, elle qui estime que <strong>sa relation avec l\u2019artiste<br \/>\nest \u00ab\u00a0tout sauf un \u00e9chec\u00a0\u00bb<\/strong>.<\/p>\n<p>Une rupture qui laisse des traces<\/p>\n<p>Dans les colonnes de Gala en f\u00e9vrier dernier, <strong>Yasmine<br \/>\nLavoine<\/strong>, la fille du couple, \u00e9tait revenue sur la rupture<br \/>\nde ses c\u00e9l\u00e8bres parents. \u00ab\u00a0Ce qui a \u00e9t\u00e9 le plus difficile, c\u2019est<br \/>\nqu\u2019<strong>ils ont d\u00fb nous en parler tr\u00e8s vite<\/strong>, avant que<br \/>\n\u00e7a ne sorte dans la presse\u00a0\u00bb, se souvenait-elle alors.<\/p>\n<p>Une s\u00e9paration qui n\u2019a \u00e9videmment <strong>pas \u00e9t\u00e9 sans<br \/>\ncons\u00e9quence sur elle et ses trois fr\u00e8res<\/strong> comme elle le<br \/>\nraconte si bien : \u00ab\u00a0Je pense que <strong>chaque enfant est<br \/>\ntriste de voir ses parents se s\u00e9parer<\/strong>. \u00c7a fait surtout mal<br \/>\naux souvenirs. Je suis quelqu\u2019un de romantique et nostalgique, \u00e7a<br \/>\nse voit \u00e0 travers mes photos&#8230;\u00a0\u00bb.<\/p>\n<p>Yasmine \u00ab\u00a0heureuse\u00a0\u00bb de la nouvelle<br \/>\nrelation de son p\u00e8re<\/p>\n<p>La jeune femme se f\u00e9licite toutefois de voir que Marc Lavoine et<br \/>\nSarah Poniatowski sont en bons termes. \u00ab\u00a0Ils ont de bons<br \/>\nrapports aujourd\u2019hui, ils sont <strong>tous les deux heureux dans<br \/>\nleur vie<\/strong> et ils ont trois enfants ensemble qu\u2019ils adorent.<br \/>\nC\u2019est pr\u00e9cieux\u00a0\u00bb, poursuivait-elle avant de d\u00e9voiler ce qu\u2019elle<br \/>\npense r\u00e9ellement du nouveau <strong>couple form\u00e9 par son p\u00e8re et<br \/>\nAdriana Karembeu<\/strong> : <strong>\u00ab\u00a0Je suis tr\u00e8s heureuse pour<br \/>\neux !\u00a0\u00bb<\/strong>. Preuve que la sculpturale blonde a \u00e9t\u00e9<br \/>\nvalid\u00e9e par la famille.<\/p>\n<p>Voil\u00e0 bient\u00f4t <strong>un an<\/strong> que Marc Lavoine et Adriana<br \/>\nKarembeu filent le parfait amour. Une relation qui avait \u00e9t\u00e9<br \/>\n<strong>r\u00e9v\u00e9l\u00e9e en Une du magazine Paris Match en juin<br \/>\n2024<\/strong>. Apr\u00e8s plusieurs semaines \u00e0 se faire discret, le<br \/>\ncouple avait finalement officialis\u00e9 sur le tapis rouge du Concerto<br \/>\npour la paix d\u2019Omar Harfouch le 18 septembre dernier. Si Marc<br \/>\nLavoine a r\u00e9cemment mentionn\u00e9 <a href=\"https:\/\/www.melty.fr\/people\/en-couple-avec-adriana-karembeu-marc-lavoine-avoue-jetais-pret-a-me-barrer-2230775.html\" target=\"_blank\" rel=\"noopener\"><br \/>\nson envie de se \u00ab\u00a0barrer\u00a0\u00bb \u00e0 l\u2019\u00e9poque<\/a>, force est de<br \/>\nconstater que <strong>sa relation avec Adriana Karembeu le rend<br \/>\naujourd\u2019hui plus heureux que jamais<\/strong>.<\/p>\n","protected":false},"excerpt":{"rendered":"Marc Lavoine n\u2019est pas seulement l\u2019immense artiste que l\u2019on conna\u00eet tous. Outre son talent ind\u00e9niable pour la musique,&hellip;\n","protected":false},"author":2,"featured_media":66420,"comment_status":"","ping_status":"","sticky":false,"template":"","format":"standard","meta":{"footnotes":""},"categories":[1359],"tags":[905,6382,58,59,1011,27,7593,973],"class_list":{"0":"post-66419","1":"post","2":"type-post","3":"status-publish","4":"format-standard","5":"has-post-thumbnail","7":"category-people","8":"tag-a-la-une-melty","9":"tag-adriana-karembeu","10":"tag-divertissement","11":"tag-entertainment","12":"tag-fr","13":"tag-france","14":"tag-marc-lavoine","15":"tag-people"},"share_on_mastodon":{"url":"https:\/\/pubeurope.com\/@fr\/114431534297213035","error":""},"_links":{"self":[{"href":"https:\/\/www.europesays.com\/fr\/wp-json\/wp\/v2\/posts\/66419","targetHints":{"allow":["GET"]}}],"collection":[{"href":"https:\/\/www.europesays.com\/fr\/wp-json\/wp\/v2\/posts"}],"about":[{"href":"https:\/\/www.europesays.com\/fr\/wp-json\/wp\/v2\/types\/post"}],"author":[{"embeddable":true,"href":"https:\/\/www.europesays.com\/fr\/wp-json\/wp\/v2\/users\/2"}],"replies":[{"embeddable":true,"href":"https:\/\/www.europesays.com\/fr\/wp-json\/wp\/v2\/comments?post=66419"}],"version-history":[{"count":0,"href":"https:\/\/www.europesays.com\/fr\/wp-json\/wp\/v2\/posts\/66419\/revisions"}],"wp:featuredmedia":[{"embeddable":true,"href":"https:\/\/www.europesays.com\/fr\/wp-json\/wp\/v2\/media\/66420"}],"wp:attachment":[{"href":"https:\/\/www.europesays.com\/fr\/wp-json\/wp\/v2\/media?parent=66419"}],"wp:term":[{"taxonomy":"category","embeddable":true,"href":"https:\/\/www.europesays.com\/fr\/wp-json\/wp\/v2\/categories?post=66419"},{"taxonomy":"post_tag","embeddable":true,"href":"https:\/\/www.europesays.com\/fr\/wp-json\/wp\/v2\/tags?post=66419"}],"curies":[{"name":"wp","href":"https:\/\/api.w.org\/{rel}","templated":true}]}}