{"id":664194,"date":"2026-01-15T01:02:12","date_gmt":"2026-01-15T01:02:12","guid":{"rendered":"https:\/\/www.europesays.com\/fr\/664194\/"},"modified":"2026-01-15T01:02:12","modified_gmt":"2026-01-15T01:02:12","slug":"trois-semaines-supplementaires-pour-les-candidats-a-la-reprise","status":"publish","type":"post","link":"https:\/\/www.europesays.com\/fr\/664194\/","title":{"rendered":"trois semaines suppl\u00e9mentaires pour les candidats \u00e0 la reprise"},"content":{"rendered":"<p>    Sur le m\u00eame sujet<\/p>\n<p>                        <a href=\"https:\/\/www.dordognelibre.fr\/dordogne\/les-papeteries-de-condat-notre-dossier-27207010.php\" title=\"Papeteries de Condat\u00a0: notre dossier\" target=\"_blank\" rel=\"noopener\"><br \/>\n                            <img decoding=\"async\" src=\"https:\/\/www.europesays.com\/fr\/wp-content\/uploads\/2026\/01\/perigord-1fece1ddce744083a56954f636632421-181609-ph1.jpg\" alt=\"Papeteries de Condat\u00a0: notre dossier\"\/><br \/>\n                        <\/a><\/p>\n<p>                    <a href=\"https:\/\/www.dordognelibre.fr\/dordogne\/les-papeteries-de-condat-notre-dossier-27207010.php\" title=\"Papeteries de Condat\u00a0: notre dossier\" target=\"_blank\" rel=\"noopener\"><\/p>\n<p>\n                            Papeteries de Condat\u00a0: notre dossier\n                        <\/p>\n<p>                    <\/a><\/p>\n<p>\n                        Le 20\u00a0octobre dernier, les Papeteries de Condat, qui emploient plus de 200 salari\u00e9s, annon\u00e7aient, par la voix d\u2019un communiqu\u00e9, avoir demand\u00e9 leur placement en redressement judiciaire. C\u2019est \u00e0 l\u2019issue de l\u2019audience du 14\u00a0janvier que le repreneur sera connu. Pour l\u2019heure, ils sont au moins deux \u00e0 s\u2019\u00eatre positionn\u00e9s.\n                    <\/p>\n<p>Les salari\u00e9s, par la voix de leur d\u00e9l\u00e9gu\u00e9 Philippe Delord (CGT), avaient entrepris le projet de reprendre leur propre entreprise sous la forme d\u2019une soci\u00e9t\u00e9 coop\u00e9rative d\u2019int\u00e9r\u00eat collectif pour sauver les papeteries de Condat. Projet finalement abandonn\u00e9 au profit des entreprises candidates d\u00e9clar\u00e9es.<\/p>\n<p>Pour Philippe Delord, la d\u00e9cision de renvoi par le tribunal peut \u00eatre vue de deux fa\u00e7ons diff\u00e9rentes. \u00ab\u00a0Peut-\u00eatre que les dossiers n\u2019\u00e9taient pas assez solides\u00a0\u00bb, craint-il, \u00ab\u00a0mais c\u2019est sans doute aussi parce que l\u2019entreprise a r\u00e9ussi \u00e0 r\u00e9unir de la tr\u00e9sorerie\u00a0\u00bb. De quoi voir venir encore un peu.<\/p>\n","protected":false},"excerpt":{"rendered":"Sur le m\u00eame sujet Papeteries de Condat\u00a0: notre dossier Le 20\u00a0octobre dernier, les Papeteries de Condat, qui emploient&hellip;\n","protected":false},"author":2,"featured_media":664195,"comment_status":"","ping_status":"","sticky":false,"template":"","format":"standard","meta":{"footnotes":""},"categories":[2817],"tags":[1111,11,1997,1777,674,1011,27,12,2219,25],"class_list":{"0":"post-664194","1":"post","2":"type-post","3":"status-publish","4":"format-standard","5":"has-post-thumbnail","7":"category-bordeaux","8":"tag-actu","9":"tag-actualites","10":"tag-bordeaux","11":"tag-eu","12":"tag-europe","13":"tag-fr","14":"tag-france","15":"tag-news","16":"tag-nouvelle-aquitaine","17":"tag-republique-francaise"},"share_on_mastodon":{"url":"https:\/\/pubeurope.com\/@fr\/115896421150268093","error":""},"_links":{"self":[{"href":"https:\/\/www.europesays.com\/fr\/wp-json\/wp\/v2\/posts\/664194","targetHints":{"allow":["GET"]}}],"collection":[{"href":"https:\/\/www.europesays.com\/fr\/wp-json\/wp\/v2\/posts"}],"about":[{"href":"https:\/\/www.europesays.com\/fr\/wp-json\/wp\/v2\/types\/post"}],"author":[{"embeddable":true,"href":"https:\/\/www.europesays.com\/fr\/wp-json\/wp\/v2\/users\/2"}],"replies":[{"embeddable":true,"href":"https:\/\/www.europesays.com\/fr\/wp-json\/wp\/v2\/comments?post=664194"}],"version-history":[{"count":0,"href":"https:\/\/www.europesays.com\/fr\/wp-json\/wp\/v2\/posts\/664194\/revisions"}],"wp:featuredmedia":[{"embeddable":true,"href":"https:\/\/www.europesays.com\/fr\/wp-json\/wp\/v2\/media\/664195"}],"wp:attachment":[{"href":"https:\/\/www.europesays.com\/fr\/wp-json\/wp\/v2\/media?parent=664194"}],"wp:term":[{"taxonomy":"category","embeddable":true,"href":"https:\/\/www.europesays.com\/fr\/wp-json\/wp\/v2\/categories?post=664194"},{"taxonomy":"post_tag","embeddable":true,"href":"https:\/\/www.europesays.com\/fr\/wp-json\/wp\/v2\/tags?post=664194"}],"curies":[{"name":"wp","href":"https:\/\/api.w.org\/{rel}","templated":true}]}}