{"id":664196,"date":"2026-01-15T01:03:12","date_gmt":"2026-01-15T01:03:12","guid":{"rendered":"https:\/\/www.europesays.com\/fr\/664196\/"},"modified":"2026-01-15T01:03:12","modified_gmt":"2026-01-15T01:03:12","slug":"un-enseignant-chercheur-de-bordeaux-mis-en-examen-pour-des-soupcons-dingerence-avec-la-chine","status":"publish","type":"post","link":"https:\/\/www.europesays.com\/fr\/664196\/","title":{"rendered":"Un enseignant-chercheur de Bordeaux mis en examen pour des soup\u00e7ons d&rsquo;ing\u00e9rence avec la Chine"},"content":{"rendered":"<p>Un enseignant-chercheur bordelais a \u00e9t\u00e9 mis en examen mi-d\u00e9cembre, apprend-on ce mercredi, pour des soup\u00e7ons d&rsquo;ing\u00e9rence dans les int\u00e9r\u00eats de la Chine.<\/p>\n<p>Un enseignant-chercheur \u00e0 l&rsquo;Institut d&rsquo;ing\u00e9nierie et de m\u00e9canique de Talence a \u00e9t\u00e9 mis en examen mi-d\u00e9cembre, \u00e0 cause de <strong>soup\u00e7ons d&rsquo;ing\u00e9rence dans les int\u00e9r\u00eats de la Chine<\/strong>, apprend-on ce mercredi du parquet de Paris. Le professeur est mis en examen notamment pour livraison d&rsquo;information \u00e0 une puissance \u00e9trang\u00e8re, car il est soup\u00e7onn\u00e9 d&rsquo;avoir fait p\u00e9n\u00e9trer des membres d&rsquo;une d\u00e9l\u00e9gation chinoise dans des zones sensibles.<\/p>\n<p>Un laboratoire sous haute surveillance<\/p>\n<p>Ce professeur de math\u00e9matiques travaille dans un laboratoire du campus de Talence tr\u00e8s s\u00e9curis\u00e9, <strong>class\u00e9\u00a0zone \u00e0 r\u00e9gime restrictif<\/strong> (ZRR). Pour entrer, les identit\u00e9s sont contr\u00f4l\u00e9es.<\/p>\n<p>Or, ce professeur est soup\u00e7onn\u00e9 d&rsquo;avoir\u00a0\u00ab\u00a0fait p\u00e9n\u00e9trer des membres d\u2019une d\u00e9l\u00e9gation chinoise \u00e0 des zones interdites, dont la sensibilit\u00e9 avait \u00e9t\u00e9 mentionn\u00e9e comme tr\u00e8s importante\u00a0\u00bb, indique le parquet de Paris. Apr\u00e8s un signalement, une <strong>enqu\u00eate est ouverte en janvier 2024<\/strong> et le professeur est interrog\u00e9 en d\u00e9but d&rsquo;ann\u00e9e 2025.<\/p>\n<p>Son mat\u00e9riel est perquisitionn\u00e9, et ce qu&rsquo;y retrouvent les enqu\u00eateurs lui vaut d&rsquo;\u00eatre mis en examen en d\u00e9cembre 2025 notamment pour livraison d&rsquo;information \u00e0 une puissance \u00e9trang\u00e8re, infraction pour laquelle il encourt <strong>15 ans de r\u00e9clusion<\/strong> et plus de 200.000 euros d&rsquo;amende.<\/p>\n<p>\u00ab\u00a0Des r\u00e9serves\u00a0\u00bb sur les faits \u00e9voqu\u00e9s<\/p>\n<p>L&rsquo;homme est aussi mis en examen pour <strong>intelligence avec une puissance \u00e9trang\u00e8re<\/strong> et complicit\u00e9 d&rsquo;intrusion dans un local int\u00e9ressant la d\u00e9fense nationale.<\/p>\n<p>Par la voix de son avocat, il dit \u00e9mettre \u00ab\u00a0des r\u00e9serves sur les faits qui sont \u00e9voqu\u00e9s\u00a0\u00bb, mais <strong>ne souhaite pas s&rsquo;exprimer<\/strong> avant d&rsquo;avoir donn\u00e9 ses explications au juge d&rsquo;instruction.<\/p>\n<p>Le professeur a \u00e9t\u00e9 laiss\u00e9 libre, sous contr\u00f4le judiciaire, mais <strong>n&rsquo;a plus acc\u00e8s \u00e0 son laboratoire<\/strong>.\u00a0L&rsquo;Universit\u00e9 de Bordeaux, contact\u00e9e par ICI Gironde, n&rsquo;a pas souhait\u00e9 faire de commentaire.<\/p>\n<p>\u00c0 lire aussi   <img decoding=\"async\" src=\"https:\/\/www.europesays.com\/fr\/wp-content\/uploads\/2026\/01\/1768438992_552_400x400.jpeg\" alt=\"\" style=\"--_image-preview:url('data:image\/jpeg;base64,\/9j\/2wBDACgcHiMeGSgjISMtKygwPGRBPDc3PHtYXUlkkYCZlo+AjIqgtObDoKrarYqMyP\/L2u71\/\/\/\/m8H\/\/\/\/6\/+b9\/\/j\/2wBDASstLTw1PHZBQXb4pYyl+Pj4+Pj4+Pj4+Pj4+Pj4+Pj4+Pj4+Pj4+Pj4+Pj4+Pj4+Pj4+Pj4+Pj4+Pj4+Pj4+Pj\/wAARCAAXACoDASIAAhEBAxEB\/8QAGAAAAwEBAAAAAAAAAAAAAAAAAAIDBAX\/xAAXEAEBAQEAAAAAAAAAAAAAAAAAAQIR\/8QAFgEAAwAAAAAAAAAAAAAAAAAAAAEC\/8QAFhEBAQEAAAAAAAAAAAAAAAAAAAER\/9oADAMBAAIRAxEAPwDLKeVCaPNLJozTyoZ0pnSbAqOFlMnD1y5TTQCiPNKZ0AYVzpToAD\/\/2Q==');\" loading=\"lazy\" fetchpriority=\"low\" aria-hidden=\"true\" class=\"svelte-1cksh76 rounded\" onload=\"this.__e=event\" onerror=\"this.__e=event\"\/><\/p>\n","protected":false},"excerpt":{"rendered":"Un enseignant-chercheur bordelais a \u00e9t\u00e9 mis en examen mi-d\u00e9cembre, apprend-on ce mercredi, pour des soup\u00e7ons d&rsquo;ing\u00e9rence dans les&hellip;\n","protected":false},"author":2,"featured_media":664197,"comment_status":"","ping_status":"","sticky":false,"template":"","format":"standard","meta":{"footnotes":""},"categories":[2817],"tags":[1111,11,1997,1777,674,1011,27,12,2219,25],"class_list":{"0":"post-664196","1":"post","2":"type-post","3":"status-publish","4":"format-standard","5":"has-post-thumbnail","7":"category-bordeaux","8":"tag-actu","9":"tag-actualites","10":"tag-bordeaux","11":"tag-eu","12":"tag-europe","13":"tag-fr","14":"tag-france","15":"tag-news","16":"tag-nouvelle-aquitaine","17":"tag-republique-francaise"},"share_on_mastodon":{"url":"https:\/\/pubeurope.com\/@fr\/115896425124082509","error":""},"_links":{"self":[{"href":"https:\/\/www.europesays.com\/fr\/wp-json\/wp\/v2\/posts\/664196","targetHints":{"allow":["GET"]}}],"collection":[{"href":"https:\/\/www.europesays.com\/fr\/wp-json\/wp\/v2\/posts"}],"about":[{"href":"https:\/\/www.europesays.com\/fr\/wp-json\/wp\/v2\/types\/post"}],"author":[{"embeddable":true,"href":"https:\/\/www.europesays.com\/fr\/wp-json\/wp\/v2\/users\/2"}],"replies":[{"embeddable":true,"href":"https:\/\/www.europesays.com\/fr\/wp-json\/wp\/v2\/comments?post=664196"}],"version-history":[{"count":0,"href":"https:\/\/www.europesays.com\/fr\/wp-json\/wp\/v2\/posts\/664196\/revisions"}],"wp:featuredmedia":[{"embeddable":true,"href":"https:\/\/www.europesays.com\/fr\/wp-json\/wp\/v2\/media\/664197"}],"wp:attachment":[{"href":"https:\/\/www.europesays.com\/fr\/wp-json\/wp\/v2\/media?parent=664196"}],"wp:term":[{"taxonomy":"category","embeddable":true,"href":"https:\/\/www.europesays.com\/fr\/wp-json\/wp\/v2\/categories?post=664196"},{"taxonomy":"post_tag","embeddable":true,"href":"https:\/\/www.europesays.com\/fr\/wp-json\/wp\/v2\/tags?post=664196"}],"curies":[{"name":"wp","href":"https:\/\/api.w.org\/{rel}","templated":true}]}}