{"id":664200,"date":"2026-01-15T01:05:14","date_gmt":"2026-01-15T01:05:14","guid":{"rendered":"https:\/\/www.europesays.com\/fr\/664200\/"},"modified":"2026-01-15T01:05:14","modified_gmt":"2026-01-15T01:05:14","slug":"municipales-2026-a-toulouse-le-candidat-de-la-gauche-unie-francois-briancon-presente-son-programme-pour-le-logement-habiter-mieux","status":"publish","type":"post","link":"https:\/\/www.europesays.com\/fr\/664200\/","title":{"rendered":"Municipales 2026 \u00e0 Toulouse\u00a0: le candidat de la gauche unie Fran\u00e7ois Brian\u00e7on pr\u00e9sente son programme pour le logement \u00ab\u00a0Habiter mieux\u00a0\u00bb"},"content":{"rendered":"<p>\n                                                                    l&rsquo;essentiel<br \/>\n                                                                \u00ab\u00a0Se loger dignement a\u0300 Toulouse, sans se ruiner\u00a0\u00bb, le projet habitat du candidat de la gauche unie Fran\u00e7ois Brian\u00e7on aux municipales de mars prochain, pr\u00e9sent\u00e9, mercredi 14\u00a0janvier, \u00e0 la salle Saint-Michel \u00e0 Toulouse.\n                            <\/p>\n<p>\u00ab\u00a0Vivre mieux\u00a0\u00bb, pour reprendre le slogan de campagne du candidat de la gauche unie Fran\u00e7ois Brian\u00e7on aux municipales de mars prochain, ce sera \u00e0 l\u2019\u00e9vidence \u00ab\u00a0habiter mieux\u00a0\u00bb\u00a0pour des milliers de n\u00e9oToulousains qui affluent chaque ann\u00e9e dans la M\u00e9tropole.<\/p>\n<p>\u00a0<\/p>\n<p>Au c\u00f4t\u00e9 de ces colistiers R\u00e9gis Godec (EELV), pr\u00e9sent\u00e9 comme le futur pr\u00e9sident de Toulouse M\u00e9tropole en cas de victoire du socialiste, Pierre Lacaze (PCF) et la directrice de l\u2019Adil M\u00e9lanie Baillot, Fran\u00e7ois Brian\u00e7on a bross\u00e9 les grandes lignes de son programme sur le logement.<\/p>\n<p>\u00ab\u00a0Plus 6\u00a0000 habitants suppl\u00e9mentaires par an\u00a0\u00bb<\/p>\n<p>\u00ab\u00a0La 3e ville de France, conna\u00eet la plus forte croissance d\u00e9mographique (+\u00a06\u00a0000 habitants par an en moyenne entre\u00a02019 et\u00a02022, +\u00a012\u00a0000 \u00e0 l\u2019\u00e9chelle de la m\u00e9tropole), estime-t-il. \u00c0 Toulouse, le logement est devenu la premi\u00e8re pr\u00e9occupation des habitants. Nous vivons une vraie crise du logement\u00a0: les loyers augmentent plus vite que les revenus, beaucoup de Toulousaines et de Toulousains sont rel\u00e9gu\u00e9s loin de la ville. Le besoin de logement social explose\u00a0: sur la M\u00e9tropole, on compte pr\u00e8s de 50\u00a0000 demandes pour 6\u00a0000 attributions par an.\u00a0\u00bb<\/p>\n<p>En cause, selon la liste \u00ab\u00a0Vivre mieux\u00a0\u00bb, \u00ab\u00a0le maire de Toulouse qui a sous-estim\u00e9 l\u2019essor de la d\u00e9mographie, il a \u00e9t\u00e9 trop attentiste\u00a0\u00bb, l\u00e2che Pierre Lacaze. \u00ab\u00a0Le maire et pr\u00e9sident de la M\u00e9tropole salue ses succ\u00e8s, mais ne dit pas que, \u00e0 l\u2019arri\u00e8re, les moyens ne suivent pas\u00a0\u00bb, reproche R\u00e9gis Godec.<\/p>\n<p>Mesures phares<\/p>\n<p>L\u2019une des mesures phares des propositions de la gauche unie est \u00ab\u00a0le lancement ou la livraison de 15\u00a0000 logements \u00e0 loyer mod\u00e9r\u00e9 sur le mandat (logements \u00e0 destination des personnes pr\u00e9caires, des classes moyennes, des \u00e9tudiants, des jeunes actifs\u2026)\u00a0\u00bb.<\/p>\n<p>\u00ab\u00a0Z\u00e9ro enfant \u00e0 la rue\u00a0\u00bb<\/p>\n<p>Le projet pr\u00e9voit \u00e9galement l\u2019accession \u00e0 la propri\u00e9t\u00e9 pour 7\u00a0500 logements \u00ab\u00a0en d\u00e9veloppant le dispositif du Bail r\u00e9el solidaire (BRS), qui permet de r\u00e9duire fortement le prix d\u2019acquisition\u00a0\u00bb. Enfin, \u00ab\u00a0lancer un plan massif de r\u00e9habilitation et de r\u00e9novation \u00e9nerg\u00e9tique des logements pour lutter contre les passoires et les bouilloires thermiques et contre l\u2019habitat indigne\u00a0: objectif 30\u00a0000 logements sur le mandat\u00a0\u00bb. Le candidat du PS souhaite \u00e9galement proposer un encadrement des loyers, 500 logements passerelles pour les femmes victimes de violences et z\u00e9ro enfant \u00e0 la rue.<\/p>\n","protected":false},"excerpt":{"rendered":"l&rsquo;essentiel \u00ab\u00a0Se loger dignement a\u0300 Toulouse, sans se ruiner\u00a0\u00bb, le projet habitat du candidat de la gauche unie&hellip;\n","protected":false},"author":2,"featured_media":664201,"comment_status":"","ping_status":"","sticky":false,"template":"","format":"standard","meta":{"footnotes":""},"categories":[2816],"tags":[1111,11,76517,1777,674,1011,27,329,2722,3434,12,2680,316,25,2312,37919],"class_list":{"0":"post-664200","1":"post","2":"type-post","3":"status-publish","4":"format-standard","5":"has-post-thumbnail","7":"category-toulouse","8":"tag-actu","9":"tag-actualites","10":"tag-candidats-des-municipales-2026","11":"tag-eu","12":"tag-europe","13":"tag-fr","14":"tag-france","15":"tag-france-monde","16":"tag-haute-garonne","17":"tag-municipales-2026","18":"tag-news","19":"tag-occitanie","20":"tag-politique","21":"tag-republique-francaise","22":"tag-toulouse","23":"tag-u00c9lections"},"share_on_mastodon":{"url":"https:\/\/pubeurope.com\/@fr\/115896432885660699","error":""},"_links":{"self":[{"href":"https:\/\/www.europesays.com\/fr\/wp-json\/wp\/v2\/posts\/664200","targetHints":{"allow":["GET"]}}],"collection":[{"href":"https:\/\/www.europesays.com\/fr\/wp-json\/wp\/v2\/posts"}],"about":[{"href":"https:\/\/www.europesays.com\/fr\/wp-json\/wp\/v2\/types\/post"}],"author":[{"embeddable":true,"href":"https:\/\/www.europesays.com\/fr\/wp-json\/wp\/v2\/users\/2"}],"replies":[{"embeddable":true,"href":"https:\/\/www.europesays.com\/fr\/wp-json\/wp\/v2\/comments?post=664200"}],"version-history":[{"count":0,"href":"https:\/\/www.europesays.com\/fr\/wp-json\/wp\/v2\/posts\/664200\/revisions"}],"wp:featuredmedia":[{"embeddable":true,"href":"https:\/\/www.europesays.com\/fr\/wp-json\/wp\/v2\/media\/664201"}],"wp:attachment":[{"href":"https:\/\/www.europesays.com\/fr\/wp-json\/wp\/v2\/media?parent=664200"}],"wp:term":[{"taxonomy":"category","embeddable":true,"href":"https:\/\/www.europesays.com\/fr\/wp-json\/wp\/v2\/categories?post=664200"},{"taxonomy":"post_tag","embeddable":true,"href":"https:\/\/www.europesays.com\/fr\/wp-json\/wp\/v2\/tags?post=664200"}],"curies":[{"name":"wp","href":"https:\/\/api.w.org\/{rel}","templated":true}]}}