{"id":664204,"date":"2026-01-15T01:08:13","date_gmt":"2026-01-15T01:08:13","guid":{"rendered":"https:\/\/www.europesays.com\/fr\/664204\/"},"modified":"2026-01-15T01:08:13","modified_gmt":"2026-01-15T01:08:13","slug":"il-tente-denvoyer-7-enveloppes-garnies-de-cannabis-depuis-un-bureau-de-poste-de-marseille-lodeur-le-trahit","status":"publish","type":"post","link":"https:\/\/www.europesays.com\/fr\/664204\/","title":{"rendered":"Il tente d&rsquo;envoyer 7 enveloppes garnies de cannabis depuis un bureau de poste de Marseille, l&rsquo;odeur le trahit"},"content":{"rendered":"<p class=\"rev-margin-0 rev-text-xs-normal\">Au vu de ses faibles garanties de repr\u00e9sentation devant la justice, l&rsquo;individu a \u00e9t\u00e9 plac\u00e9 en d\u00e9tention provisoire dans l&rsquo;intervalle.<\/p>\n<p class=\"rev-margin-0 rev-text-xs-bold\">Photo d&rsquo;illustration. Gilles Bader<\/p>\n<p>Fut un temps o\u00f9 pr\u00e9tendants enamour\u00e9s et <a href=\"https:\/\/www.laprovence.com\/article\/faits-divers-justice\/4702803\/14-18-la-memoire-vivace-daix-marraine-de-guerre.html\" target=\"_blank\" rel=\"noopener\">marraines de guerre<\/a> parfumaient leur missive avant de la confier au facteur le c\u0153ur battant. Lundi apr\u00e8s-midi 12 janvier dernier au bureau de poste de la <a href=\"https:\/\/www.laprovence.com\/article\/faits-divers-justice\/8311459089871314\/un-etudiant-maitrise-son-agresseur-apres-un-vol-a-l-arrache-dans-le-centre-ville-de-marseille\" target=\"_blank\" rel=\"noopener\">Joliette<\/a> (2e), ce ne sont pas des effluves d\u2019<a href=\"https:\/\/www.laprovence.com\/article\/edition-aix-pays-daix\/4316682\/cadentia-toutes-nos-emotions-denfance-dans-une-eau-de-cologne.html\" target=\"_blank\" rel=\"noopener\">eau de Cologne<\/a> qui ont alert\u00e9 les employ\u00e9s, mais plut\u00f4t un parfum-signature capiteux et tr\u00e8s reconnaissable s\u2019exhalant assez fortement des nombreux courriers qu\u2019un usager souhaitait exp\u00e9dier au plus vite.<\/p>\n<p>Au guichet, le jeune homme semblait pourtant bien parti pour inverser la tendance et faire mentir les chiffres selon lesquels les <a href=\"https:\/\/www.laprovence.com\/article\/femina-provence\/47951432597149\/les-escroqueries-par-sms-arrivent-en-tete-des-arnaques-en-ligne\" target=\"_blank\" rel=\"noopener\">SMS<\/a> ont d\u00e9mod\u00e9 lettres et cartes postales au point que la distribution de courriers a chut\u00e9 ces derni\u00e8res ann\u00e9es, passant de 50% de son activit\u00e9 en\u00a02010 \u00e0 15% aujourd\u2019hui\u2026<\/p>\n<p>Une fragrance aussi ent\u00eatante qu&rsquo;identifiable<\/p>\n<p>Avec sept <a href=\"https:\/\/www.laprovence.com\/article\/societe\/11509862240608\/30-000-courriers-en-souffrance-au-centre-de-tri-d-avignon-les-facteurs-en-greve-pour-leurs-conditions-de-travail\" target=\"_blank\" rel=\"noopener\">courriers<\/a> \u00e0 envoyer \u00e0 sept destinataires diff\u00e9rents, il aurait m\u00eame pu d\u00e9crocher le titre d\u2019usager du mois, si ce n\u2019\u00e9tait la fragrance aussi ent\u00eatante qu\u2019identifiable s\u2019\u00e9chappant des enveloppes : celle des sommit\u00e9s florales et des feuilles s\u00e9ch\u00e9es du cannabis.<\/p>\n<p>Sans doute le jeune homme de 23\u00a0ans n\u2019avait-il jamais lu, ni m\u00eame entendu parler de\u00a0B\u00e9atrix, l\u2019ouvrage de <a href=\"https:\/\/www.laprovence.com\/article\/sortie-loisirs\/1209308753217815\/notre-comedie-humaine-trois-fois-balzac-sur-les-planches-a-marseille\" target=\"_blank\" rel=\"noopener\">Balzac<\/a> dans lequel le parfum d\u2019une lettre est per\u00e7u comme assez nocif pour g\u00e2ter le lait maternel d\u2019une femme tromp\u00e9e\u2026<\/p>\n<p>Toujours est-il qu\u2019alert\u00e9s par l\u2019odeur, les employ\u00e9s de poste se sont empress\u00e9s d\u2019alerter les forces de l\u2019ordre, lesquelles ont aussit\u00f4t d\u00e9boul\u00e9 dans l\u2019agence du boulevard de Dunkerque.<\/p>\n<p>Interpell\u00e9 par les effectifs de la <a href=\"https:\/\/www.laprovence.com\/article\/faits-divers-justice\/1341367544360914\/lutte-contre-le-narcotrafic-operation-coup-de-poing-a-marseille-15-points-de-deal-vises-et-1-500-policiers-deployes\" target=\"_blank\" rel=\"noopener\">division Centre<\/a>, le mis en cause a \u00e9t\u00e9 ramen\u00e9 dans les locaux de la division Centre o\u00f9 l\u2019examen du contenu des enveloppes et une balance de pr\u00e9cision ont r\u00e9v\u00e9l\u00e9 leur contenu global : 500 grammes d\u2019<a href=\"https:\/\/www.laprovence.com\/article\/region\/55057694915014\/une-interpellation-mene-les-policiers-dorange-a-la-decouverte-dun-champ-de-cannabis-piege\" target=\"_blank\" rel=\"noopener\">herbe de cannabis<\/a>.<\/p>\n<p>Le bureau de poste menac\u00e9 moins de 2 heures plus tard<\/p>\n<p>Une saisie qui a sans doute d\u00e9plu \u00e0 des complices, puisque moins de deux heures apr\u00e8s l\u2019intervention de la police <a href=\"https:\/\/www.laprovence.com\/article\/region\/2905127591459815\/marseille-16-mois-de-travaux-et-12-millions-deuros-pour-le-lifting-de-cap-joliette\" target=\"_blank\" rel=\"noopener\">boulevard de Dunkerque<\/a>, des individus revenaient \u00e0 l\u2019agence postale pour menacer son directeur avant de d\u00e9taler.<\/p>\n<p>Quant \u00e0 l\u2019individu aux 7 missives, dont l\u2019identit\u00e9 reste sujette \u00e0 caution, il a \u00e9t\u00e9 plac\u00e9 en garde \u00e0 vue. Il devrait \u00eatre jug\u00e9 en comparution imm\u00e9diate ce jeudi 15\u00a0janvier devant le <a href=\"https:\/\/www.laprovence.com\/article\/faits-divers-justice\/2179253639267614\/deux-agentes-du-tribunal-judiciaire-de-marseille-mises-en-examen-pour-corruption-lune-renseignait-la-dz-mafia\" target=\"_blank\" rel=\"noopener\">tribunal judiciaire<\/a> de Marseille. Au vu de ses faibles garanties de repr\u00e9sentation devant la justice, il a \u00e9t\u00e9 plac\u00e9 en d\u00e9tention provisoire dans l\u2019intervalle.<\/p>\n<p><img alt=\"\" loading=\"lazy\" width=\"18\" height=\"18\" decoding=\"async\" data-nimg=\"1\" class=\"mx-[8px]\" style=\"color:transparent\" src=\"https:\/\/www.laprovence.com\/_next\/static\/media\/comment.a97bda1a.svg\"\/>D\u00e9marrez la conversation<\/p>\n<p class=\"text-[1.8rem] mt-[32px]\">Votre opinion compte pour nous. Rejoignez la communaut\u00e9 laprovence.com en r\u00e9agissant sur l&rsquo;article Il tente d&rsquo;envoyer 7 enveloppes garnies de cannabis depuis un bureau de poste de Marseille, l&rsquo;odeur le trahit.<\/p>\n","protected":false},"excerpt":{"rendered":"Au vu de ses faibles garanties de repr\u00e9sentation devant la justice, l&rsquo;individu a \u00e9t\u00e9 plac\u00e9 en d\u00e9tention provisoire&hellip;\n","protected":false},"author":2,"featured_media":664205,"comment_status":"","ping_status":"","sticky":false,"template":"","format":"standard","meta":{"footnotes":""},"categories":[2814],"tags":[5734,1111,11,12544,3675,76518,394,76519,1777,674,274,1011,27,76520,884,12,882,25,18800],"class_list":{"0":"post-664204","1":"post","2":"type-post","3":"status-publish","4":"format-standard","5":"has-post-thumbnail","7":"category-marseille","8":"tag-5734","9":"tag-actu","10":"tag-actualites","11":"tag-bureau","12":"tag-cannabis","13":"tag-denvoyer","14":"tag-depuis","15":"tag-enveloppes","16":"tag-eu","17":"tag-europe","18":"tag-faits-divers-justice","19":"tag-fr","20":"tag-france","21":"tag-garnies","22":"tag-marseille","23":"tag-news","24":"tag-provence-alpes-cote-dazur","25":"tag-republique-francaise","26":"tag-tente"},"share_on_mastodon":{"url":"https:\/\/pubeurope.com\/@fr\/115896444836737720","error":""},"_links":{"self":[{"href":"https:\/\/www.europesays.com\/fr\/wp-json\/wp\/v2\/posts\/664204","targetHints":{"allow":["GET"]}}],"collection":[{"href":"https:\/\/www.europesays.com\/fr\/wp-json\/wp\/v2\/posts"}],"about":[{"href":"https:\/\/www.europesays.com\/fr\/wp-json\/wp\/v2\/types\/post"}],"author":[{"embeddable":true,"href":"https:\/\/www.europesays.com\/fr\/wp-json\/wp\/v2\/users\/2"}],"replies":[{"embeddable":true,"href":"https:\/\/www.europesays.com\/fr\/wp-json\/wp\/v2\/comments?post=664204"}],"version-history":[{"count":0,"href":"https:\/\/www.europesays.com\/fr\/wp-json\/wp\/v2\/posts\/664204\/revisions"}],"wp:featuredmedia":[{"embeddable":true,"href":"https:\/\/www.europesays.com\/fr\/wp-json\/wp\/v2\/media\/664205"}],"wp:attachment":[{"href":"https:\/\/www.europesays.com\/fr\/wp-json\/wp\/v2\/media?parent=664204"}],"wp:term":[{"taxonomy":"category","embeddable":true,"href":"https:\/\/www.europesays.com\/fr\/wp-json\/wp\/v2\/categories?post=664204"},{"taxonomy":"post_tag","embeddable":true,"href":"https:\/\/www.europesays.com\/fr\/wp-json\/wp\/v2\/tags?post=664204"}],"curies":[{"name":"wp","href":"https:\/\/api.w.org\/{rel}","templated":true}]}}