{"id":664206,"date":"2026-01-15T01:09:19","date_gmt":"2026-01-15T01:09:19","guid":{"rendered":"https:\/\/www.europesays.com\/fr\/664206\/"},"modified":"2026-01-15T01:09:19","modified_gmt":"2026-01-15T01:09:19","slug":"marseille-oscar-lecanu-bayeux-fc-je-ne-voulais-pas-en-prendre-autant","status":"publish","type":"post","link":"https:\/\/www.europesays.com\/fr\/664206\/","title":{"rendered":"Marseille. Oscar Lecanu (Bayeux FC) : \u00ab\u00a0Je ne voulais pas en prendre autant !\u00a0\u00bb"},"content":{"rendered":"<p>                    Par<br \/>\n        <strong><br \/>\n            <a href=\"https:\/\/actu.fr\/auteur\/frederic-bourgeois\" title=\"Consulter tous les articles de Fr\u00e9d\u00e9ric Bourgeois\" target=\"_blank\" rel=\"noopener\">Fr\u00e9d\u00e9ric Bourgeois<\/a><br \/>\n                    <\/strong><\/p>\n<p>        Publi\u00e9 le<\/p>\n<p>            14 janv. 2026 \u00e0 20h43        <\/p>\n<p>D\u00e9\u00e7u d\u2019avoir encaiss\u00e9<b> neuf buts<\/b>, le portier du <b>Bayeux FC<\/b>, <a href=\"https:\/\/actu.fr\/normandie\/bayeux_14047\/coupe-de-france-de-football-oscar-lecanu-le-gardien-du-bayeux-fc-en-patron-a-yvetot_63509489.html\" target=\"_blank\" rel=\"noopener\">Oscar Lecanu<\/a>, n\u2019\u00e9tait pas le Bayeusain le plus euphorique en zone mixte apr\u00e8s la rencontre face \u00e0 l\u2019OM et durant laquelle il est all\u00e9 rechercher <a href=\"https:\/\/actu.fr\/normandie\/caen_14118\/limmense-defi-de-bayeux-face-a-marseille-suivez-en-direct-le-choc-de-la-coupe-de-france_63694263.html\" target=\"_blank\" rel=\"noopener\">neuf fois le ballon au fond de ses filets<\/a>.<\/p>\n<p class=\" wall-content\"><b>Mais Oscar Lecanu a savour\u00e9 malgr\u00e9 tout <\/b>ce moment unique dans une <b>carri\u00e8re amateur : <\/b>ce choc entre deux mondes <b>situ\u00e9s \u00e0 des ann\u00e9es-lumi\u00e8re.<\/b> Le monde des footballeurs qui bossent toute la semaine et s\u2019entra\u00eenent apr\u00e8s le boulot, et celui des pros qui sont \u00e0 100 % tourn\u00e9s vers le football.<\/p>\n<p class=\" wall-content\">Ce <b>mardi soir, 13 janvier 2026, <\/b>c\u2019\u00e9tait pr\u00e9visible que le gardien de but du Bayeux FC allait avoir du boulot <b>face \u00e0 l\u2019Olympique de Marseille.<\/b> Oppos\u00e9 aux hommes de Roberto De Zerbi, remont\u00e9s comme des coucous apr\u00e8s deux revers cons\u00e9cutifs et qui avaient une envie farouche de montrer \u00e0 tout le stade la marche qui s\u00e9pare une Ligue 1 d\u2019une R\u00e9gional 1, le Bayeux FC a souffert. A commencer par son dernier rempart, Oscar Lecanu, qui a, en d\u00e9pit de l\u2019ampleur du score, <b>a r\u00e9pondu pr\u00e9sent, en multipliant les sorties et les parades pour limiter la casse.<\/b><\/p>\n<p class=\" wall-content\">\u00ab\u00a0C\u2019est un peu d\u00e9cevant, parce que je ne voulais pas en prendre autant\u00a0\u00bb, avouait le jeune homme \u00e0 l\u2019issue du match et de l\u2019\u00e9limination de la Coupe de France. \u00ab\u00a0En tant que gardien de but, \u00e7a m\u2019\u00e9nerve ! Parce que \u00e7a se joue sur des d\u00e9tails, je pense, sur la premi\u00e8re mi-temps. Mais avec un stade aussi beau et aussi mythique que d\u2019Ornano, et que l\u2019on a r\u00e9ussi \u00e0 remplir\u2026 Franchement, tous les Normands r\u00eaveraient de jouer dans un stade aussi plein. C\u2019est ouf. J\u2019ai plus encaiss\u00e9 de buts que je n\u2019en ai arr\u00eat\u00e9s, mais on a quand m\u00eame essay\u00e9 de faire quelque chose. On a kiff\u00e9 un super moment, une super semaine. On ne peut donc pas s\u2019arr\u00eater \u00e0 \u00e7a (le score, 0-9, Ndlr) mais en tant que comp\u00e9titeur dans l\u2019\u00e2me, \u00e7a me g\u00eane un peu.\u00a0\u00bb<\/p>\n<p>    <img   decoding=\"async\" loading=\"lazy\" class=\"size-large\" src=\"https:\/\/www.europesays.com\/fr\/wp-content\/uploads\/2026\/01\/ace48e61a769690f48e61a76954f48v-960x640.jpg\" alt=\"Le portier du Bayeux, FC, Oscar Lecanu, a savour\u00e9 ce moment unique malgr\u00e9 l'ampleur du score.\" width=\"960\" height=\"640\"\/><br \/>\n    Le portier du Bayeux, FC, Oscar Lecanu, a savour\u00e9 ce moment unique malgr\u00e9 l\u2019ampleur du score. \u00a9Fr\u00e9d\u00e9ric BOURGEOIS<\/p>\n<blockquote class=\"ac-article-quote wall-content\">\n<p>On a jou\u00e9 devant au moins 10 000 Bayeusains, dans une ferveur de dingue et dans une ambiance de folie. Bien que je sois Lyonnais, Marseille, c\u2019est une super \u00e9quipe. Des super mecs, hyper gentils avec nous. Ils \u00e9taient comp\u00e9titeurs sur le terrain, forc\u00e9ment, mais il y a eu la haie d\u2019honneur \u00e0 la fin, ils nous ont souhait\u00e9 une bonne saison et ils ont fait l\u2019effort de parler en fran\u00e7ais. Ils ont pris le temps de rester sur la pelouse, de nous checker, de nous donner un maillot\u2026<\/p>\n<p>Oscar Lecanu, gardien du Bayeux FC, interrog\u00e9 par Sport \u00e0 Caen, et qui a h\u00e9rit\u00e9 du maillot de Geronimo Rulli, le goal de l\u2019OM<\/p><\/blockquote>\n<p>    <img   decoding=\"async\" loading=\"lazy\" class=\"size-large\" src=\"https:\/\/www.europesays.com\/fr\/wp-content\/uploads\/2026\/01\/c1b28e61a769626b28e61a7696ab28v-960x640.jpg\" alt=\"Oscar Lecanu n'a pas ch\u00f4m\u00e9 face \u00e0 l'OM !\" width=\"960\" height=\"640\"\/><br \/>\n    Frustr\u00e9 \u00e0 l\u2019issue du match, Oscar Lecanu n\u2019a pas ch\u00f4m\u00e9 face \u00e0 l\u2019OM !\u00a0 \u00a9Fr\u00e9d\u00e9ric BOURGEOIS<\/p>\n<p>Votre r\u00e9gion, votre actu !<\/p>\n<p>Recevez chaque jour les infos qui comptent pour vous.<\/p>\n<p>\t<a href=\"https:\/\/actu.fr\/newsletter\" class=\"ac-btn ac-btn--corner ac-btn--medium ac-btn--blue800\" target=\"_blank\" rel=\"noopener\">S&rsquo;incrire<\/a><\/p>\n<p class=\" wall-content\">D\u00e9sormais, Oscar Lecanu et ses partenaires vont se tourner sur le championnat qui reprend ses droit \u00e0 Cherbourg le 24 janvier\u2026 \u00ab\u00a0Il faut qu\u2019on aille chercher quelque chose en R1 avec un groupe pareil. \u00c7a me ferait ch\u2026 qu\u2019il ne se passe rien ! Il faudra reprendre les choses dans le bon sens, \u00eatre s\u00e9rieux, mettre tous les ingr\u00e9dients. Il faut redescendre du petit nuage sur lequel on est depuis une semaine.\u00a0\u00bb<\/p>\n<p class=\" wall-content\">Personnalisez votre actualit\u00e9 en ajoutant vos villes et m\u00e9dias en favori avec <a href=\"https:\/\/moncompte.actu.fr\" title=\"D\u00e9couvez Mon Actu\" rel=\"nofollow noopener\" data-trk=\"{&quot;cta&quot;:{&quot;action&quot;:&quot;https:\\\/\\\/moncompte.actu.fr&quot;,&quot;category&quot;:&quot;mon compte&quot;,&quot;from&quot;:&quot;article footer&quot;,&quot;name&quot;:&quot;Mon actu&quot;,&quot;type&quot;:&quot;cta&quot;}}\" target=\"_blank\">Mon Actu<\/a>.<\/p>\n","protected":false},"excerpt":{"rendered":"Par Fr\u00e9d\u00e9ric Bourgeois Publi\u00e9 le 14 janv. 2026 \u00e0 20h43 D\u00e9\u00e7u d\u2019avoir encaiss\u00e9 neuf buts, le portier du&hellip;\n","protected":false},"author":2,"featured_media":664207,"comment_status":"","ping_status":"","sticky":false,"template":"","format":"standard","meta":{"footnotes":""},"categories":[2814],"tags":[1111,11,15922,1777,674,1011,27,884,12,882,25,60],"class_list":{"0":"post-664206","1":"post","2":"type-post","3":"status-publish","4":"format-standard","5":"has-post-thumbnail","7":"category-marseille","8":"tag-actu","9":"tag-actualites","10":"tag-coupe-de-france-de-football","11":"tag-eu","12":"tag-europe","13":"tag-fr","14":"tag-france","15":"tag-marseille","16":"tag-news","17":"tag-provence-alpes-cote-dazur","18":"tag-republique-francaise","19":"tag-sports"},"share_on_mastodon":{"url":"https:\/\/pubeurope.com\/@fr\/115896448742313587","error":""},"_links":{"self":[{"href":"https:\/\/www.europesays.com\/fr\/wp-json\/wp\/v2\/posts\/664206","targetHints":{"allow":["GET"]}}],"collection":[{"href":"https:\/\/www.europesays.com\/fr\/wp-json\/wp\/v2\/posts"}],"about":[{"href":"https:\/\/www.europesays.com\/fr\/wp-json\/wp\/v2\/types\/post"}],"author":[{"embeddable":true,"href":"https:\/\/www.europesays.com\/fr\/wp-json\/wp\/v2\/users\/2"}],"replies":[{"embeddable":true,"href":"https:\/\/www.europesays.com\/fr\/wp-json\/wp\/v2\/comments?post=664206"}],"version-history":[{"count":0,"href":"https:\/\/www.europesays.com\/fr\/wp-json\/wp\/v2\/posts\/664206\/revisions"}],"wp:featuredmedia":[{"embeddable":true,"href":"https:\/\/www.europesays.com\/fr\/wp-json\/wp\/v2\/media\/664207"}],"wp:attachment":[{"href":"https:\/\/www.europesays.com\/fr\/wp-json\/wp\/v2\/media?parent=664206"}],"wp:term":[{"taxonomy":"category","embeddable":true,"href":"https:\/\/www.europesays.com\/fr\/wp-json\/wp\/v2\/categories?post=664206"},{"taxonomy":"post_tag","embeddable":true,"href":"https:\/\/www.europesays.com\/fr\/wp-json\/wp\/v2\/tags?post=664206"}],"curies":[{"name":"wp","href":"https:\/\/api.w.org\/{rel}","templated":true}]}}