{"id":664208,"date":"2026-01-15T01:10:11","date_gmt":"2026-01-15T01:10:11","guid":{"rendered":"https:\/\/www.europesays.com\/fr\/664208\/"},"modified":"2026-01-15T01:10:11","modified_gmt":"2026-01-15T01:10:11","slug":"premiere-mondiale-une-entreprise-lyonnaise-trouve-un-antidote-contre-ce-poison-mortel-et-redoute","status":"publish","type":"post","link":"https:\/\/www.europesays.com\/fr\/664208\/","title":{"rendered":"Premi\u00e8re mondiale\u00a0: une entreprise lyonnaise trouve un antidote contre ce poison mortel et redout\u00e9"},"content":{"rendered":"<p data-start=\"352\" data-end=\"813\">Lyon vient de frapper un grand coup sur l\u2019\u00e9chiquier scientifique international. Selon les informations de <a href=\"https:\/\/www.bfmtv.com\/sante\/une-premiere-mondiale-la-france-commercialise-un-antidote-contre-la-ricine-poison-mortel-et-une-des-principales-menaces-biologiques_AN-202601120267.html\" rel=\"nofollow noopener noreferrer\" target=\"_blank\">BFM Lyon<\/a>, <strong>la PME lyonnaise Fabentech, bas\u00e9e \u00e0 Saint-Priest, a d\u00e9velopp\u00e9 le tout premier antidote efficace contre l\u2019intoxication \u00e0 la ricine<\/strong>, une substance extr\u00eamement toxique extraite de la plante de ricin. Baptis\u00e9 Ricimed, ce traitement est pr\u00e9sent\u00e9 par le gouvernement comme une \u201cpremi\u00e8re mondiale\u201d, \u00e0 la fois strat\u00e9gique et symbolique pour la souverainet\u00e9 sanitaire fran\u00e7aise.<\/p>\n<p><strong>La ricine, une menace silencieuse et mortelle<\/strong><\/p>\n<p data-start=\"867\" data-end=\"1317\"><strong data-start=\"867\" data-end=\"955\">Derri\u00e8re ce nom presque anodin se cache l\u2019un des poisons les plus redout\u00e9s au monde.<\/strong> La ricine est particuli\u00e8rement dangereuse lorsqu\u2019elle est inhal\u00e9e, provoquant un \u0153d\u00e8me pulmonaire et une insuffisance respiratoire aigu\u00eb pouvant entra\u00eener la mort en quelques jours seulement. Depuis plusieurs ann\u00e9es, elle est class\u00e9e parmi les menaces bioterroristes majeures, en raison de sa facilit\u00e9 de production et de diffusion, notamment par voie a\u00e9rienne.<\/p>\n<p data-start=\"867\" data-end=\"1317\"><img loading=\"lazy\" decoding=\"async\" src=\"https:\/\/www.europesays.com\/fr\/wp-content\/uploads\/2026\/01\/premiere-mondiale-entreprise-lyonnaise-antidote-ricine.jpg\" width=\"2000\" height=\"1333\" alt=\"premiere-mondiale-entreprise-lyonnaise-antidote-ricine\"\/><\/p>\n<p data-start=\"1378\" data-end=\"1804\">Depuis 2016, les autorit\u00e9s fran\u00e7aises anticipaient le pire. Les chercheurs travaillaient activement \u00e0 la <strong>mise au point d\u2019un antidote, redoutant une attaque bioterroriste visant \u00e0 semer la panique et d\u00e9stabiliser la soci\u00e9t\u00e9. <\/strong>Ces craintes ne sont pas th\u00e9oriques\u00a0: des tentatives de diffusion de ricine ont d\u00e9j\u00e0 \u00e9t\u00e9 recens\u00e9es, notamment en Allemagne en 2023. Autant dire que l\u2019arriv\u00e9e du Ricimed change radicalement la donne.<\/p>\n<p><strong>Une collaboration strat\u00e9gique entre civils et militaires<\/strong><\/p>\n<p data-start=\"1869\" data-end=\"2286\">Ce succ\u00e8s est le fruit d\u2019un travail collectif \u00e0 haute intensit\u00e9. <strong>Le Ricimed a \u00e9t\u00e9 d\u00e9velopp\u00e9 gr\u00e2ce \u00e0 une collaboration \u00e9troite entre acteurs publics et priv\u00e9s, militaires et sanitaires.<\/strong> L\u2019IRBA, l\u2019Institut de recherche biom\u00e9dicale des arm\u00e9es, avait d\u00e9j\u00e0 con\u00e7u un anticorps sp\u00e9cifique ainsi qu\u2019un test de d\u00e9tection de l\u2019intoxication. Fabentech a ensuite transform\u00e9 cette base scientifique en traitement op\u00e9rationnel.<\/p>\n<p data-start=\"2318\" data-end=\"2763\" data-is-last-node=\"\" data-is-only-node=\"\"><strong data-start=\"2318\" data-end=\"2417\">Les premi\u00e8res livraisons ont d\u00e9j\u00e0 d\u00e9but\u00e9 en France, et l\u2019ambition est d\u00e9sormais internationale.<\/strong> Fabentech pr\u00e9voit d\u2019exporter son antidote \u00e0 l\u2019\u00e9tranger, r\u00e9pondant \u00e0 un enjeu de s\u00e9curit\u00e9 sanitaire mondiale. Une fois encore, Lyon prouve qu\u2019elle ne se contente pas d\u2019innover pour le confort du quotidien, mais qu\u2019elle joue aussi un r\u00f4le cl\u00e9 face aux menaces globales. Quand la science locale prot\u00e8ge le monde, on ne peut que tirer notre chapeau.<\/p>\n","protected":false},"excerpt":{"rendered":"Lyon vient de frapper un grand coup sur l\u2019\u00e9chiquier scientifique international. Selon les informations de BFM Lyon, la&hellip;\n","protected":false},"author":2,"featured_media":664209,"comment_status":"","ping_status":"","sticky":false,"template":"","format":"standard","meta":{"footnotes":""},"categories":[1889],"tags":[1111,11,2430,1777,674,1011,27,2428,12,25],"class_list":{"0":"post-664208","1":"post","2":"type-post","3":"status-publish","4":"format-standard","5":"has-post-thumbnail","7":"category-lyon","8":"tag-actu","9":"tag-actualites","10":"tag-auvergne-rhone-alpes","11":"tag-eu","12":"tag-europe","13":"tag-fr","14":"tag-france","15":"tag-lyon","16":"tag-news","17":"tag-republique-francaise"},"share_on_mastodon":{"url":"https:\/\/pubeurope.com\/@fr\/115896452662091868","error":""},"_links":{"self":[{"href":"https:\/\/www.europesays.com\/fr\/wp-json\/wp\/v2\/posts\/664208","targetHints":{"allow":["GET"]}}],"collection":[{"href":"https:\/\/www.europesays.com\/fr\/wp-json\/wp\/v2\/posts"}],"about":[{"href":"https:\/\/www.europesays.com\/fr\/wp-json\/wp\/v2\/types\/post"}],"author":[{"embeddable":true,"href":"https:\/\/www.europesays.com\/fr\/wp-json\/wp\/v2\/users\/2"}],"replies":[{"embeddable":true,"href":"https:\/\/www.europesays.com\/fr\/wp-json\/wp\/v2\/comments?post=664208"}],"version-history":[{"count":0,"href":"https:\/\/www.europesays.com\/fr\/wp-json\/wp\/v2\/posts\/664208\/revisions"}],"wp:featuredmedia":[{"embeddable":true,"href":"https:\/\/www.europesays.com\/fr\/wp-json\/wp\/v2\/media\/664209"}],"wp:attachment":[{"href":"https:\/\/www.europesays.com\/fr\/wp-json\/wp\/v2\/media?parent=664208"}],"wp:term":[{"taxonomy":"category","embeddable":true,"href":"https:\/\/www.europesays.com\/fr\/wp-json\/wp\/v2\/categories?post=664208"},{"taxonomy":"post_tag","embeddable":true,"href":"https:\/\/www.europesays.com\/fr\/wp-json\/wp\/v2\/tags?post=664208"}],"curies":[{"name":"wp","href":"https:\/\/api.w.org\/{rel}","templated":true}]}}