{"id":664210,"date":"2026-01-15T01:11:15","date_gmt":"2026-01-15T01:11:15","guid":{"rendered":"https:\/\/www.europesays.com\/fr\/664210\/"},"modified":"2026-01-15T01:11:15","modified_gmt":"2026-01-15T01:11:15","slug":"lyon-mobilisation-massive-avec-tracteurs-des-agriculteurs-ce-jeudi-a-quoi-sattendre","status":"publish","type":"post","link":"https:\/\/www.europesays.com\/fr\/664210\/","title":{"rendered":"Lyon. \u00ab\u00a0Mobilisation massive\u00a0\u00bb avec tracteurs des agriculteurs ce jeudi : \u00e0 quoi s&rsquo;attendre\u00a0?"},"content":{"rendered":"<p>                    Par<br \/>\n        <strong><br \/>\n            <a href=\"https:\/\/actu.fr\/auteur\/nicolas-zaugra\" title=\"Consulter tous les articles de Nicolas Zaugra\" target=\"_blank\" rel=\"noopener\">Nicolas Zaugra<\/a><br \/>\n                    <\/strong><\/p>\n<p>        Publi\u00e9 le<\/p>\n<p>            14 janv. 2026 \u00e0 19h25        <\/p>\n<p>Les agriculteurs ne veulent rien l\u00e2cher. Une nouvelle action d\u2019ampleur des <strong>agriculteurs<\/strong> de la r\u00e9gion Auvergne-Rh\u00f4ne-Alpes est annonc\u00e9 pour ce jeudi 15 janvier 2026 dans les rues de <a href=\"https:\/\/actu.fr\/auvergne-rhone-alpes\/lyon_69123\" target=\"_blank\" rel=\"noopener\">Lyon<\/a>. Deux syndicats agricoles indiquent que <a href=\"https:\/\/actu.fr\/auvergne-rhone-alpes\/lyon_69123\/lyon-les-agriculteurs-en-colere-vont-manifester-dans-la-ville-voici-les-actions-prevues_63695560.html\" target=\"_blank\" rel=\"noopener\">deux convois de tracteurs prendront la direction de Lyon<\/a>, ce jeudi 15 janvier, notamment pour rappeler leur opposition totale \u00e0 l\u2019accord de libre \u00e9change avec le <a href=\"https:\/\/actu.fr\/politique\/un-rejet-politique-unanime-emmanuel-macron-annonce-la-position-de-la-france-sur-le-vote-du-mercosur_63673303.html\" target=\"_blank\" rel=\"noopener\">Mercosur<\/a>.<\/p>\n<p class=\" wall-content\">La FRSEA Auvergne-Rh\u00f4ne-Alpes et Jeunes Agriculteurs AURA <strong>\u00ab\u00a0appellent \u00e0 une mobilisation r\u00e9gionale massive\u00a0\u00bb<\/strong>.<\/p>\n<p>Au moins deux convois de tracteurs dans Lyon<\/p>\n<p class=\" wall-content\">Selon nos informations, au moins 60 tracteurs vont d\u00e9filer dans la ville jeudi matin vers un unique point situ\u00e9 pr\u00e8s de la pr\u00e9fecture du Rh\u00f4ne dans le 7e arrondissement.\u00a0<\/p>\n<p class=\" wall-content\">Trois d\u00e9parts sont pr\u00e9vus depuis Brignais, La Tour de Salvagny et Beynost (Ain) vers deux points dans Lyon.<\/p>\n<ul class=\" wall-content\">\n<li>10h30 : arriv\u00e9e d\u2019un premier convoi devant l\u2019Anses, avenue Tony Garnier \u00e0 Gerland (Lyon 7\u1d49)<\/li>\n<li>10h30 : arriv\u00e9e d\u2019un second convoi devant la Dreal Auvergne-Rh\u00f4ne-Alpes, quartier des Brotteaux dans le 6e.<\/li>\n<\/ul>\n<p class=\" wall-content\">Les tracteurs prendront ensuite une seule et m\u00eame direction, quai Augagneur dans le 3e. La circulation risque d\u2019\u00eatre perturb\u00e9e dans les secteurs o\u00f9 passent ces deux convois.<\/p>\n<p class=\" wall-content\">Personnalisez votre actualit\u00e9 en ajoutant vos villes et m\u00e9dias en favori avec <a href=\"https:\/\/moncompte.actu.fr\" title=\"D\u00e9couvez Mon Actu\" rel=\"nofollow noopener\" data-trk=\"{&quot;cta&quot;:{&quot;action&quot;:&quot;https:\\\/\\\/moncompte.actu.fr&quot;,&quot;category&quot;:&quot;mon compte&quot;,&quot;from&quot;:&quot;article footer&quot;,&quot;name&quot;:&quot;Mon actu&quot;,&quot;type&quot;:&quot;cta&quot;}}\" target=\"_blank\">Mon Actu<\/a>.<\/p>\n","protected":false},"excerpt":{"rendered":"Par Nicolas Zaugra Publi\u00e9 le 14 janv. 2026 \u00e0 19h25 Les agriculteurs ne veulent rien l\u00e2cher. Une nouvelle&hellip;\n","protected":false},"author":2,"featured_media":664211,"comment_status":"","ping_status":"","sticky":false,"template":"","format":"standard","meta":{"footnotes":""},"categories":[1889],"tags":[1111,11,327,2430,1777,674,1011,27,2428,1272,12,25,104],"class_list":{"0":"post-664210","1":"post","2":"type-post","3":"status-publish","4":"format-standard","5":"has-post-thumbnail","7":"category-lyon","8":"tag-actu","9":"tag-actualites","10":"tag-agriculture","11":"tag-auvergne-rhone-alpes","12":"tag-eu","13":"tag-europe","14":"tag-fr","15":"tag-france","16":"tag-lyon","17":"tag-manifestations","18":"tag-news","19":"tag-republique-francaise","20":"tag-societe"},"share_on_mastodon":{"url":"https:\/\/pubeurope.com\/@fr\/115896456471684950","error":""},"_links":{"self":[{"href":"https:\/\/www.europesays.com\/fr\/wp-json\/wp\/v2\/posts\/664210","targetHints":{"allow":["GET"]}}],"collection":[{"href":"https:\/\/www.europesays.com\/fr\/wp-json\/wp\/v2\/posts"}],"about":[{"href":"https:\/\/www.europesays.com\/fr\/wp-json\/wp\/v2\/types\/post"}],"author":[{"embeddable":true,"href":"https:\/\/www.europesays.com\/fr\/wp-json\/wp\/v2\/users\/2"}],"replies":[{"embeddable":true,"href":"https:\/\/www.europesays.com\/fr\/wp-json\/wp\/v2\/comments?post=664210"}],"version-history":[{"count":0,"href":"https:\/\/www.europesays.com\/fr\/wp-json\/wp\/v2\/posts\/664210\/revisions"}],"wp:featuredmedia":[{"embeddable":true,"href":"https:\/\/www.europesays.com\/fr\/wp-json\/wp\/v2\/media\/664211"}],"wp:attachment":[{"href":"https:\/\/www.europesays.com\/fr\/wp-json\/wp\/v2\/media?parent=664210"}],"wp:term":[{"taxonomy":"category","embeddable":true,"href":"https:\/\/www.europesays.com\/fr\/wp-json\/wp\/v2\/categories?post=664210"},{"taxonomy":"post_tag","embeddable":true,"href":"https:\/\/www.europesays.com\/fr\/wp-json\/wp\/v2\/tags?post=664210"}],"curies":[{"name":"wp","href":"https:\/\/api.w.org\/{rel}","templated":true}]}}