{"id":664214,"date":"2026-01-15T01:14:11","date_gmt":"2026-01-15T01:14:11","guid":{"rendered":"https:\/\/www.europesays.com\/fr\/664214\/"},"modified":"2026-01-15T01:14:11","modified_gmt":"2026-01-15T01:14:11","slug":"un-vortex-polaire-les-experts-sont-formels-preparez-vous-a-un-moscou-paris-a-la-fin-du-mois","status":"publish","type":"post","link":"https:\/\/www.europesays.com\/fr\/664214\/","title":{"rendered":"\u00ab\u00a0Un vortex polaire\u00a0\u00bb, les experts sont formels, pr\u00e9parez-vous \u00e0 un \u00ab\u00a0Moscou-Paris\u00a0\u00bb \u00e0 la fin du mois"},"content":{"rendered":"<p>Ces derniers jours, le ciel n\u2019a clairement pas fait de cadeau.<br \/>\nApr\u00e8s deux \u00e9pisodes de neige qui ont ralenti le pays, <strong>la<br \/>\ntemp\u00eate Goretti<\/strong> a enfonc\u00e9 le clou avec des rafales<br \/>\nd\u00e9passant les 200 kilom\u00e8tres heure. Toitures arrach\u00e9es, arbres au<br \/>\nsol et coupures d\u2019\u00e9lectricit\u00e9 ont laiss\u00e9 des traces visibles,<br \/>\nencore bien pr\u00e9sentes une semaine plus tard. Autant dire que le<br \/>\nterritoire n\u2019a pas eu le temps de souffler.<\/p>\n<p>Cependant, la vigilance reste de mise. Un nouveau coup de vent<br \/>\ns\u2019annonce, moins spectaculaire mais suffisamment soutenu pour<br \/>\nappeler \u00e0 la prudence. M\u00e9t\u00e9o France place ainsi le Calvados et la<br \/>\nManche <strong>en vigilance jaune<\/strong> de 11 heures \u00e0 22 heures<br \/>\nce jeudi, avec pluie et rafales attendues. Selon M\u00e9t\u00e9o Basse<br \/>\nNormandie, \u00ab les rafales pourraient atteindre les 100km\/h sur<br \/>\nle Cotentin, jusqu\u00a0\u00bb\u00e0 90km\/h sur le reste des c\u00f4tes Normandes et<br \/>\nentre 60 et 70km\/h dans les terres \u00bb.<\/p>\n<p>Le froid n\u2019a pas dit son dernier mot<\/p>\n<p><a href=\"https:\/\/www.melty.fr\/divers\/vague-de-froid-de-la-soupe-2-fois-par-jour-en-dordogne-voici-comment-cette-fratrie-y-fait-face-2287771.html\" target=\"_blank\" rel=\"noopener\"><br \/>\nUne vague de froid extr\u00eame<\/a> continue de frapper une partie de<br \/>\nl\u2019Europe et le spectacle donne le ton. En Scandinavie et en<br \/>\nSib\u00e9rie, les temp\u00e9ratures plongent \u00e0 des niveaux impressionnants,<br \/>\nqualifi\u00e9s par la Cha\u00eene M\u00e9t\u00e9o comme \u00ab l\u2019un des \u00e9pisodes les<br \/>\nplus intenses de ces derni\u00e8res ann\u00e9es \u00bb. La Laponie<br \/>\nfinlandaise a enregistr\u00e9 jusqu\u2019\u00e0 -42,8\u00b0C, Stockholm affiche<br \/>\n<strong>des minimales proches de -20\u00b0C<\/strong> et la Sib\u00e9rie subit<br \/>\ndes anomalies \u00ab de 10 \u00e0 20\u00b0C en dessous des normes \u00bb.<br \/>\nAutant dire que l\u2019hiver montre encore les muscles.<\/p>\n<p>Par cons\u00e9quent, la relative accalmie observ\u00e9e en France ne doit<br \/>\npas tromper. Malgr\u00e9 des temp\u00e9ratures plus supportables ces derniers<br \/>\njours et l\u2019espoir d\u2019un r\u00e9pit durable, un froid polaire reste<br \/>\nattendu d\u2019ici la fin du mois. Apr\u00e8s une semaine marqu\u00e9e par<br \/>\n<strong>des gel\u00e9es persistantes<\/strong>, beaucoup esp\u00e9raient<br \/>\ntourner la page. Pourtant, l\u2019hiver n\u2019a clairement pas rendu les<br \/>\narmes et la doudoune peut rester \u00e0 port\u00e9e de main.<\/p>\n<p>La France sous la menace du Moscou-Paris<\/p>\n<p>Le sc\u00e9nario d\u2019un refroidissement marqu\u00e9 reste sur la table, m\u00eame<br \/>\nsi rien n\u2019est encore act\u00e9. Pour que ce froid polaire atteigne<br \/>\nl\u2019Hexagone, \u00ab il faut un blocage anticyclonique vers la<br \/>\nScandinavie ouvrant la voie \u00e0 une advection continentale d\u2019est \u00e0<br \/>\nnord est (type Moscou Paris) \u00bb. Tout d\u00e9pend donc de la<br \/>\nposition pr\u00e9cise de ce blocage atmosph\u00e9rique, un d\u00e9tail technique<br \/>\nqui change tout. Dans le langage des m\u00e9t\u00e9orologues, <a href=\"https:\/\/www.melty.fr\/divers\/alerte-meteo-attention-au-moscou-paris-un-froid-venu-de-lest-va-toucher-la-france-de-plein-fouet-la-semaine-prochaine-2284012.html\" target=\"_blank\" rel=\"noopener\"><br \/>\nl\u2019expression \u00ab Moscou Paris \u00bb d\u00e9crit l\u2019arriv\u00e9e d\u2019air sec<br \/>\net glacial en provenance de Russie<\/a>, pouss\u00e9 vers l\u2019ouest par<br \/>\n<strong>l\u2019anticyclone sib\u00e9rien<\/strong>.<\/p>\n<p>Par ailleurs, ce ph\u00e9nom\u00e8ne n\u2019a rien d\u2019exceptionnel. Il revient<br \/>\nen moyenne tous les trois \u00e0 quatre ans et concerne souvent une<br \/>\nlarge partie de l\u2019Europe occidentale. <strong>Ces \u00e9pisodes ont d\u00e9j\u00e0<br \/>\nprovoqu\u00e9 des records de froid en France<\/strong>, m\u00eame si, d\u2019un<br \/>\npoint de vue climatique, ces temp\u00e9ratures restent coh\u00e9rentes avec<br \/>\nla saison. Les moyennes observ\u00e9es en janvier sur les cinquante<br \/>\nderni\u00e8res ann\u00e9es montrent d\u2019ailleurs que des vagues encore plus<br \/>\ns\u00e9v\u00e8res se sont d\u00e9j\u00e0 produites. Autrement dit, l\u2019hiver joue son<br \/>\nr\u00f4le, parfois avec un peu trop d\u2019enthousiasme.<\/p>\n<p>La vigilance est de mise<\/p>\n<p>Pour l\u2019instant, le temps offre un r\u00e9pit appr\u00e9ciable. Les<br \/>\ntemp\u00e9ratures actuelles d\u00e9passent les normales de saison en journ\u00e9e<br \/>\net ce redoux se distingue par sa dur\u00e9e et son homog\u00e9n\u00e9it\u00e9. Rien<br \/>\nd\u2019extraordinaire en soi, mais suffisamment rare pour m\u00e9riter d\u2019en<br \/>\nprofiter pleinement. C\u2019est donc le bon moment pour <strong>savourer<br \/>\ncette parenth\u00e8se plus douce<\/strong>, sans arri\u00e8re pens\u00e9e, tout en<br \/>\ngardant un \u0153il sur l\u2019\u00e9volution du ciel.<\/p>\n<p>Cependant, le sc\u00e9nario d\u2019un \u00e9pisode glac\u00e9 reste cr\u00e9dible et<br \/>\nm\u00e9rite une attention particuli\u00e8re. Les prochains jours permettront<br \/>\nd\u2019affiner les pr\u00e9visions et de confirmer, ou non, son arriv\u00e9e et<br \/>\nson intensit\u00e9. Inutile pour autant de s\u2019alarmer ou de tirer des<br \/>\nplans sur la com\u00e8te. Mieux vaut simplement rester pr\u00e9voyant et<br \/>\ngarder bonnet, gants et \u00e9charpe \u00e0 port\u00e9e de main, <strong>au cas o\u00f9<br \/>\nl\u2019hiver d\u00e9ciderait de reprendre la parole<\/strong>.<\/p>\n","protected":false},"excerpt":{"rendered":"Ces derniers jours, le ciel n\u2019a clairement pas fait de cadeau. Apr\u00e8s deux \u00e9pisodes de neige qui ont&hellip;\n","protected":false},"author":2,"featured_media":664215,"comment_status":"","ping_status":"","sticky":false,"template":"","format":"standard","meta":{"footnotes":""},"categories":[1888],"tags":[1111,1928,11,1927,1102,1777,674,1011,27,12,1926,626,1925,25,65861],"class_list":{"0":"post-664214","1":"post","2":"type-post","3":"status-publish","4":"format-standard","5":"has-post-thumbnail","7":"category-paris","8":"tag-actu","9":"tag-actu-paris","10":"tag-actualites","11":"tag-actualites-paris","12":"tag-breakingnews","13":"tag-eu","14":"tag-europe","15":"tag-fr","16":"tag-france","17":"tag-news","18":"tag-news-paris","19":"tag-paris","20":"tag-paris-news","21":"tag-republique-francaise","22":"tag-trend"},"share_on_mastodon":{"url":"https:\/\/pubeurope.com\/@fr\/115896468576634918","error":""},"_links":{"self":[{"href":"https:\/\/www.europesays.com\/fr\/wp-json\/wp\/v2\/posts\/664214","targetHints":{"allow":["GET"]}}],"collection":[{"href":"https:\/\/www.europesays.com\/fr\/wp-json\/wp\/v2\/posts"}],"about":[{"href":"https:\/\/www.europesays.com\/fr\/wp-json\/wp\/v2\/types\/post"}],"author":[{"embeddable":true,"href":"https:\/\/www.europesays.com\/fr\/wp-json\/wp\/v2\/users\/2"}],"replies":[{"embeddable":true,"href":"https:\/\/www.europesays.com\/fr\/wp-json\/wp\/v2\/comments?post=664214"}],"version-history":[{"count":0,"href":"https:\/\/www.europesays.com\/fr\/wp-json\/wp\/v2\/posts\/664214\/revisions"}],"wp:featuredmedia":[{"embeddable":true,"href":"https:\/\/www.europesays.com\/fr\/wp-json\/wp\/v2\/media\/664215"}],"wp:attachment":[{"href":"https:\/\/www.europesays.com\/fr\/wp-json\/wp\/v2\/media?parent=664214"}],"wp:term":[{"taxonomy":"category","embeddable":true,"href":"https:\/\/www.europesays.com\/fr\/wp-json\/wp\/v2\/categories?post=664214"},{"taxonomy":"post_tag","embeddable":true,"href":"https:\/\/www.europesays.com\/fr\/wp-json\/wp\/v2\/tags?post=664214"}],"curies":[{"name":"wp","href":"https:\/\/api.w.org\/{rel}","templated":true}]}}