{"id":664216,"date":"2026-01-15T01:15:15","date_gmt":"2026-01-15T01:15:15","guid":{"rendered":"https:\/\/www.europesays.com\/fr\/664216\/"},"modified":"2026-01-15T01:15:15","modified_gmt":"2026-01-15T01:15:15","slug":"lambitieux-shoppe-object-paris-prepare-sa-premiere-apparition-au-sein-de-wsn","status":"publish","type":"post","link":"https:\/\/www.europesays.com\/fr\/664216\/","title":{"rendered":"L\u2019ambitieux Shoppe Object Paris pr\u00e9pare sa premi\u00e8re apparition au sein de WSN"},"content":{"rendered":"<p>\n                                    <b>Publi\u00e9 le<\/b><br \/>\n                                    <\/p>\n<p>                                        15 janvier 2026<\/p>\n<p class=\"article-content col-md-8 offset-md-1\">\n                                Voil\u00e0 un salon qui fait l\u2019objet d\u2019une attention particuli\u00e8re\u2026 Apr\u00e8s un pilote d\u00e9ploy\u00e9 en septembre dernier sous le nom de Who\u2019s Next Home, Shoppe Object Paris lance sa premi\u00e8re \u00e9dition entre le 17 et le 19 janvier. Cette version parisienne du c\u00e9l\u00e8bre salon new-yorkais est organis\u00e9e par WSN et Andmore, un des acteurs majeurs des salons design et maison\u00a0aux \u00c9tats-Unis.<\/p>\n<p><img decoding=\"async\" class=\"news-image\" style=\"width:100%;max-width:683px;\" src=\"https:\/\/www.europesays.com\/fr\/wp-content\/uploads\/2026\/01\/dc5f.jpg\" alt=\"Matthieu Pinet, directeur des salons Shoppe Object Paris et Matter and Shape\" loading=\"lazy\"\/>Matthieu Pinet, directeur des salons Shoppe Object Paris et Matter and Shape &#8211; WSN<\/p>\n<p class=\"col-md-8 offset-md-1 article-content--texte\">Install\u00e9 au premier \u00e9tage du hall 7 de Paris Expo Porte de Versailles (Paris XV), le salon r\u00e9unit 80 exposants pour son bapt\u00eame de feu. Au centre d\u2019un contrat \u00e0 dur\u00e9e ind\u00e9termin\u00e9e entre les diff\u00e9rentes parties impliqu\u00e9es, il est soutenu par une vision \u00e0 long terme et une ambition d\u00e9bordante. Matthieu Pinet, directeur de Shoppe Object Paris, ne s\u2019en cache pas : \u201cOn va \u00eatre extr\u00eamement ambitieux sur ce projet, qui a vocation \u00e0 se d\u00e9velopper tr\u00e8s fortement, et un jour proche, j&rsquo;esp\u00e8re, \u00e0 occuper un hall qui lui est propre.\u201d<\/p>\n<p class=\"col-md-10 exergue\">Un casting principalement europ\u00e9en<\/p>\n<p class=\"col-md-8 offset-md-1 article-content--texte\">\u00c9v\u00e9nement semestriel pr\u00e9vu chaque mois de janvier et de septembre, le salon porte sur une multitude de cat\u00e9gories de produits, quatorze en tout, parmi lesquels figurent meubles, luminaires, vaisselle, linge de maison, beaut\u00e9 (bougies) et high tech. \u201cChasser des marques, c\u2019est notre boulot\u201d, explique Matthieu Pinet, \u00e9galement fondateur de Matter and Shape, salon annuel de WSN d\u00e9di\u00e9 \u00e0 l\u2019objet et au design. \u201cCes r\u00e9unions des industries cr\u00e9atives, c&rsquo;est ce qui rend nos m\u00e9tiers passionnants et excitants. Cela veut dire que chaque jour, c&rsquo;est une chasse aux bons produits\u201d, poursuit-il.<\/p>\n<p><img decoding=\"async\" class=\"news-image\" style=\"width:100%;max-width:726px;\" src=\"https:\/\/www.europesays.com\/fr\/wp-content\/uploads\/2026\/01\/82e4.jpg\" alt=\"Le sp\u00e9cialiste des luminaires Flos est pr\u00e9sent sur cette premi\u00e8re \u00e9dition\" loading=\"lazy\"\/>Le sp\u00e9cialiste des luminaires Flos est pr\u00e9sent sur cette premi\u00e8re \u00e9dition &#8211; Flos<\/p>\n<p class=\"col-md-8 offset-md-1 article-content--texte\">Alors pour trouver des exposants, lui et son \u00e9quipe ont ratiss\u00e9 le secteur pour r\u00e9unir 40 exposants fran\u00e7ais et 40 exposants en provenance de dix-sept autres pays, dont le Royaume-Uni, les \u00c9tats-Unis, l\u2019Espagne et l\u2019Italie. Parmi eux : le sp\u00e9cialiste des luminaires Flos, l\u2019\u00e9diteur Phaidon, le cr\u00e9ateur de vaisselle Serax, la marque de produits m\u00e9nagers Kerzon, et le sp\u00e9cialiste des enceintes Transparent.<\/p>\n<p class=\"col-md-10 exergue\">Un salon compl\u00e9mentaire avec Matter and Shape<\/p>\n<p>L\u2019\u00e9v\u00e9nement Matter and Shape, dont la version physique sous pavillon WSN a \u00e9t\u00e9 lanc\u00e9e en 2024, n\u2019a pas vocation \u00e0 dispara\u00eetre face \u00e0 Shoppe Object Paris : tous deux sont compl\u00e9mentaires. C\u2019est d\u2019ailleurs la visite du salon fran\u00e7ais qui a fini de convaincre Shoppe Object que WSN \u00e9tait le bon interlocuteur pour d\u00e9velopper sa branche fran\u00e7aise, selon Matthieu Pinet.<\/p>\n<p><img decoding=\"async\" class=\"news-image\" style=\"width:100%;max-width:645px;\" src=\"https:\/\/www.europesays.com\/fr\/wp-content\/uploads\/2026\/01\/0023.jpg\" alt=\"Quatorze typologies de produits sont pr\u00e9vues sur le salon\" loading=\"lazy\"\/>Quatorze typologies de produits sont pr\u00e9vues sur le salon &#8211; Mud Australia<\/p>\n<p class=\"col-md-8 offset-md-1 article-content--texte\">\u201cAvec Matter and Shape, il y a cette envie de sortir quelque chose que les gens n&rsquo;attendent pas\u201d, souligne le directeur des deux salons. \u201cSur Shoppe Object Paris, c&rsquo;est tr\u00e8s diff\u00e9rent. L\u2019objectif est de r\u00e9pondre \u00e0 une probl\u00e9matique d\u00e9j\u00e0 pos\u00e9e par les boutiques, sur le besoin d\u2019int\u00e9grer une nouvelle offre \u00e0 leur catalogue\u201d, explique-t-il.<\/p>\n<p class=\"col-md-10 exergue\">Apporter une nouvelle \u00e9nergie \u00e0 WSN<\/p>\n<p>WSN, par l\u2019interm\u00e9diaire de son PDG Fr\u00e9d\u00e9ric Meuss, soutient que le futur des magasins r\u00e9side dans la diversification de leur offre, et recommande une strat\u00e9gie ax\u00e9e sur le mod\u00e8le du concept store. \u201cOn accompagne une \u00e9volution du march\u00e9 qui tend vers une \u201cconcept-storisation\u201d des boutiques\u201d, illustre Matthieu Pinet. De quoi faire revenir certaines des \u201cplus belles boutiques du monde\u201d sur l\u2019\u00e9v\u00e9nement WSN, o\u00f9 la pr\u00e9sence s\u2019\u00e9tait espac\u00e9e.<\/p>\n<p><img decoding=\"async\" class=\"news-image\" style=\"width:100%;\" src=\"https:\/\/www.europesays.com\/fr\/wp-content\/uploads\/2026\/01\/b7ce.jpg\" alt=\"Shoppe Object Paris vient compl\u00e9ter Matter and Shape\" loading=\"lazy\"\/>Shoppe Object Paris vient compl\u00e9ter Matter and Shape &#8211; Zequenz<\/p>\n<p class=\"col-md-8 offset-md-1 article-content--texte\">Ainsi, WSN porte \u00e0 cinq ses salons de janvier, avec Who\u2019s Next, <a class=\"fnwAddLinks\" href=\"https:\/\/fr.fashionnetwork.com\/tags-interfiliere\" title=\"Interfili\u00e8re\" target=\"_blank\" rel=\"noopener\">Interfili\u00e8re<\/a> Paris, mais aussi <a class=\"fnwAddLinks\" href=\"https:\/\/fr.fashionnetwork.com\/tags-bijorhca\" title=\"Bijorhca\" target=\"_blank\" rel=\"noopener\">Bijorhca<\/a> et le <a class=\"fnwAddLinks\" href=\"https:\/\/fr.fashionnetwork.com\/tags-salon-international-de-la-lingerie\" title=\"Salon International de la Lingerie\" target=\"_blank\" rel=\"noopener\">Salon International de la Lingerie<\/a>, int\u00e9gr\u00e9s \u00e0 l\u2019offre en 2021 et 2023, et Shoppe Object Paris. WSN poursuit donc sa diversification en tablant sur un d\u00e9veloppement \u201cau bon rythme\u201d, selon les mots de Matthieu Pinet. L\u2019\u00e9v\u00e9nement de janvier compte pour l\u2019instant 30% d\u2019inscrits en plus par rapport \u00e0 son objectif initial. Parmi les visiteurs, WSN esp\u00e8re attirer un nouveau public avec cette offre mais aussi s\u00e9duire son visitorat habituel.\n                            <\/p>\n<p>\n                                Tous droits de reproduction et de repr\u00e9sentation r\u00e9serv\u00e9s.<br \/>\u00a9 2026 FashionNetwork.com\n                            <\/p>\n","protected":false},"excerpt":{"rendered":"Publi\u00e9 le 15 janvier 2026 Voil\u00e0 un salon qui fait l\u2019objet d\u2019une attention particuli\u00e8re\u2026 Apr\u00e8s un pilote d\u00e9ploy\u00e9&hellip;\n","protected":false},"author":2,"featured_media":664217,"comment_status":"","ping_status":"","sticky":false,"template":"","format":"standard","meta":{"footnotes":""},"categories":[1888],"tags":[1111,1928,11,1927,2424,76521,537,2423,1777,674,1011,27,26256,2425,985,12,1926,2298,626,1925,2426,2427,25,2421,76522,2422,26254],"class_list":{"0":"post-664216","1":"post","2":"type-post","3":"status-publish","4":"format-standard","5":"has-post-thumbnail","7":"category-paris","8":"tag-actu","9":"tag-actu-paris","10":"tag-actualites","11":"tag-actualites-paris","12":"tag-beaute","13":"tag-bijorhca","14":"tag-contact","15":"tag-cosmetiques","16":"tag-eu","17":"tag-europe","18":"tag-fr","19":"tag-france","20":"tag-interfiliere","21":"tag-luxe","22":"tag-mode","23":"tag-news","24":"tag-news-paris","25":"tag-parfum","26":"tag-paris","27":"tag-paris-news","28":"tag-professionnel","29":"tag-professionnels","30":"tag-republique-francaise","31":"tag-reseau","32":"tag-salon-international-de-la-lingerie","33":"tag-textile","34":"tag-whos-next"},"share_on_mastodon":{"url":"https:\/\/pubeurope.com\/@fr\/115896472380062478","error":""},"_links":{"self":[{"href":"https:\/\/www.europesays.com\/fr\/wp-json\/wp\/v2\/posts\/664216","targetHints":{"allow":["GET"]}}],"collection":[{"href":"https:\/\/www.europesays.com\/fr\/wp-json\/wp\/v2\/posts"}],"about":[{"href":"https:\/\/www.europesays.com\/fr\/wp-json\/wp\/v2\/types\/post"}],"author":[{"embeddable":true,"href":"https:\/\/www.europesays.com\/fr\/wp-json\/wp\/v2\/users\/2"}],"replies":[{"embeddable":true,"href":"https:\/\/www.europesays.com\/fr\/wp-json\/wp\/v2\/comments?post=664216"}],"version-history":[{"count":0,"href":"https:\/\/www.europesays.com\/fr\/wp-json\/wp\/v2\/posts\/664216\/revisions"}],"wp:featuredmedia":[{"embeddable":true,"href":"https:\/\/www.europesays.com\/fr\/wp-json\/wp\/v2\/media\/664217"}],"wp:attachment":[{"href":"https:\/\/www.europesays.com\/fr\/wp-json\/wp\/v2\/media?parent=664216"}],"wp:term":[{"taxonomy":"category","embeddable":true,"href":"https:\/\/www.europesays.com\/fr\/wp-json\/wp\/v2\/categories?post=664216"},{"taxonomy":"post_tag","embeddable":true,"href":"https:\/\/www.europesays.com\/fr\/wp-json\/wp\/v2\/tags?post=664216"}],"curies":[{"name":"wp","href":"https:\/\/api.w.org\/{rel}","templated":true}]}}